{"id":182982,"date":"2019-07-17T09:46:38","date_gmt":"2019-07-17T06:46:38","guid":{"rendered":"http:\/\/www.tvturk.com\/index.php\/galatasarayin-kamp-kadrosu-belli-oldu\/"},"modified":"2019-07-17T09:46:38","modified_gmt":"2019-07-17T06:46:38","slug":"galatasarayin-kamp-kadrosu-belli-oldu","status":"publish","type":"post","link":"http:\/\/www.tvturk.com\/index.php\/galatasarayin-kamp-kadrosu-belli-oldu\/","title":{"rendered":"Galatasaray\u2019\u0131n kamp kadrosu belli oldu"},"content":{"rendered":"<p>Galatasaray\u2019\u0131n 28 Temmuz\u2019a kadar yeni sezon haz\u0131rl\u0131klar\u0131n\u0131 s\u00fcrd\u00fcrece\u011fi Avusturya kamp\u0131n\u0131n kadrosu belli oldu. 26 ki\u015finin yer adl\u0131\u011f\u0131 kamp kadrosundan Muslera, Belhanda, Diagne ve Feghouli izinli olmalar\u0131 nedeniyle yer almad\u0131.<\/p>\n<p>Galatasaray\u2019da yeni sezon haz\u0131rl\u0131klar\u0131 kapsam\u0131nda yurt d\u0131\u015f\u0131 kamp\u0131 ba\u015fl\u0131yor. Sar\u0131-k\u0131r\u0131m\u0131z\u0131 tak\u0131m, bug\u00fcn kamp yapaca\u011f\u0131 Avusturya\u2019ya gidecek ve 28 Temmuz Pazar g\u00fcn\u00fcne kadar \u00e7al\u0131mlar\u0131n\u0131 Tirol b\u00f6lgesinde yapacak. Sar\u0131-k\u0131rm\u0131z\u0131l\u0131 kafilenin kamp kadrosunda ise; Adem B\u00fcy\u00fck, Ahmet \u00c7al\u0131k, Ali Yavuz Kol, Atalay Babacan, Batuhan \u015een, Berk Balaban, Emre Ta\u015fdemir, Erencan Yard\u0131mc\u0131, G\u00f6kay G\u00fcney, \u0130smail \u00c7ipe, James Ozornwafor, Jimmy Durmaz, Marcos Teixeira, Mariano Ferreira, Metehan Mert\u00f6z, Mirza Cihan, Mustafa Kap\u0131, Sel\u00e7uk \u0130nan, \u015eener \u00d6zbayrakl\u0131, Yunus Akg\u00fcn, Yuto Nagatomo yer ald\u0131. \u00d6te yandan Konstantinos Mitroglou, Martin Linnes, \u00d6mer Bayram, Ryan Babel ve Ryan Donk\u2019un kafileye yurt d\u0131\u015f\u0131nda dahil olaca\u011f\u0131 belirtildi.<\/p>\n<p>Milli tak\u0131m kamplar\u0131 i\u00e7in uluslararas\u0131 turnuvalarda m\u00fccadele eden Fernando Muslera ve Younes Belhanda izinli olmalar\u0131, Mbaye Diagne ve Sofiane Feghouli ise 2019 Afrika Uluslar Kupas\u0131 finalinde m\u00fccadele edecek olmalar\u0131ndan dolay\u0131 kamp kadrosunda yer almad\u0131.<\/p>\n<p>Aslan Avusturya\u2019da 2 s\u0131nava \u00e7\u0131kacak<\/p>\n<p>Teknik Direkt\u00f6r Fatih Terim ve \u00f6\u011frencileri Avusturya kamp\u0131nda iki haz\u0131rl\u0131k ma\u00e7\u0131 yapacak. Cimbom, \u0130nnsbruck kentinde bulunan Tivoli-Neu Stad\u0131\u2019nda 19 Temmuz Cuma saat 19.00\u2019da (TS\u0130) RB Leipzig ve 25 Temmuz Per\u015fembe g\u00fcn\u00fc ise saat 20.00\u2019de (TS\u0130)  Augsburg ile m\u00fccadele edecek.<\/p>\n","protected":false},"excerpt":{"rendered":"<p>GALATASARAY\u2019IN 28 TEMMUZ\u2019A KADAR YEN\u0130 SEZON HAZIRLIKLARINI S\u00dcRD\u00dcRECE\u011e\u0130 AVUSTURYA KAMPININ KADROSU BELL\u0130 OLDU.<\/p>\n","protected":false},"author":1,"featured_media":182983,"comment_status":"closed","ping_status":"open","sticky":false,"template":"","format":"standard","meta":{"jetpack_post_was_ever_published":false,"_jetpack_newsletter_access":"","_jetpack_dont_email_post_to_subs":false,"_jetpack_newsletter_tier_id":0,"_jetpack_memberships_contains_paywalled_content":false,"_jetpack_memberships_contains_paid_content":false,"footnotes":"","jetpack_publicize_message":"","jetpack_publicize_feature_enabled":true,"jetpack_social_post_already_shared":true,"jetpack_social_options":{"image_generator_settings":{"template":"highway","default_image_id":0,"font":"","enabled":false},"version":2}},"categories":[657],"tags":[612,17835,20283,1101,77],"class_list":["post-182982","post","type-post","status-publish","format-standard","has-post-thumbnail","hentry","category-spor","tag-belli","tag-galatasarayin","tag-kadrosu","tag-kamp","tag-oldu"],"jetpack_publicize_connections":[],"jetpack_featured_media_url":"https:\/\/i0.wp.com\/www.tvturk.com\/wp-content\/uploads\/2019\/07\/galatasarayin-kamp-kadrosu-belli-oldu_ca3559e.jpg?fit=1000%2C647","jetpack_sharing_enabled":true,"jetpack_shortlink":"https:\/\/wp.me\/paKIfm-LBk","_links":{"self":[{"href":"http:\/\/www.tvturk.com\/index.php\/wp-json\/wp\/v2\/posts\/182982","targetHints":{"allow":["GET"]}}],"collection":[{"href":"http:\/\/www.tvturk.com\/index.php\/wp-json\/wp\/v2\/posts"}],"about":[{"href":"http:\/\/www.tvturk.com\/index.php\/wp-json\/wp\/v2\/types\/post"}],"author":[{"embeddable":true,"href":"http:\/\/www.tvturk.com\/index.php\/wp-json\/wp\/v2\/users\/1"}],"replies":[{"embeddable":true,"href":"http:\/\/www.tvturk.com\/index.php\/wp-json\/wp\/v2\/comments?post=182982"}],"version-history":[{"count":0,"href":"http:\/\/www.tvturk.com\/index.php\/wp-json\/wp\/v2\/posts\/182982\/revisions"}],"wp:featuredmedia":[{"embeddable":true,"href":"http:\/\/www.tvturk.com\/index.php\/wp-json\/wp\/v2\/media\/182983"}],"wp:attachment":[{"href":"http:\/\/www.tvturk.com\/index.php\/wp-json\/wp\/v2\/media?parent=182982"}],"wp:term":[{"taxonomy":"category","embeddable":true,"href":"http:\/\/www.tvturk.com\/index.php\/wp-json\/wp\/v2\/categories?post=182982"},{"taxonomy":"post_tag","embeddable":true,"href":"http:\/\/www.tvturk.com\/index.php\/wp-json\/wp\/v2\/tags?post=182982"}],"curies":[{"name":"wp","href":"https:\/\/api.w.org\/{rel}","templated":true}]}}