{"id":182998,"date":"2019-07-17T10:01:56","date_gmt":"2019-07-17T07:01:56","guid":{"rendered":"http:\/\/www.tvturk.com\/index.php\/yaban-hayati-fotokapanda\/"},"modified":"2019-07-17T10:01:56","modified_gmt":"2019-07-17T07:01:56","slug":"yaban-hayati-fotokapanda","status":"publish","type":"post","link":"http:\/\/www.tvturk.com\/index.php\/yaban-hayati-fotokapanda\/","title":{"rendered":"Yaban hayat\u0131 fotokapanda"},"content":{"rendered":"<p>Tekirda\u011f\u2019da yaban hayat\u0131 fotokapanlara yans\u0131yarak tespit ediliyor. Yap\u0131lan ba\u015far\u0131l\u0131 \u00e7al\u0131\u015fmalarda yaban hayvanlar\u0131n\u0131n pop\u00fclasyonlar\u0131nda bir art\u0131\u015f oldu\u011funu g\u00f6zlemledi.<\/p>\n<p>Do\u011fa Koruma ve Milli Parklar Genel M\u00fcd\u00fcrl\u00fc\u011f\u00fc teknik ekiplerince Tekirda\u011f, K\u0131rklareli ve Edirne illerinde av koruma ve kontrol \u00e7al\u0131\u015fmalar\u0131 ile biyolojik \u00e7e\u015fitlilik takibi, biyolojik ka\u00e7ak\u00e7\u0131l\u0131k \u00f6nleme \u00e7al\u0131\u015fmalar\u0131 kapsam\u0131nda \u00e7al\u0131\u015fmalar devam ediyor.<\/p>\n<p>Do\u011fa Koruma ve Milli Parklar Genel M\u00fcd\u00fcrl\u00fc\u011f\u00fc teknik ekipleri yaban hayat\u0131n\u0131 izleme \u00e7al\u0131\u015fmalar\u0131 kapsam\u0131nda il\u00e7elerin tamam\u0131nda, karaca, kurt, tilki, porsuk, \u00e7akal, sansar, \u015fah kartal, siyah leylek vb. yaban hayvanlar\u0131n\u0131n varl\u0131\u011f\u0131n\u0131 ve \u00fcremelerini tespit ederek, s\u00f6z konusu yaban hayvanlar\u0131n\u0131n pop\u00fclasyonlar\u0131nda bir art\u0131\u015f oldu\u011funu g\u00f6zlemledi.<\/p>\n<p>\u00c7al\u0131\u015fmalar ba\u015far\u0131l\u0131 \u015fekilde devam ediyor<\/p>\n<p>Tekirda\u011f Do\u011fa Koruma ve Milli Parklar \u0130l \u015eube M\u00fcd\u00fcrl\u00fc\u011f\u00fcnce yap\u0131lan a\u00e7\u0131klamada, \u201cYaban hayvanlar\u0131n\u0131n ka\u00e7ak avc\u0131l\u0131\u011f\u0131, y\u0131rt\u0131c\u0131 bask\u0131s\u0131 ve k\u0131rsal ya\u015fam\u0131n yaban hayat\u0131 \u00fczerindeki etkilerinin minimuma indirilmesi ve \u00f6nlenmesi ile ilgili yap\u0131lan \u00e7al\u0131\u015fmalar\u0131n olumlu etkilerinin g\u00f6zlenmesi, Do\u011fa Koruma ve Milli Parklar Genel M\u00fcd\u00fcrl\u00fc\u011f\u00fcn\u00fcn koruma faaliyetlerinin \u00f6zverili \u00e7al\u0131\u015fmalar\u0131n\u0131n neticesi ve \u00f6d\u00fcl\u00fcd\u00fcr\u201d denildi.<\/p>\n","protected":false},"excerpt":{"rendered":"<p>TEK\u0130RDA\u011e\u2019DA YABAN HAYATI FOTOKAPANLARA YANSIYARAK TESP\u0130T ED\u0130L\u0130YOR. YAPILAN BA\u015eARILI \u00c7ALI\u015eMALARDA YABAN HAYVANLARININ POP\u00dcLASYONLARINDA B\u0130R ARTI\u015e OLDU\u011eUNU G\u00d6ZLEMLED\u0130.<\/p>\n","protected":false},"author":1,"featured_media":182999,"comment_status":"closed","ping_status":"open","sticky":false,"template":"","format":"standard","meta":{"jetpack_post_was_ever_published":false,"_jetpack_newsletter_access":"","_jetpack_dont_email_post_to_subs":false,"_jetpack_newsletter_tier_id":0,"_jetpack_memberships_contains_paywalled_content":false,"_jetpack_memberships_contains_paid_content":false,"footnotes":"","jetpack_publicize_message":"","jetpack_publicize_feature_enabled":true,"jetpack_social_post_already_shared":true,"jetpack_social_options":{"image_generator_settings":{"template":"highway","default_image_id":0,"font":"","enabled":false},"version":2}},"categories":[1],"tags":[37371,991,4096],"class_list":["post-182998","post","type-post","status-publish","format-standard","has-post-thumbnail","hentry","category-genel","tag-fotokapanda","tag-hayati","tag-yaban"],"jetpack_publicize_connections":[],"jetpack_featured_media_url":"https:\/\/i0.wp.com\/www.tvturk.com\/wp-content\/uploads\/2019\/07\/yaban-hayati-fotokapanda_aaed513.jpg?fit=1000%2C676","jetpack_sharing_enabled":true,"jetpack_shortlink":"https:\/\/wp.me\/paKIfm-LBA","_links":{"self":[{"href":"http:\/\/www.tvturk.com\/index.php\/wp-json\/wp\/v2\/posts\/182998","targetHints":{"allow":["GET"]}}],"collection":[{"href":"http:\/\/www.tvturk.com\/index.php\/wp-json\/wp\/v2\/posts"}],"about":[{"href":"http:\/\/www.tvturk.com\/index.php\/wp-json\/wp\/v2\/types\/post"}],"author":[{"embeddable":true,"href":"http:\/\/www.tvturk.com\/index.php\/wp-json\/wp\/v2\/users\/1"}],"replies":[{"embeddable":true,"href":"http:\/\/www.tvturk.com\/index.php\/wp-json\/wp\/v2\/comments?post=182998"}],"version-history":[{"count":0,"href":"http:\/\/www.tvturk.com\/index.php\/wp-json\/wp\/v2\/posts\/182998\/revisions"}],"wp:featuredmedia":[{"embeddable":true,"href":"http:\/\/www.tvturk.com\/index.php\/wp-json\/wp\/v2\/media\/182999"}],"wp:attachment":[{"href":"http:\/\/www.tvturk.com\/index.php\/wp-json\/wp\/v2\/media?parent=182998"}],"wp:term":[{"taxonomy":"category","embeddable":true,"href":"http:\/\/www.tvturk.com\/index.php\/wp-json\/wp\/v2\/categories?post=182998"},{"taxonomy":"post_tag","embeddable":true,"href":"http:\/\/www.tvturk.com\/index.php\/wp-json\/wp\/v2\/tags?post=182998"}],"curies":[{"name":"wp","href":"https:\/\/api.w.org\/{rel}","templated":true}]}}