{"id":183024,"date":"2019-07-17T10:46:36","date_gmt":"2019-07-17T07:46:36","guid":{"rendered":"http:\/\/www.tvturk.com\/index.php\/baskan-akgun-atamizin-evini-buyukcekmecede-insa-edecegiz\/"},"modified":"2019-07-17T10:46:36","modified_gmt":"2019-07-17T07:46:36","slug":"baskan-akgun-atamizin-evini-buyukcekmecede-insa-edecegiz","status":"publish","type":"post","link":"http:\/\/www.tvturk.com\/index.php\/baskan-akgun-atamizin-evini-buyukcekmecede-insa-edecegiz\/","title":{"rendered":"Ba\u015fkan Akg\u00fcn, &#8220;Atam\u0131z\u0131n evini B\u00fcy\u00fck\u00e7ekmece\u2019de in\u015fa edece\u011fiz&#8221;"},"content":{"rendered":"<p>T\u00fcrkiye Cumhuriyeti\u2019nin kurucusu Gazi Mustafa Kemal Atat\u00fcrk\u2019\u00fcn an\u0131s\u0131n\u0131 B\u00fcy\u00fck\u00e7ekmece\u2019de ya\u015fatmak ad\u0131na bir ad\u0131m atan Belediye Ba\u015fkan\u0131 Dr. Hasan Akg\u00fcn, B\u00fcy\u00fck\u00e7ekmece\u2019ye Atat\u00fcrk Evi in\u015fa ediyor.<\/p>\n<p>Atat\u00fcrk\u2019\u00fcn an\u0131s\u0131n\u0131 ya\u015fatmak i\u00e7in kollar\u0131n\u0131 s\u0131vayan Ba\u015fkan Akg\u00fcn, B\u00fcy\u00fck Atat\u00fcrk Park\u0131\u2019na Mustafa Kemal Atat\u00fcrk\u2019\u00fcn 1881 y\u0131l\u0131nda d\u00fcnyaya geldi\u011fi Selanik Atat\u00fcrk Evi\u2019nin bir benzerini in\u015fa edecek.<\/p>\n<p>\u00c7ok \u00f6zel ve farkl\u0131 bir proje<\/p>\n<p>Yapt\u0131\u011f\u0131 geziler s\u0131ras\u0131nda s\u0131k s\u0131k Atat\u00fcrk\u2019\u00fcn d\u00fcnyaya geldi\u011fi evi ziyaret eden ve evin bir benzerini B\u00fcy\u00fck\u00e7ekmece\u2019ye in\u015fa etmek isteyen Akg\u00fcn, t\u00fcm vatanda\u015flar\u0131n birebir benzeri olan evi ziyaret edebilmesini sa\u011flayacak. B\u00fcy\u00fck Atat\u00fcrk Park\u0131\u2019n\u0131n giri\u015flerinden biri olan ve yap\u0131m \u00e7al\u0131\u015fmalar\u0131 devam eden Atat\u00fcrk Evi, toplamda 2 bin 100 metrekare sert zemin i\u00e7erisinde in\u015fa edilecek. Selanik Giri\u015fi ve Atat\u00fcrk Evi projeleri geni\u015f bir ye\u015fil alan i\u00e7erisinde yer al\u0131yor. Do\u011fayla i\u00e7 i\u00e7e bir alan olu\u015fturacak olan B\u00fcy\u00fck\u00e7ekmece Belediyesi ekipleri, gezi yollar\u0131, oturma ve dinlenme alanlar\u0131 ve yap\u0131lacak b\u00fcy\u00fck meydan sayesinde huzur ve konforun keyfini \u00e7\u0131karacak. Selanik Giri\u015fi\u2019ni biyolojik bir g\u00f6let ve s\u00fcs havuzlar\u0131 da s\u00fcsleyecek.<\/p>\n<p>En anlaml\u0131 meydan \u00e7al\u0131\u015fmalar\u0131ndan biri olacak<\/p>\n<p>Selanik Giri\u015fi i\u00e7erisinde yer alacak meydan \u00e7al\u0131\u015fmas\u0131nda Atat\u00fcrk Evi\u2019nin \u00f6n\u00fcnde Mustafa Kemal Atat\u00fcrk\u2019\u00fcn heykeli konumland\u0131r\u0131lacak. Ba\u015fkan Akg\u00fcn\u2019\u00fcn imza att\u0131\u011f\u0131 anlaml\u0131 proje sayesinde Selanik Giri\u015fi ve Atat\u00fcrk Evi\u2019ni ziyaret eden B\u00fcy\u00fck\u00e7ekmeceliler, tarihle i\u00e7 i\u00e7e olabilecek. Kolay ula\u015f\u0131m ve konfor i\u00e7in her ayr\u0131nt\u0131n\u0131n d\u00fc\u015f\u00fcn\u00fcld\u00fc\u011f\u00fc proje kapsam\u0131nda bir de otopark alan\u0131 da in\u015fa edilecek.<\/p>\n<p>&#8220;Atat\u00fcrk\u2019\u00fcn ad\u0131n\u0131 ve an\u0131s\u0131n\u0131 ya\u015fat\u0131yoruz&#8221;<\/p>\n<p>Ge\u00e7ti\u011fimiz g\u00fcnlerde Gazi Mustafa Kemal Atat\u00fcrk\u2019\u00fcn do\u011fdu\u011fu, b\u00fcy\u00fcd\u00fc\u011f\u00fc topraklar\u0131 ve evini ziyaret eden Ba\u015fkan Akg\u00fcn, evin bir benzerinin B\u00fcy\u00fck\u00e7ekmece\u2019de yap\u0131lacak olmas\u0131n\u0131n kendisi ve t\u00fcm B\u00fcy\u00fck\u00e7ekmeceliler i\u00e7in bir gurur kayna\u011f\u0131 oldu\u011funu vurgulam\u0131\u015ft\u0131. Akg\u00fcn; &#8220;Her y\u00fczy\u0131lda bir dahi do\u011far, 20. Y\u00fczy\u0131l\u0131n dahisi Mustafa Kemal Atat\u00fcrk\u2019t\u00fcr. Atat\u00fcrk\u2019\u00fcn ad\u0131n\u0131 ve an\u0131s\u0131n\u0131, \u015fimdiye kadar yapt\u0131\u011f\u0131m\u0131z pek \u00e7ok projede ya\u015fatt\u0131k. Selanik Giri\u015fi ve Atat\u00fcrk Evi projesiyle Atat\u00fcrk\u2019\u00fcn d\u00fcnyaya geldi\u011fi evin bir benzeri in\u015fa edilecek. Olu\u015fturaca\u011f\u0131m\u0131z tarihi doku sayesinde B\u00fcy\u00fck\u00e7ekmeceliler farkl\u0131 ve bamba\u015fka bir atmosfer i\u00e7erisinde bulunabilecek. Anlaml\u0131 \u00e7al\u0131\u015fman\u0131n \u015fimdiden \u00fclkemize hay\u0131rl\u0131 olmas\u0131n\u0131 diliyorum&#8221; \u015feklinde konu\u015ftu.<\/p>\n","protected":false},"excerpt":{"rendered":"<p>B\u00dcY\u00dcK\u00c7EKMECE BELED\u0130YES\u0130, B\u00dcY\u00dcK ATAT\u00dcRK PARKI\u2019NA MUSTAFA KEMAL ATAT\u00dcRK\u2019\u00dcN 1881 YILINDA D\u00dcNYAYA GELD\u0130\u011e\u0130 SELAN\u0130K ATAT\u00dcRK EV\u0130\u2019N\u0130N B\u0130R BENZER\u0130N\u0130 \u0130N\u015eA EDECEK.<\/p>\n","protected":false},"author":1,"featured_media":183025,"comment_status":"closed","ping_status":"open","sticky":false,"template":"","format":"standard","meta":{"jetpack_post_was_ever_published":false,"_jetpack_newsletter_access":"","_jetpack_dont_email_post_to_subs":false,"_jetpack_newsletter_tier_id":0,"_jetpack_memberships_contains_paywalled_content":false,"_jetpack_memberships_contains_paid_content":false,"footnotes":"","jetpack_publicize_message":"","jetpack_publicize_feature_enabled":true,"jetpack_social_post_already_shared":true,"jetpack_social_options":{"image_generator_settings":{"template":"highway","default_image_id":0,"font":"","enabled":false},"version":2}},"categories":[1],"tags":[45200,21165,100,5881,4901,20422,3148],"class_list":["post-183024","post","type-post","status-publish","format-standard","has-post-thumbnail","hentry","category-genel","tag-atamizin","tag-akgun","tag-baskan","tag-buyukcekmecede","tag-edecegiz","tag-evini","tag-insa"],"jetpack_publicize_connections":[],"jetpack_featured_media_url":"https:\/\/i0.wp.com\/www.tvturk.com\/wp-content\/uploads\/2019\/07\/baskan-akgun-atamizin-evini-buyukcekmecede-insa-edecegiz_4fc1ab6.jpg?fit=1000%2C611","jetpack_sharing_enabled":true,"jetpack_shortlink":"https:\/\/wp.me\/paKIfm-LC0","_links":{"self":[{"href":"http:\/\/www.tvturk.com\/index.php\/wp-json\/wp\/v2\/posts\/183024","targetHints":{"allow":["GET"]}}],"collection":[{"href":"http:\/\/www.tvturk.com\/index.php\/wp-json\/wp\/v2\/posts"}],"about":[{"href":"http:\/\/www.tvturk.com\/index.php\/wp-json\/wp\/v2\/types\/post"}],"author":[{"embeddable":true,"href":"http:\/\/www.tvturk.com\/index.php\/wp-json\/wp\/v2\/users\/1"}],"replies":[{"embeddable":true,"href":"http:\/\/www.tvturk.com\/index.php\/wp-json\/wp\/v2\/comments?post=183024"}],"version-history":[{"count":0,"href":"http:\/\/www.tvturk.com\/index.php\/wp-json\/wp\/v2\/posts\/183024\/revisions"}],"wp:featuredmedia":[{"embeddable":true,"href":"http:\/\/www.tvturk.com\/index.php\/wp-json\/wp\/v2\/media\/183025"}],"wp:attachment":[{"href":"http:\/\/www.tvturk.com\/index.php\/wp-json\/wp\/v2\/media?parent=183024"}],"wp:term":[{"taxonomy":"category","embeddable":true,"href":"http:\/\/www.tvturk.com\/index.php\/wp-json\/wp\/v2\/categories?post=183024"},{"taxonomy":"post_tag","embeddable":true,"href":"http:\/\/www.tvturk.com\/index.php\/wp-json\/wp\/v2\/tags?post=183024"}],"curies":[{"name":"wp","href":"https:\/\/api.w.org\/{rel}","templated":true}]}}