{"id":183054,"date":"2019-07-17T11:16:59","date_gmt":"2019-07-17T08:16:59","guid":{"rendered":"http:\/\/www.tvturk.com\/index.php\/salihli-belediyespor-ligden-cekildi\/"},"modified":"2019-07-17T11:16:59","modified_gmt":"2019-07-17T08:16:59","slug":"salihli-belediyespor-ligden-cekildi","status":"publish","type":"post","link":"http:\/\/www.tvturk.com\/index.php\/salihli-belediyespor-ligden-cekildi\/","title":{"rendered":"Salihli Belediyespor ligden \u00e7ekildi"},"content":{"rendered":"<p>Spor Toto B\u00f6lgesel Amat\u00f6r Lig ekiplerinden Salihli Belediyespor, kul\u00fcp y\u00f6netim kurulunun ald\u0131\u011f\u0131 karar \u00e7er\u00e7evesinde ligden \u00e7ekildi\u011fini a\u00e7\u0131klad\u0131.<\/p>\n<p>Kul\u00fcpten yap\u0131lan yaz\u0131l\u0131 a\u00e7\u0131klamada, &#8220;Salihli Belediyespor Kul\u00fcb\u00fc Derne\u011fi Y\u00f6netim Kurulu olarak ald\u0131\u011f\u0131m\u0131z karar sonucunda bu a\u00e7\u0131klamay\u0131 yapma zorunlulu\u011fu do\u011fmu\u015ftur. Buna g\u00f6re, \u00fclkemizin ve kul\u00fcb\u00fcm\u00fcz\u00fcn de i\u00e7inde bulundu\u011fu ekonomik s\u0131k\u0131nt\u0131lar nedeniyle 2019-2020 Futbol B\u00f6lgesel Amat\u00f6r Ligine yar\u0131\u015fmac\u0131 tak\u0131m olarak kat\u0131lmama karar\u0131 al\u0131nm\u0131\u015ft\u0131r. Bu karar\u0131 almadan \u00f6nce kul\u00fcb\u00fcm\u00fcz\u00fcn menfaatleri do\u011frultusunda bir\u00e7ok ki\u015fi, kurum ve kurulu\u015flar ile g\u00f6r\u00fc\u015f\u00fclm\u00fc\u015f ancak olumlu bir sonu\u00e7 al\u0131namam\u0131\u015ft\u0131r. Bunun neticesinde de b\u00f6yle bir karar alma zorunlulu\u011fu do\u011fmu\u015ftur. Bundan sonraki s\u00fcre\u00e7te, Salihli Belediyespor Kul\u00fcb\u00fc olarak alt yap\u0131 \u00e7al\u0131\u015fmalar\u0131na \u00f6nem verip Salihlimizdeki t\u00fcm yetenekli \u00e7ocuk ve gen\u00e7lerimizi spora te\u015fvik etmeyi ve T\u00fcrk sporuna kazand\u0131rmay\u0131 hedeflemekteyiz. Salihli Belediyespor Kul\u00fcb\u00fc Derne\u011fi Y\u00f6netim Kurulu olarak t\u00fcm bran\u015flardaki alt yap\u0131 \u00e7al\u0131\u015fmalar\u0131na devam edece\u011fimizi beyan eder, ald\u0131\u011f\u0131m\u0131z karar\u0131n hay\u0131rl\u0131 olmas\u0131n\u0131 dileriz. Kamuoyuna sayg\u0131yla duyurulur&#8221; s\u00f6zlerine yer verildi.<\/p>\n<p>\u00d6te yandan Salihli Belediyespor 2017-18 sezonunda oynanan play-out ma\u00e7\u0131 sonras\u0131 ad\u0131n\u0131 B\u00f6lgesel Lige yazd\u0131rm\u0131\u015f ve ge\u00e7ti\u011fimiz sezon da Spor Toto B\u00f6lgesel Amat\u00f6r Lig 8. Grupta m\u00fccadele etmi\u015fti.<\/p>\n","protected":false},"excerpt":{"rendered":"<p>SPOR TOTO B\u00d6LGESEL AMAT\u00d6R L\u0130G EK\u0130PLER\u0130NDEN SAL\u0130HL\u0130 BELED\u0130YESPOR, KUL\u00dcP Y\u00d6NET\u0130M KURULUNUN ALDI\u011eI KARAR \u00c7ER\u00c7EVES\u0130NDE L\u0130GDEN \u00c7EK\u0130LD\u0130\u011e\u0130N\u0130 A\u00c7IKLADI.<\/p>\n","protected":false},"author":1,"featured_media":183055,"comment_status":"closed","ping_status":"open","sticky":false,"template":"","format":"standard","meta":{"jetpack_post_was_ever_published":false,"_jetpack_newsletter_access":"","_jetpack_dont_email_post_to_subs":false,"_jetpack_newsletter_tier_id":0,"_jetpack_memberships_contains_paywalled_content":false,"_jetpack_memberships_contains_paid_content":false,"footnotes":"","jetpack_publicize_message":"","jetpack_publicize_feature_enabled":true,"jetpack_social_post_already_shared":true,"jetpack_social_options":{"image_generator_settings":{"template":"highway","default_image_id":0,"font":"","enabled":false},"version":2}},"categories":[657],"tags":[2556,445,39036,1305],"class_list":["post-183054","post","type-post","status-publish","format-standard","has-post-thumbnail","hentry","category-spor","tag-belediyespor","tag-cekildi","tag-ligden","tag-salihli"],"jetpack_publicize_connections":[],"jetpack_featured_media_url":"https:\/\/i0.wp.com\/www.tvturk.com\/wp-content\/uploads\/2019\/07\/salihli-belediyespor-ligden-cekildi_6263f34.jpg?fit=1000%2C671","jetpack_sharing_enabled":true,"jetpack_shortlink":"https:\/\/wp.me\/paKIfm-LCu","_links":{"self":[{"href":"http:\/\/www.tvturk.com\/index.php\/wp-json\/wp\/v2\/posts\/183054","targetHints":{"allow":["GET"]}}],"collection":[{"href":"http:\/\/www.tvturk.com\/index.php\/wp-json\/wp\/v2\/posts"}],"about":[{"href":"http:\/\/www.tvturk.com\/index.php\/wp-json\/wp\/v2\/types\/post"}],"author":[{"embeddable":true,"href":"http:\/\/www.tvturk.com\/index.php\/wp-json\/wp\/v2\/users\/1"}],"replies":[{"embeddable":true,"href":"http:\/\/www.tvturk.com\/index.php\/wp-json\/wp\/v2\/comments?post=183054"}],"version-history":[{"count":0,"href":"http:\/\/www.tvturk.com\/index.php\/wp-json\/wp\/v2\/posts\/183054\/revisions"}],"wp:featuredmedia":[{"embeddable":true,"href":"http:\/\/www.tvturk.com\/index.php\/wp-json\/wp\/v2\/media\/183055"}],"wp:attachment":[{"href":"http:\/\/www.tvturk.com\/index.php\/wp-json\/wp\/v2\/media?parent=183054"}],"wp:term":[{"taxonomy":"category","embeddable":true,"href":"http:\/\/www.tvturk.com\/index.php\/wp-json\/wp\/v2\/categories?post=183054"},{"taxonomy":"post_tag","embeddable":true,"href":"http:\/\/www.tvturk.com\/index.php\/wp-json\/wp\/v2\/tags?post=183054"}],"curies":[{"name":"wp","href":"https:\/\/api.w.org\/{rel}","templated":true}]}}