{"id":183080,"date":"2019-07-17T11:46:32","date_gmt":"2019-07-17T08:46:32","guid":{"rendered":"http:\/\/www.tvturk.com\/index.php\/belediye-degistirdi-valilik-soktu-eski-tabela-yeniden-yerlestirildi\/"},"modified":"2019-07-17T11:46:32","modified_gmt":"2019-07-17T08:46:32","slug":"belediye-degistirdi-valilik-soktu-eski-tabela-yeniden-yerlestirildi","status":"publish","type":"post","link":"http:\/\/www.tvturk.com\/index.php\/belediye-degistirdi-valilik-soktu-eski-tabela-yeniden-yerlestirildi\/","title":{"rendered":"Belediye de\u011fi\u015ftirdi, valilik s\u00f6kt\u00fc, eski tabela yeniden yerle\u015ftirildi"},"content":{"rendered":"<p>HDP\u2019li Diyarbak\u0131r B\u00fcy\u00fck\u015fehir Belediyesi, Silvan yolu \u00fczerinde bulunan caddenin \u0130yaz bin Ganem olan ismini, daha \u00f6nce ter\u00f6r su\u00e7undan ceza alan doktorun ismi ile de\u011fi\u015ftirme karar\u0131 valilik taraf\u0131ndan reddedilmesine ra\u011fmen gece saatlerinde de\u011fi\u015ftirdi. Valilik taraf\u0131ndan s\u00f6k\u00fclen tabela, \u0130yaz bin Ganem ismi ile yeniden tak\u0131ld\u0131.<\/p>\n<p>\u0130\u00e7i\u015fleri Bakanl\u0131\u011f\u0131\u2019nca kayyum atand\u0131\u011f\u0131 d\u00f6nemde, Sur il\u00e7esinde a\u00e7\u0131lan bir caddeye \u0130slam ordular\u0131 komutan\u0131 \u0130yaz bin Ganem\u2019in ad\u0131 verildi. Yerel se\u00e7imlerin ard\u0131ndan belediye y\u00f6netimi HDP\u2019li ba\u015fkana ge\u00e7ti. HDP\u2019li belediye y\u00f6netimince 19 Haziran\u2019da al\u0131nan meclis karar\u0131 ile \u0130yaz bin Ganem\u2019in isminin verildi\u011fi caddenin ad\u0131n\u0131n de\u011fi\u015ftirilmesi kararla\u015ft\u0131r\u0131ld\u0131. Caddeye, 5 y\u0131l \u00f6nce hayat\u0131n\u0131 kaybeden ve ter\u00f6r \u00f6rg\u00fct\u00fcne yard\u0131m ve yatakl\u0131k etmek su\u00e7undan 3 y\u0131l 9 ay hapis cezas\u0131 alan doktor \u0130lhan Diken\u2019in ad\u0131n\u0131n verilmesi kararla\u015ft\u0131r\u0131ld\u0131.<\/p>\n<p>Diyarbak\u0131r Valili\u011fi\u2019nce yap\u0131lan tahkikat sonucunda, meclis karar\u0131n\u0131n mevzuat h\u00fck\u00fcmlerine ayk\u0131r\u0131 oldu\u011fu, Diyarbak\u0131r\u2019\u0131n \u0130slam ile \u015fereflenmesine vesile olan komutan\u0131n ad\u0131n\u0131n verildi\u011fi caddenin ismi de\u011fi\u015ftirilerek PKK\/KCK ter\u00f6r \u00f6rg\u00fct\u00fcne yard\u0131m ve yatakl\u0131k yapmak su\u00e7undan hapis cezas\u0131 alm\u0131\u015f bir \u015fahs\u0131n ad\u0131n\u0131n verilmesinin kamu vicdan\u0131n\u0131 yaralayacak nitelikte karar oldu\u011fundan karar reddedildi.<\/p>\n<p>Valili\u011fin isim de\u011fi\u015fikli\u011fini reddetme karar\u0131na ra\u011fmen belediye ekipleri, d\u00fcn gece saatlerinde \u0130yaz bin Ganem olan caddenin ismini Dr. \u0130lhan Diken olarak de\u011fi\u015ftirip tabelay\u0131 ast\u0131. D\u00fcn gece belediye ekipleri taraf\u0131ndan as\u0131lan tabela, sabah saatlerinde valilik ekipleri taraf\u0131ndan yerinden s\u00f6k\u00fcld\u00fc.<\/p>\n<p>Valilik taraf\u0131ndan tabelan\u0131n s\u00f6k\u00fclmesinin ard\u0131ndan caddeye, \u0130yaz bin Ganem isminin yaz\u0131ld\u0131\u011f\u0131 yeni tabela tekrar as\u0131ld\u0131. Tabela ile birlikte \u00e7evredeki elektrik direklerine de \u0130yaz bin Ganem Caddesi isimli k\u00fc\u00e7\u00fck tabelalar yerle\u015ftirildi.<\/p>\n","protected":false},"excerpt":{"rendered":"<p>HDP&#8217;L\u0130 D\u0130YARBAKIR B\u00dcY\u00dcK\u015eEH\u0130R BELED\u0130YES\u0130, S\u0130LVAN YOLU \u00dcZER\u0130NDE BULUNAN CADDEN\u0130N \u0130YAZ B\u0130N GANEM OLAN \u0130SM\u0130N\u0130, DAHA \u00d6NCE TER\u00d6R SU\u00c7UNDAN CEZA ALAN DOKTORUN \u0130SM\u0130 \u0130LE DE\u011e\u0130\u015eT\u0130RME KARARI VAL\u0130L\u0130K TARAFINDAN REDDED\u0130LMES\u0130NE RA\u011eMEN GECE SAATLER\u0130NDE DE\u011e\u0130\u015eT\u0130RD\u0130. VAL\u0130L\u0130K TARAFINDAN S\u00d6K\u00dcLEN TABELA, \u0130YAZ B\u0130N GANEM \u0130SM\u0130 \u0130LE YEN\u0130DEN TAKILDI.<\/p>\n","protected":false},"author":1,"featured_media":183081,"comment_status":"closed","ping_status":"open","sticky":false,"template":"","format":"standard","meta":{"jetpack_post_was_ever_published":false,"_jetpack_newsletter_access":"","_jetpack_dont_email_post_to_subs":false,"_jetpack_newsletter_tier_id":0,"_jetpack_memberships_contains_paywalled_content":false,"_jetpack_memberships_contains_paid_content":false,"footnotes":"","jetpack_publicize_message":"","jetpack_publicize_feature_enabled":true,"jetpack_social_post_already_shared":true,"jetpack_social_options":{"image_generator_settings":{"template":"highway","default_image_id":0,"font":"","enabled":false},"version":2}},"categories":[1],"tags":[134,1409,1123,14958,13365,38002,720,25956],"class_list":["post-183080","post","type-post","status-publish","format-standard","has-post-thumbnail","hentry","category-genel","tag-belediye","tag-degistirdi","tag-eski","tag-soktu","tag-tabela","tag-valilik","tag-yeniden","tag-yerlestirildi"],"jetpack_publicize_connections":[],"jetpack_featured_media_url":"https:\/\/i0.wp.com\/www.tvturk.com\/wp-content\/uploads\/2019\/07\/belediye-degistirdi-valilik-soktu-eski-tabela-yeniden-yerlestirildi_472a848.jpg?fit=1000%2C666","jetpack_sharing_enabled":true,"jetpack_shortlink":"https:\/\/wp.me\/paKIfm-LCU","_links":{"self":[{"href":"http:\/\/www.tvturk.com\/index.php\/wp-json\/wp\/v2\/posts\/183080","targetHints":{"allow":["GET"]}}],"collection":[{"href":"http:\/\/www.tvturk.com\/index.php\/wp-json\/wp\/v2\/posts"}],"about":[{"href":"http:\/\/www.tvturk.com\/index.php\/wp-json\/wp\/v2\/types\/post"}],"author":[{"embeddable":true,"href":"http:\/\/www.tvturk.com\/index.php\/wp-json\/wp\/v2\/users\/1"}],"replies":[{"embeddable":true,"href":"http:\/\/www.tvturk.com\/index.php\/wp-json\/wp\/v2\/comments?post=183080"}],"version-history":[{"count":0,"href":"http:\/\/www.tvturk.com\/index.php\/wp-json\/wp\/v2\/posts\/183080\/revisions"}],"wp:featuredmedia":[{"embeddable":true,"href":"http:\/\/www.tvturk.com\/index.php\/wp-json\/wp\/v2\/media\/183081"}],"wp:attachment":[{"href":"http:\/\/www.tvturk.com\/index.php\/wp-json\/wp\/v2\/media?parent=183080"}],"wp:term":[{"taxonomy":"category","embeddable":true,"href":"http:\/\/www.tvturk.com\/index.php\/wp-json\/wp\/v2\/categories?post=183080"},{"taxonomy":"post_tag","embeddable":true,"href":"http:\/\/www.tvturk.com\/index.php\/wp-json\/wp\/v2\/tags?post=183080"}],"curies":[{"name":"wp","href":"https:\/\/api.w.org\/{rel}","templated":true}]}}