{"id":183090,"date":"2019-07-17T12:02:27","date_gmt":"2019-07-17T09:02:27","guid":{"rendered":"http:\/\/www.tvturk.com\/index.php\/trabzonspor-yeni-sezon-hazirliklarinin-ilk-etabini-tamamladi\/"},"modified":"2019-07-17T12:02:27","modified_gmt":"2019-07-17T09:02:27","slug":"trabzonspor-yeni-sezon-hazirliklarinin-ilk-etabini-tamamladi","status":"publish","type":"post","link":"http:\/\/www.tvturk.com\/index.php\/trabzonspor-yeni-sezon-hazirliklarinin-ilk-etabini-tamamladi\/","title":{"rendered":"Trabzonspor yeni sezon haz\u0131rl\u0131klar\u0131n\u0131n ilk etab\u0131n\u0131 tamamlad\u0131"},"content":{"rendered":"<p>Spor Toto S\u00fcper Lig 2019-2020 Cemil Usta sezonu haz\u0131rl\u0131klar\u0131 kapsam\u0131nda Mehmet Ali Y\u0131lmaz Tesisleri\u2019nde kamp \u00e7al\u0131\u015fmalar\u0131n\u0131 s\u00fcrd\u00fcren Trabzonspor, bug\u00fcn yapt\u0131\u011f\u0131 antrenmanla birinci etap \u00e7al\u0131\u015fmalar\u0131n\u0131 tamamlad\u0131. Karedeniz temsilcisi iki g\u00fcnl\u00fck iznin ard\u0131ndan cumartesi g\u00fcn\u00fc Avusturya\u2019ya u\u00e7acak.<\/p>\n<p>Teknik Direkt\u00f6r \u00dcnal Karaman y\u00f6netiminde bas\u0131na ve taraftara kapal\u0131 olarak saat 10:00\u2019dea ba\u015flayan  antrenmanda futbolcular iki grup halinde \u00e7al\u0131\u015ft\u0131lar. Birinci grup oyuncular\u0131 toparlanma, ikinci grup oyuncular\u0131 ise dayan\u0131kl\u0131l\u0131k esasl\u0131 y\u00fcksek \u015fiddetli ko\u015fular yapt\u0131.<\/p>\n<p>Tak\u0131ma iki g\u00fcn izin<\/p>\n<p>Trabzonspor Teknik Direkt\u00f6r\u00fc \u00dcnal Karaman, bug\u00fcn ger\u00e7ekle\u015ftirilen antrenman sonras\u0131 oyuncular\u0131na iki g\u00fcn izin verdi. 3 Temmuz\u2019da ba\u015flayan yeni sezon haz\u0131rl\u0131klar\u0131 kapsam\u0131nda 14 g\u00fcnd\u00fcr \u00e7al\u0131\u015fmalar\u0131n\u0131 Trabzon\u2019da s\u00fcrd\u00fcren bordo-mavili tak\u0131m iki g\u00fcnl\u00fck iznin ard\u0131ndan 20 Temmuz Cumartesi g\u00fcn\u00fc saat 11:30 s\u0131ralar\u0131nda Avusturya\u2019ya hareket edecek. Yeni sezon \u00f6ncesi ikinci haz\u0131rl\u0131k kamp\u0131n\u0131 10 g\u00fcn s\u00fcreyle Avusturya\u2019n\u0131n Linz \u015fehrinde s\u00fcrd\u00fcrecek olan bordo-mavililer 5 haz\u0131rl\u0131k ma\u00e7\u0131 yapmas\u0131 bekleniyor.  \u0130talyan ekipleri Verona ve Parma\u2019n\u0131n yan\u0131 s\u0131ra Almanya\u2019dan Hoffenheim tak\u0131mlar\u0131yla kar\u015f\u0131la\u015facak olan Trabzonspor\u2019un di\u011fer iki rakibi ise \u00f6n\u00fcm\u00fczdeki g\u00fcnlerde netlik kazanacak.<\/p>\n<p>Kadro azalacak<\/p>\n<p>Trabzonspor Teknik Direkt\u00f6r \u00dcnal Karaman, Avusturya kamp\u0131 \u00f6ncesi kadroyu azaltacak. \u0130lk etap kamp \u00e7al\u0131\u015fmalar\u0131n\u0131 altyap\u0131dan gelen gen\u00e7 oyuncular\u0131n da kat\u0131l\u0131m\u0131yla kalabal\u0131k bir kadro ile ger\u00e7ekle\u015ftiren Karaman\u2019\u0131n bu say\u0131y\u0131 30\u2019a indirmesi bekleniyor. Teknik heyetin, Trabzon\u2019da kalacak futbolcular i\u00e7in de \u00f6zel bir planlama yaparak bu isimleri haz\u0131r tutacak.<\/p>\n","protected":false},"excerpt":{"rendered":"<p>SPOR TOTO S\u00dcPER L\u0130G 2019-2020 CEM\u0130L USTA SEZONU HAZIRLIKLARI KAPSAMINDA MEHMET AL\u0130 YILMAZ TES\u0130SLER\u0130NDE KAMP \u00c7ALI\u015eMALARINI S\u00dcRD\u00dcREN TRABZONSPOR,  BUG\u00dcN YAPTI\u011eI ANTRENMANLA B\u0130R\u0130NC\u0130 ETAP \u00c7ALI\u015eMALARINI TAMAMLADI.<\/p>\n","protected":false},"author":1,"featured_media":183091,"comment_status":"closed","ping_status":"open","sticky":false,"template":"","format":"standard","meta":{"jetpack_post_was_ever_published":false,"_jetpack_newsletter_access":"","_jetpack_dont_email_post_to_subs":false,"_jetpack_newsletter_tier_id":0,"_jetpack_memberships_contains_paywalled_content":false,"_jetpack_memberships_contains_paid_content":false,"footnotes":"","jetpack_publicize_message":"","jetpack_publicize_feature_enabled":true,"jetpack_social_post_already_shared":true,"jetpack_social_options":{"image_generator_settings":{"template":"highway","default_image_id":0,"font":"","enabled":false},"version":2}},"categories":[657],"tags":[22812,45220,37,4954,637,916,87],"class_list":["post-183090","post","type-post","status-publish","format-standard","has-post-thumbnail","hentry","category-spor","tag-etabini","tag-hazirliklarinin","tag-ilk","tag-sezon","tag-tamamladi","tag-trabzonspor","tag-yeni"],"jetpack_publicize_connections":[],"jetpack_featured_media_url":"https:\/\/i0.wp.com\/www.tvturk.com\/wp-content\/uploads\/2019\/07\/trabzonspor-yeni-sezon-hazirliklarinin-ilk-etabini-tamamladi_846348a.jpg?fit=1000%2C592","jetpack_sharing_enabled":true,"jetpack_shortlink":"https:\/\/wp.me\/paKIfm-LD4","_links":{"self":[{"href":"http:\/\/www.tvturk.com\/index.php\/wp-json\/wp\/v2\/posts\/183090","targetHints":{"allow":["GET"]}}],"collection":[{"href":"http:\/\/www.tvturk.com\/index.php\/wp-json\/wp\/v2\/posts"}],"about":[{"href":"http:\/\/www.tvturk.com\/index.php\/wp-json\/wp\/v2\/types\/post"}],"author":[{"embeddable":true,"href":"http:\/\/www.tvturk.com\/index.php\/wp-json\/wp\/v2\/users\/1"}],"replies":[{"embeddable":true,"href":"http:\/\/www.tvturk.com\/index.php\/wp-json\/wp\/v2\/comments?post=183090"}],"version-history":[{"count":0,"href":"http:\/\/www.tvturk.com\/index.php\/wp-json\/wp\/v2\/posts\/183090\/revisions"}],"wp:featuredmedia":[{"embeddable":true,"href":"http:\/\/www.tvturk.com\/index.php\/wp-json\/wp\/v2\/media\/183091"}],"wp:attachment":[{"href":"http:\/\/www.tvturk.com\/index.php\/wp-json\/wp\/v2\/media?parent=183090"}],"wp:term":[{"taxonomy":"category","embeddable":true,"href":"http:\/\/www.tvturk.com\/index.php\/wp-json\/wp\/v2\/categories?post=183090"},{"taxonomy":"post_tag","embeddable":true,"href":"http:\/\/www.tvturk.com\/index.php\/wp-json\/wp\/v2\/tags?post=183090"}],"curies":[{"name":"wp","href":"https:\/\/api.w.org\/{rel}","templated":true}]}}