{"id":183128,"date":"2019-07-17T12:46:44","date_gmt":"2019-07-17T09:46:44","guid":{"rendered":"http:\/\/www.tvturk.com\/index.php\/nesli-tukenme-tehlikesi-altinda-olan-kizil-akbabayi-thy-kargo-tasidi\/"},"modified":"2019-07-17T12:46:44","modified_gmt":"2019-07-17T09:46:44","slug":"nesli-tukenme-tehlikesi-altinda-olan-kizil-akbabayi-thy-kargo-tasidi","status":"publish","type":"post","link":"http:\/\/www.tvturk.com\/index.php\/nesli-tukenme-tehlikesi-altinda-olan-kizil-akbabayi-thy-kargo-tasidi\/","title":{"rendered":"Nesli t\u00fckenme tehlikesi alt\u0131nda olan K\u0131z\u0131l Akbabay\u0131 THY Kargo ta\u015f\u0131d\u0131"},"content":{"rendered":"<p>Nesli t\u00fckenme tehlikesi alt\u0131nda olan G\u00fcneyden Kuzeye g\u00f6\u00e7 ederken, \u015eanl\u0131urfa\u2019da bitkin bir \u015fekilde \u00e7ift\u00e7ilerin buldu\u011fu ve tedavi etti\u011fi K\u0131z\u0131l Akbabay\u0131 Belgrad\u2019a Turkish Cargo ula\u015ft\u0131rd\u0131. T\u00fcrk Hava Yollar\u0131 Bas\u0131n M\u00fc\u015faviri Yahya \u00dcst\u00fcn, K\u0131z\u0131l akbaban\u0131n evine g\u00f6t\u00fcr\u00fcl\u00fc\u015f hikayesini sosyal medya hesab\u0131ndan payla\u015ft\u0131.<\/p>\n<p>Hayvanlara do\u011fal ya\u015fam alanlar\u0131na en yak\u0131n ko\u015fullar\u0131 g\u00f6ky\u00fcz\u00fcnde sa\u011flayarak ger\u00e7ekle\u015ftiren Turkish Cargo, hayat kurtaran eve d\u00f6n\u00fc\u015f hikayelerine bir yenisini daha ekledi. S\u0131rbistan\u2019dan kanatlanan ve sezonsal g\u00f6\u00e7 yolunda bin 600 kilometrelik u\u00e7u\u015fu sonras\u0131 \u015eanl\u0131urfa\u2019da bitkin d\u00fc\u015fen nesli t\u00fckenme tehlikesi alt\u0131ndaki k\u0131z\u0131l akbaba, Turkish Cargo taraf\u0131ndan Belgrad\u2019a ula\u015ft\u0131r\u0131ld\u0131.<\/p>\n<p>Ekolojik sistemin son halkas\u0131n\u0131 olu\u015fturan ve Avrupa\u2019da sadece S\u0131rbistan\u2019\u0131n Uvac kanyonunda ya\u015fayan nadir k\u0131z\u0131l akbabalardan bir tanesi olan 1,5 ya\u015f\u0131ndaki Dobrila, g\u00fcneye do\u011fru ger\u00e7ekle\u015ftirdi\u011fi sezonsal g\u00f6\u00e7 u\u00e7u\u015funda bitkin d\u00fc\u015ferek \u015eanl\u0131urfa\u2019ya indi. \u015eanl\u0131urfa\u2019da \u00e7ift\u00e7iler taraf\u0131ndan fark edilen akbaba, \u015eanl\u0131urfa\u2019da bulunan Yaban Hayat\u0131 Kurtarma ve Rehabilitasyon Merkezi\u2019ne g\u00f6t\u00fcr\u00fcld\u00fc.<\/p>\n<p>\u015eanl\u0131urfa\u2019daki merkezde kontrolleri yap\u0131lan ve sa\u011fl\u0131kl\u0131 kilosuna ula\u015ft\u0131r\u0131lan k\u0131z\u0131l akbaba, g\u00f6\u00e7 yoluna devam etmesi i\u00e7in yeniden do\u011faya b\u0131rak\u0131ld\u0131. Avc\u0131 ku\u015f familyas\u0131n\u0131n \u00fcyesi Dobrila\u2019n\u0131n u\u00e7u\u015funa devam edememesi \u00fczerine, Tar\u0131m ve Orman Bakanl\u0131\u011f\u0131 yetkilileri akbaban\u0131n aya\u011f\u0131ndaki etiket ve takip numaras\u0131ndan yola \u00e7\u0131karak S\u0131rbistanl\u0131 makamlar ile temasa ge\u00e7ti. \u0130ki \u00fclke yetkilileri aras\u0131nda ger\u00e7ekle\u015fen g\u00f6r\u00fc\u015fmeler sonucunda Dobrila\u2019n\u0131n Belgrad\u2019da bulunan Biyolojik Ara\u015ft\u0131rma Enstit\u00fcs\u00fc\u2019ne (Sinia Stankovi) g\u00f6nderilmesi kararla\u015ft\u0131r\u0131ld\u0131. T\u00fcm ta\u015f\u0131ma faaliyetlerinde canl\u0131 hayvan ya\u015fam\u0131na ve do\u011faya sayg\u0131 misyonuyla hareket eden Turkish Cargo sponsorlu\u011funda \u015eanl\u0131urfa\u2019dan \u0130stanbul aktarmal\u0131 olarak S\u0131rbistan\u2019a ula\u015ft\u0131r\u0131lan akbaba, T\u00fcrkiye\u2019nin Belgrad B\u00fcy\u00fckel\u00e7isi Tanju Bilgi\u00e7 ve S\u0131rbistan \u00c7evre Koruma Bakan\u0131 Goran Trivan\u2019\u0131n kat\u0131l\u0131m\u0131yla d\u00fczenlenen t\u00f6rende S\u0131rbistanl\u0131 yetkililere teslim edildi.<\/p>\n<p>Dobrila\u2019dan sorumlu Biyolog Irena Hr\u0131bsek (Y\u0131rt\u0131c\u0131 Ku\u015flar Koruma Vakf\u0131), &#8220;Bug\u00fcn Dobrila i\u00e7in \u00e7ok \u00f6zel bir g\u00fcn, \u00e7\u00fcnk\u00fc aylard\u0131r devam eden rehabilitasyon s\u00fcrecinin ard\u0131ndan bug\u00fcn ilk defa \u00f6zg\u00fcrl\u00fc\u011fe u\u00e7acak. Dobrila\u2019ya destekleri i\u00e7in Turkish Cargo\u2019ya te\u015fekk\u00fcr ederiz\u2019\u2019 dedi.<\/p>\n<p>&#8220;\u00d6zg\u00fcrce u\u00e7man\u0131n tad\u0131n\u0131 en \u00e7ok biz biliriz&#8221;<\/p>\n<p>G\u00f6\u00e7 etti\u011fi s\u0131rada yorgunluktan u\u00e7amayan ve \u015eanl\u0131urfa\u2019da k\u00f6yl\u00fclerin bularak yetkililere teslim etti\u011fi K\u0131z\u0131l akbabalar\u0131n, vatanlar\u0131na g\u00f6t\u00fcr\u00fcl\u00fc\u015f hikayesini sosyal medya hesab\u0131ndan payla\u015fan T\u00fcrk Hava Yollar\u0131 Bas\u0131n M\u00fc\u015faviri Yahya \u00dcst\u00fcn, \u201c\u00d6zg\u00fcrce u\u00e7man\u0131n tad\u0131n\u0131 d\u00fcnyada en \u00e7ok biz biliyoruz, bu nedenle do\u011fan\u0131n kanatlar\u0131 oluyoruz. Vah\u015fi ya\u015fam\u0131n nesli t\u00fckenmekte olan \u00fcyesi k\u0131z\u0131l akbaba Dobrila yeniden \u00f6zg\u00fcrce u\u00e7sun diye onu Turkish Cargo ile \u015eanl\u0131urfa\u2019dan Belgrad\u2019a ta\u015f\u0131d\u0131k. \u015eimdi sa\u011fl\u0131kl\u0131 ve diledi\u011fi yere u\u00e7abilir\u201d payla\u015f\u0131m\u0131n\u0131 yapt\u0131.<\/p>\n","protected":false},"excerpt":{"rendered":"<p>NESL\u0130 T\u00dcKENME TEHL\u0130KES\u0130 ALTINDA OLAN KIZIL AKBABAYI THY KARGO TA\u015eIDI<\/p>\n","protected":false},"author":1,"featured_media":183129,"comment_status":"closed","ping_status":"open","sticky":false,"template":"","format":"standard","meta":{"jetpack_post_was_ever_published":false,"_jetpack_newsletter_access":"","_jetpack_dont_email_post_to_subs":false,"_jetpack_newsletter_tier_id":0,"_jetpack_memberships_contains_paywalled_content":false,"_jetpack_memberships_contains_paid_content":false,"footnotes":"","jetpack_publicize_message":"","jetpack_publicize_feature_enabled":true,"jetpack_social_post_already_shared":true,"jetpack_social_options":{"image_generator_settings":{"template":"highway","default_image_id":0,"font":"","enabled":false},"version":2}},"categories":[1],"tags":[38909,3114,6582,9874,9872,572,533,11501,1175,35012],"class_list":["post-183128","post","type-post","status-publish","format-standard","has-post-thumbnail","hentry","category-genel","tag-akbabayi","tag-altinda","tag-kargo","tag-kizil","tag-nesli","tag-olan","tag-tasidi","tag-tehlikesi","tag-thy","tag-tukenme"],"jetpack_publicize_connections":[],"jetpack_featured_media_url":"https:\/\/i0.wp.com\/www.tvturk.com\/wp-content\/uploads\/2019\/07\/nesli-tukenme-tehlikesi-altinda-olan-kizil-akbabayi-thy-kargo-tasidi_479ae87.jpg?fit=1000%2C667","jetpack_sharing_enabled":true,"jetpack_shortlink":"https:\/\/wp.me\/paKIfm-LDG","_links":{"self":[{"href":"http:\/\/www.tvturk.com\/index.php\/wp-json\/wp\/v2\/posts\/183128","targetHints":{"allow":["GET"]}}],"collection":[{"href":"http:\/\/www.tvturk.com\/index.php\/wp-json\/wp\/v2\/posts"}],"about":[{"href":"http:\/\/www.tvturk.com\/index.php\/wp-json\/wp\/v2\/types\/post"}],"author":[{"embeddable":true,"href":"http:\/\/www.tvturk.com\/index.php\/wp-json\/wp\/v2\/users\/1"}],"replies":[{"embeddable":true,"href":"http:\/\/www.tvturk.com\/index.php\/wp-json\/wp\/v2\/comments?post=183128"}],"version-history":[{"count":0,"href":"http:\/\/www.tvturk.com\/index.php\/wp-json\/wp\/v2\/posts\/183128\/revisions"}],"wp:featuredmedia":[{"embeddable":true,"href":"http:\/\/www.tvturk.com\/index.php\/wp-json\/wp\/v2\/media\/183129"}],"wp:attachment":[{"href":"http:\/\/www.tvturk.com\/index.php\/wp-json\/wp\/v2\/media?parent=183128"}],"wp:term":[{"taxonomy":"category","embeddable":true,"href":"http:\/\/www.tvturk.com\/index.php\/wp-json\/wp\/v2\/categories?post=183128"},{"taxonomy":"post_tag","embeddable":true,"href":"http:\/\/www.tvturk.com\/index.php\/wp-json\/wp\/v2\/tags?post=183128"}],"curies":[{"name":"wp","href":"https:\/\/api.w.org\/{rel}","templated":true}]}}