{"id":183130,"date":"2019-07-17T12:46:48","date_gmt":"2019-07-17T09:46:48","guid":{"rendered":"http:\/\/www.tvturk.com\/index.php\/orduda-ilginc-dugun\/"},"modified":"2019-07-17T12:46:48","modified_gmt":"2019-07-17T09:46:48","slug":"orduda-ilginc-dugun","status":"publish","type":"post","link":"http:\/\/www.tvturk.com\/index.php\/orduda-ilginc-dugun\/","title":{"rendered":"Ordu\u2019da ilgin\u00e7 d\u00fc\u011f\u00fcn"},"content":{"rendered":"<p>Ordu\u2019nun \u00dcnye il\u00e7esinde ya\u015fayan iki karde\u015f Mustafa ve Muhammet G\u00fcler ald\u0131klar\u0131 d\u00fc\u011f\u00fcn karar\u0131yla g\u00f6renleri \u015fa\u015fk\u0131na \u00e7evirdi.<\/p>\n<p>Ordu\u2019da, uzun s\u00fcredir evlenme haz\u0131rl\u0131\u011f\u0131 i\u00e7erisinde olan a\u011fabey Mustafa G\u00fcler, karde\u015fi Muhammet G\u00fcler\u2019in aniden ald\u0131\u011f\u0131 d\u00fc\u011f\u00fcn karar\u0131n\u0131 duyunca evlenece\u011fi k\u0131z ile ilgin\u00e7 bir plan yapt\u0131. Karde\u015finin d\u00fc\u011f\u00fcn\u00fcn\u00fc sevdi\u011fi k\u0131z Yadigar ile ay\u0131 g\u00fcne denk getirme planlar\u0131 yapan Mustafa G\u00fcler, her iki aileyi ikna ederek karde\u015fiyle ayn\u0131 g\u00fcn evlenmeyi ba\u015fard\u0131.<\/p>\n<p>&#8220;Ani kararla ayn\u0131 g\u00fcne getirdik&#8221;<\/p>\n<p>Kuzenine k\u0131z isteme g\u00fcn\u00fcnde sevdi\u011fi k\u0131z Yadigar\u2019\u0131 g\u00f6rd\u00fc\u011f\u00fcn\u00fc s\u00f6yleyen Mustafa G\u00fcler, &#8220;Kuzenime k\u0131z istemeye gitti\u011fimiz g\u00fcn e\u015fimi g\u00f6rd\u00fcm ve \u00e7ok be\u011fendim. Biraz zor oldu ama her iki ailelerin vas\u0131tas\u0131yla bug\u00fcnlere kadar geldik. \u0130ki karde\u015f olarak d\u00fc\u011f\u00fcnlerin farkl\u0131 g\u00fcnlerde yap\u0131lmas\u0131ndansa, ikisini ayn\u0131 anda yapma karar\u0131 ald\u0131k&#8221; dedi.<\/p>\n<p>&#8220;Bu karar\u0131 hep birlikte ald\u0131k&#8221;<\/p>\n<p>E\u015fi Mustafa G\u00fcler\u2019i k\u0131z isteme t\u00f6reninde g\u00f6rd\u00fc\u011f\u00fcn\u00fc s\u00f6yleyen Yadigar G\u00fcler, &#8220;Mustafa\u2019y\u0131 arkada\u015f\u0131m\u0131n k\u0131z isteme t\u00f6reninde g\u00f6rd\u00fcm. Tabii orada kendisini be\u011fendim. Ald\u0131\u011f\u0131m\u0131z bu karar\u0131 hep birlikte d\u00fc\u015f\u00fcnerek ger\u00e7ekle\u015ftirdik&#8221; diye konu\u015ftu.<\/p>\n<p>A\u011fabeyinin ani karar\u0131yla ayn\u0131 g\u00fcn evlenmenin herkesi \u015fa\u015f\u0131rtt\u0131\u011f\u0131n\u0131 s\u00f6yleyen karde\u015f Muhammet G\u00fcler, &#8220;Biz e\u015fimle beraber Samsun\u2019da \u00fcniversitede okurken tan\u0131\u015ft\u0131k. A\u011fabeyimle ve e\u015finin de karar\u0131yla beraber babam da d\u00fc\u011f\u00fcnlerin bir olmas\u0131n\u0131 istiyordu. E\u015flerimizin r\u0131zas\u0131n\u0131 ald\u0131ktan sonra beraber d\u00fc\u011f\u00fcn yapmaya karar verdik ve farkl\u0131 g\u00fcnlerde olacak d\u00fc\u011f\u00fcn\u00fc a\u011fabeyim ve e\u015finin a\u015fk\u0131ndan ayn\u0131 g\u00fcne denk getirdik. \u015eimdi bizim normalde e\u015fimle beraber d\u00fc\u011f\u00fcm\u00fcz olacakken d\u00f6rd\u00fcm\u00fcz\u00fcn d\u00fc\u011f\u00fcn\u00fcn\u00fc olaca\u011f\u0131n\u0131 duyanlar bizden daha \u00e7ok heyecanland\u0131. Hatta gelin arabas\u0131n\u0131 g\u00f6ren resim \u00e7ektirmek istedi. Bizler i\u00e7inde a\u011fabeyim i\u00e7inde g\u00fczel oldu&#8221; \u015feklinde konu\u015ftu.<\/p>\n<p>Muhammed G\u00fcler\u2019in e\u015fi Ay\u015fe G\u00fcler ise &#8220;E\u015fimin ailesi bu isteklerini bana s\u00f6yledikten sonra ben de kendi ailemle konu\u015ftum ve d\u00fc\u011f\u00fcn ger\u00e7ekle\u015fti. Ba\u015ftan b\u00f6yle bir planlar\u0131 yoktu ama bizler de sonradan \u00f6\u011frendik. Ben Mu\u015f\u2019ta g\u00f6rev yap\u0131yorum ve eltimi \u00e7ok fazla g\u00f6remedim&#8221; a\u00e7\u0131klamas\u0131nda bulundu.<\/p>\n<p>D\u00fc\u011f\u00fcnde \u00e7ifti g\u00f6ren misafirler ise gece boyunca onlarla beraber foto\u011fraf \u00e7ektirdi.<\/p>\n","protected":false},"excerpt":{"rendered":"<p>KARDE\u015e\u0130N\u0130N D\u00dc\u011e\u00dcN\u00dcN\u00dc SEVD\u0130\u011e\u0130 KIZ YAD\u0130GAR \u0130LE AYI G\u00dcNE DENK GET\u0130RME PLANLARI YAPAN MUSTAFA G\u00dcLER HER \u0130K\u0130 A\u0130LEY\u0130 \u0130KNA EDEREK KARDE\u015e\u0130YLE AYNI G\u00dcN EVLENMEY\u0130 BA\u015eARDI.<\/p>\n","protected":false},"author":1,"featured_media":183131,"comment_status":"closed","ping_status":"open","sticky":false,"template":"","format":"standard","meta":{"jetpack_post_was_ever_published":false,"_jetpack_newsletter_access":"","_jetpack_dont_email_post_to_subs":false,"_jetpack_newsletter_tier_id":0,"_jetpack_memberships_contains_paywalled_content":false,"_jetpack_memberships_contains_paid_content":false,"footnotes":"","jetpack_publicize_message":"","jetpack_publicize_feature_enabled":true,"jetpack_social_post_already_shared":true,"jetpack_social_options":{"image_generator_settings":{"template":"highway","default_image_id":0,"font":"","enabled":false},"version":2}},"categories":[1],"tags":[3605,585,363],"class_list":["post-183130","post","type-post","status-publish","format-standard","has-post-thumbnail","hentry","category-genel","tag-dugun","tag-ilginc","tag-orduda"],"jetpack_publicize_connections":[],"jetpack_featured_media_url":"https:\/\/i0.wp.com\/www.tvturk.com\/wp-content\/uploads\/2019\/07\/orduda-ilginc-dugun_cc5d906.jpg?fit=1000%2C666","jetpack_sharing_enabled":true,"jetpack_shortlink":"https:\/\/wp.me\/paKIfm-LDI","_links":{"self":[{"href":"http:\/\/www.tvturk.com\/index.php\/wp-json\/wp\/v2\/posts\/183130","targetHints":{"allow":["GET"]}}],"collection":[{"href":"http:\/\/www.tvturk.com\/index.php\/wp-json\/wp\/v2\/posts"}],"about":[{"href":"http:\/\/www.tvturk.com\/index.php\/wp-json\/wp\/v2\/types\/post"}],"author":[{"embeddable":true,"href":"http:\/\/www.tvturk.com\/index.php\/wp-json\/wp\/v2\/users\/1"}],"replies":[{"embeddable":true,"href":"http:\/\/www.tvturk.com\/index.php\/wp-json\/wp\/v2\/comments?post=183130"}],"version-history":[{"count":0,"href":"http:\/\/www.tvturk.com\/index.php\/wp-json\/wp\/v2\/posts\/183130\/revisions"}],"wp:featuredmedia":[{"embeddable":true,"href":"http:\/\/www.tvturk.com\/index.php\/wp-json\/wp\/v2\/media\/183131"}],"wp:attachment":[{"href":"http:\/\/www.tvturk.com\/index.php\/wp-json\/wp\/v2\/media?parent=183130"}],"wp:term":[{"taxonomy":"category","embeddable":true,"href":"http:\/\/www.tvturk.com\/index.php\/wp-json\/wp\/v2\/categories?post=183130"},{"taxonomy":"post_tag","embeddable":true,"href":"http:\/\/www.tvturk.com\/index.php\/wp-json\/wp\/v2\/tags?post=183130"}],"curies":[{"name":"wp","href":"https:\/\/api.w.org\/{rel}","templated":true}]}}