{"id":183160,"date":"2019-07-17T13:16:19","date_gmt":"2019-07-17T10:16:19","guid":{"rendered":"http:\/\/www.tvturk.com\/index.php\/findik-fiyatlari-20-liradan-13-liraya-dustu\/"},"modified":"2019-07-17T13:16:19","modified_gmt":"2019-07-17T10:16:19","slug":"findik-fiyatlari-20-liradan-13-liraya-dustu","status":"publish","type":"post","link":"http:\/\/www.tvturk.com\/index.php\/findik-fiyatlari-20-liradan-13-liraya-dustu\/","title":{"rendered":"F\u0131nd\u0131k fiyatlar\u0131 20 liradan 13 liraya d\u00fc\u015ft\u00fc"},"content":{"rendered":"<p>Giresun Ziraat Odas\u0131 Ba\u015fkan\u0131 Nurittin Karan, 2019 y\u0131l\u0131 f\u0131nd\u0131k hasad\u0131na say\u0131l\u0131 g\u00fcnler kala f\u0131nd\u0131k fiyatlar\u0131n\u0131n bir haftada 20 TL\u2019den 12-13 liralara gerilemesini de\u011ferlendirdi.<\/p>\n<p>A\u00e7\u0131klamada, yeni sezon \u00f6ncesi fiyatlar\u0131n 20 liraya kadar y\u00fckseldi\u011fini ama bir anda d\u00fc\u015f\u00fc\u015fe ge\u00e7ti\u011fini belirten Karan, \u201cGe\u00e7ti\u011fimiz g\u00fcnlerde 18-20 liraya kadar \u00e7\u0131kan f\u0131nd\u0131k fiyat\u0131 \u015fu anda 12-13 liraya kadar d\u00fc\u015fm\u00fc\u015f durumda. Bunun anlam\u0131 serbest piyasa akt\u00f6rleri ve tekelci zihniyet yeni sezon \u00f6ncesi f\u0131nd\u0131k fiyatlar\u0131n\u0131 d\u00fc\u015f\u00fcrebildi\u011fi kadar d\u00fc\u015f\u00fcrmek, m\u00fcdahil al\u0131m olmazsa \u00fcreticinin al\u0131n terini ucuza kapatmak derdinde. Devletimiz ve Say\u0131n Cumhurba\u015fkan\u0131m\u0131z Recep Tayyip Erdo\u011fan\u2019\u0131n buna f\u0131rsat vermeyerek, f\u0131nd\u0131k \u00fcreticisinin yan\u0131nda olaca\u011f\u0131na can\u0131 g\u00f6n\u00fclden inan\u0131yor ve g\u00fcveniyoruz\u201d dedi.<\/p>\n<p>&#8220;\u00dcretici d\u00f6rt g\u00f6zle Toprak Mahsulleri Ofisi\u2019nden gelecek olan m\u00fcjdeli haberi bekliyor&#8221;<\/p>\n<p>\u201c\u00dcretici d\u00f6rt g\u00f6zle Toprak Mahsulleri Ofisi\u2019nden gelecek olan m\u00fcjdeli haberi bekliyor\u201d diyen Karan, TMO\u2019nun hasat \u00f6ncesi piyasada olaca\u011f\u0131n\u0131 ve al\u0131m fiyat\u0131n\u0131 a\u00e7\u0131klamas\u0131 gerekti\u011fini kaydetti.<\/p>\n<p>F\u0131nd\u0131kta fiyat istikrar\u0131 i\u00e7in devlet deste\u011fi \u015fart oldu\u011funu ifade eden Nurittin Karan, \u015f\u00f6yle devam etti:<\/p>\n<p>\u201cF\u0131nd\u0131k \u00fcreticisi art\u0131k hasat i\u00e7in g\u00fcn say\u0131yor. Bu y\u0131l \u00fcr\u00fcn\u00fcn erken olgunla\u015ft\u0131\u011f\u0131n\u0131 da g\u00f6z \u00f6n\u00fcnde bulunduracak olursak, sahil band\u0131nda \u00fcreticilerimiz bu ay sonu itibariyle bah\u00e7esine girerek hasada ba\u015flayacakt\u0131r. TMO\u2019nun al\u0131m kampanyas\u0131 ve taban fiyat\u0131 ay sonuna kadar a\u00e7\u0131klan\u0131rsa \u00fcretici bah\u00e7esine mutlu, mesut ve \u00fcr\u00fcn\u00fcn\u00fc ka\u00e7 liradan sataca\u011f\u0131n\u0131 bilerek girecektir. Erken hasat beraberinde, \u00fcr\u00fcn\u00fcn pazara erken inmesini de sa\u011flayacakt\u0131r. Bu nedenle \u00fcretici serbest piyasan\u0131n insaf\u0131na b\u0131rak\u0131lmadan TMO\u2019nun al\u0131m fiyat\u0131 belirlenmelidir. Aksi taktirde ge\u00e7ti\u011fimiz y\u0131llarda oldu\u011fu gibi \u00fcreticilerimiz ilk etapta \u00fcr\u00fcn\u00fcn\u00fc ucuz satmak zorunda kalacak ve yine kaybeden \u00fcretici, kazanan tekelci zihniyetler olacakt\u0131r.\u201d<\/p>\n","protected":false},"excerpt":{"rendered":"<p>G\u0130RESUN Z\u0130RAAT ODASI BA\u015eKANI NUR\u0130TT\u0130N KARAN, 2019 YILI FINDIK HASADINA SAYILI G\u00dcNLER KALA FINDIK F\u0130YATLARINA \u0130L\u0130\u015eK\u0130N YAZLI B\u0130R A\u00c7IKLAMA YAPTI.<\/p>\n","protected":false},"author":1,"featured_media":183161,"comment_status":"closed","ping_status":"open","sticky":false,"template":"","format":"standard","meta":{"jetpack_post_was_ever_published":false,"_jetpack_newsletter_access":"","_jetpack_dont_email_post_to_subs":false,"_jetpack_newsletter_tier_id":0,"_jetpack_memberships_contains_paywalled_content":false,"_jetpack_memberships_contains_paid_content":false,"footnotes":"","jetpack_publicize_message":"","jetpack_publicize_feature_enabled":true,"jetpack_social_post_already_shared":true,"jetpack_social_options":{"image_generator_settings":{"template":"highway","default_image_id":0,"font":"","enabled":false},"version":2}},"categories":[19],"tags":[1613,259,617,18336,4540],"class_list":["post-183160","post","type-post","status-publish","format-standard","has-post-thumbnail","hentry","category-ekonomi","tag-dustu","tag-fiyatlari","tag-findik","tag-liradan","tag-liraya"],"jetpack_publicize_connections":[],"jetpack_featured_media_url":"https:\/\/i0.wp.com\/www.tvturk.com\/wp-content\/uploads\/2019\/07\/findik-fiyatlari-20-liradan-13-liraya-dustu_5e4cd59.jpg?fit=1000%2C650","jetpack_sharing_enabled":true,"jetpack_shortlink":"https:\/\/wp.me\/paKIfm-LEc","_links":{"self":[{"href":"http:\/\/www.tvturk.com\/index.php\/wp-json\/wp\/v2\/posts\/183160","targetHints":{"allow":["GET"]}}],"collection":[{"href":"http:\/\/www.tvturk.com\/index.php\/wp-json\/wp\/v2\/posts"}],"about":[{"href":"http:\/\/www.tvturk.com\/index.php\/wp-json\/wp\/v2\/types\/post"}],"author":[{"embeddable":true,"href":"http:\/\/www.tvturk.com\/index.php\/wp-json\/wp\/v2\/users\/1"}],"replies":[{"embeddable":true,"href":"http:\/\/www.tvturk.com\/index.php\/wp-json\/wp\/v2\/comments?post=183160"}],"version-history":[{"count":0,"href":"http:\/\/www.tvturk.com\/index.php\/wp-json\/wp\/v2\/posts\/183160\/revisions"}],"wp:featuredmedia":[{"embeddable":true,"href":"http:\/\/www.tvturk.com\/index.php\/wp-json\/wp\/v2\/media\/183161"}],"wp:attachment":[{"href":"http:\/\/www.tvturk.com\/index.php\/wp-json\/wp\/v2\/media?parent=183160"}],"wp:term":[{"taxonomy":"category","embeddable":true,"href":"http:\/\/www.tvturk.com\/index.php\/wp-json\/wp\/v2\/categories?post=183160"},{"taxonomy":"post_tag","embeddable":true,"href":"http:\/\/www.tvturk.com\/index.php\/wp-json\/wp\/v2\/tags?post=183160"}],"curies":[{"name":"wp","href":"https:\/\/api.w.org\/{rel}","templated":true}]}}