{"id":183164,"date":"2019-07-17T13:16:33","date_gmt":"2019-07-17T10:16:33","guid":{"rendered":"http:\/\/www.tvturk.com\/index.php\/yenicekoyde-festival-coskusu\/"},"modified":"2019-07-17T13:16:33","modified_gmt":"2019-07-17T10:16:33","slug":"yenicekoyde-festival-coskusu","status":"publish","type":"post","link":"http:\/\/www.tvturk.com\/index.php\/yenicekoyde-festival-coskusu\/","title":{"rendered":"Yenicek\u00f6y\u2019de festival co\u015fkusu"},"content":{"rendered":"<p>\u0130neg\u00f6l Belediyesi taraf\u0131ndan d\u00fczenlenen 32\u2019nci Uluslararas\u0131 K\u00fclt\u00fcr Sanat Festivali m\u00fcnasebetiyle il\u00e7eye gelen 11 farkl\u0131 \u00fclkenin folklor ekipleri, Yenicek\u00f6y A\u00e7\u0131k Hava G\u00f6steri Merkezinde renkli bir g\u00f6steriye imza att\u0131.<\/p>\n<p>Cumartesi g\u00fcn\u00fc ba\u015flayan festival \u015fehrin her noktas\u0131nda ayr\u0131 bir faaliyetle il\u00e7e halk\u0131yla bulu\u015furken, d\u00fcn ak\u015fam iki ayr\u0131 g\u00f6steriyle festival co\u015fkusu devam etti. Sal\u0131 ak\u015fam\u0131 Yenicek\u00f6y Mahallesi\u2019nde bulunan DOSTUM tesislerindeki AGM\u2019nde de festival co\u015fkusu ya\u015fand\u0131. \u0130neg\u00f6l Belediyesi daveti \u00fczerine festivale kat\u0131lan 11 \u00fclkenin halk danslar\u0131 ekipleri, Yenicek\u00f6y AGM\u2019de muhte\u015fem bir g\u00f6steriye imza att\u0131. Adige Cumhuriyeti, Arjantin, Azerbaycan, Bosna Hersek, Bulgaristan, G\u00fcrcistan, KKTC, Kuzey Makedonya, \u00d6zbekistan, Polonya ve Ukrayna halk danslar\u0131 ekipleri, g\u00f6sterileriyle alk\u0131\u015f ald\u0131.<\/p>\n<p>Belediye Ba\u015fkan Yard\u0131mc\u0131s\u0131 E\u015fref Yi\u011fit ile konuk delegasyonlar\u0131n da izledi\u011fi g\u00f6sterilere, Yenicek\u00f6y sakinlerinin ilgisi b\u00fcy\u00fck oldu. G\u00f6steriler sonunda sahneye davet edilen Belediye Ba\u015fkan Yard\u0131mc\u0131s\u0131 E\u015fref Yi\u011fit, k\u0131sa bir selamlama konu\u015fmas\u0131 yapt\u0131.<\/p>\n","protected":false},"excerpt":{"rendered":"<p>11 FARKLI \u00dcLKEN\u0130N FOLKLOR EK\u0130PLER\u0130, YEN\u0130CEK\u00d6Y A\u00c7IK HAVA G\u00d6STER\u0130 MERKEZ\u0130NDE RENKL\u0130 B\u0130R G\u00d6STER\u0130YE \u0130MZA ATTI.<\/p>\n","protected":false},"author":1,"featured_media":183165,"comment_status":"closed","ping_status":"open","sticky":false,"template":"","format":"standard","meta":{"jetpack_post_was_ever_published":false,"_jetpack_newsletter_access":"","_jetpack_dont_email_post_to_subs":false,"_jetpack_newsletter_tier_id":0,"_jetpack_memberships_contains_paywalled_content":false,"_jetpack_memberships_contains_paid_content":false,"footnotes":"","jetpack_publicize_message":"","jetpack_publicize_feature_enabled":true,"jetpack_social_post_already_shared":true,"jetpack_social_options":{"image_generator_settings":{"template":"highway","default_image_id":0,"font":"","enabled":false},"version":2}},"categories":[1],"tags":[6596,12116,45236],"class_list":["post-183164","post","type-post","status-publish","format-standard","has-post-thumbnail","hentry","category-genel","tag-coskusu","tag-festival","tag-yenicekoyde"],"jetpack_publicize_connections":[],"jetpack_featured_media_url":"https:\/\/i0.wp.com\/www.tvturk.com\/wp-content\/uploads\/2019\/07\/yenicekoyde-festival-coskusu_13602b9.jpg?fit=1000%2C664","jetpack_sharing_enabled":true,"jetpack_shortlink":"https:\/\/wp.me\/paKIfm-LEg","_links":{"self":[{"href":"http:\/\/www.tvturk.com\/index.php\/wp-json\/wp\/v2\/posts\/183164","targetHints":{"allow":["GET"]}}],"collection":[{"href":"http:\/\/www.tvturk.com\/index.php\/wp-json\/wp\/v2\/posts"}],"about":[{"href":"http:\/\/www.tvturk.com\/index.php\/wp-json\/wp\/v2\/types\/post"}],"author":[{"embeddable":true,"href":"http:\/\/www.tvturk.com\/index.php\/wp-json\/wp\/v2\/users\/1"}],"replies":[{"embeddable":true,"href":"http:\/\/www.tvturk.com\/index.php\/wp-json\/wp\/v2\/comments?post=183164"}],"version-history":[{"count":0,"href":"http:\/\/www.tvturk.com\/index.php\/wp-json\/wp\/v2\/posts\/183164\/revisions"}],"wp:featuredmedia":[{"embeddable":true,"href":"http:\/\/www.tvturk.com\/index.php\/wp-json\/wp\/v2\/media\/183165"}],"wp:attachment":[{"href":"http:\/\/www.tvturk.com\/index.php\/wp-json\/wp\/v2\/media?parent=183164"}],"wp:term":[{"taxonomy":"category","embeddable":true,"href":"http:\/\/www.tvturk.com\/index.php\/wp-json\/wp\/v2\/categories?post=183164"},{"taxonomy":"post_tag","embeddable":true,"href":"http:\/\/www.tvturk.com\/index.php\/wp-json\/wp\/v2\/tags?post=183164"}],"curies":[{"name":"wp","href":"https:\/\/api.w.org\/{rel}","templated":true}]}}