{"id":183176,"date":"2019-07-17T13:31:48","date_gmt":"2019-07-17T10:31:48","guid":{"rendered":"http:\/\/www.tvturk.com\/index.php\/istiklal-sehidine-100-yil-sonra-vefa\/"},"modified":"2019-07-17T13:31:48","modified_gmt":"2019-07-17T10:31:48","slug":"istiklal-sehidine-100-yil-sonra-vefa","status":"publish","type":"post","link":"http:\/\/www.tvturk.com\/index.php\/istiklal-sehidine-100-yil-sonra-vefa\/","title":{"rendered":"\u0130stiklal \u015eehidi\u2019ne 100 y\u0131l sonra vefa"},"content":{"rendered":"<p>Bursa\u2019n\u0131n Karacabey il\u00e7esinde 100 y\u0131l \u00f6nceki Yunan i\u015fgali s\u0131ras\u0131nda yapt\u0131\u011f\u0131 kahramanl\u0131kla k\u00f6ydeki herkesin hayat\u0131n\u0131 kurtar\u0131rken; kendisi \u015fehit olan Demir Dede\u2019nin unutulmaya y\u00fcz tutmu\u015f mezar\u0131 Belediye Ba\u015fkan\u0131 Ali \u00d6zkan\u2019\u0131n gayretleriyle yenilendi. Kulakp\u0131nar Mahallesi\u2019nde d\u00fczenlenen anma t\u00f6reniyle Demir Dede, 100 y\u0131l sonra yeniden yaad edildi.<\/p>\n<p>Karacabey Belediyesi K\u00fclt\u00fcr M\u00fcd\u00fcrl\u00fc\u011f\u00fc ekipleri, il\u00e7e merkezi ve k\u0131rsal mahallelerde ger\u00e7ekle\u015ftirdi\u011fi k\u00fclt\u00fcr envanter ara\u015ft\u0131rmalar\u0131 s\u0131ras\u0131nda \u00e7e\u015fitli hikayelerin, kaybolmaya y\u00fcz tutmu\u015f de\u011ferlerin pe\u015finde d\u00fc\u015fm\u00fc\u015ft\u00fc. Ekipler il\u00e7eye ba\u011fl\u0131 Kulakp\u0131nar Mahallesi\u2019nde ise ya\u015fl\u0131lardan duyduklar\u0131 hik\u00e2ye do\u011frultusunda i\u015fgal kuvvetlerine kar\u015f\u0131 cesareti ile ya\u015fad\u0131\u011f\u0131 k\u00f6ydeki halk\u0131n hayat\u0131n\u0131 kurtaran Demir Dede\u2019nin hik\u00e2yesine ve mezar\u0131na ula\u015ft\u0131.<\/p>\n<p>Belediye ekipleri \u00f6nce titiz bir \u00e7al\u0131\u015fma ile harabeye d\u00f6nen mezar\u0131 yenileyerek kahramana yak\u0131\u015f\u0131r bir hale getirildi. Ard\u0131ndan K\u00f6y halk\u0131n\u0131n anlat\u0131mlar\u0131ndan yola \u00e7\u0131karak ya\u015fayan 4 torununa ula\u015fan belediye ekipleri, hik\u00e2yeyi kay\u0131t alt\u0131na alarak olu\u015fturdu\u011fu pano ile mahalle meydan\u0131na as\u0131ld\u0131.<\/p>\n<p>1 as\u0131r sonra t\u00f6renle yad edildi<\/p>\n<p>15 Temmuz Demokrasi ve Milli Birlik g\u00fcn\u00fc etkinlikleri kapsam\u0131nda d\u00fczenlenen t\u00f6rene Kaymakam Yusuf G\u00f6khan Yolcu, Belediye Ba\u015fkan\u0131 Ali \u00d6zkan, \u0130l\u00e7e Emniyet M\u00fcd\u00fcr\u00fc \u00dcmit G\u00fcneri, Milli E\u011fitim M\u00fcd\u00fcr\u00fc Emin Dingin, AK Parti \u0130l\u00e7e Ba\u015fkan\u0131 Ertem \u0130\u015fcan ile Kulakp\u0131nar Mahalle Muhtar\u0131 Ali Karaku\u015f, \u00e7evre mahalle muhtarlar\u0131 ile Kulakp\u0131nar halk\u0131n\u0131n yo\u011fun kat\u0131l\u0131m sa\u011flad\u0131.<\/p>\n<p>T\u00f6rende ilk olarak il\u00e7e m\u00fcft\u00fcs\u00fc Yal\u00e7\u0131nkaya Demir Dede i\u00e7in Kuran tilaveti ger\u00e7ekle\u015ftirdi. Ard\u0131ndan okunana dualarla ba\u015fta Demir Dede olmak \u00fczere vatan i\u00e7in can\u0131n\u0131 ortaya koyan t\u00fcm \u015fehitlerin ruhu i\u00e7in dualar okundu. T\u00f6renin sonunda s\u00f6z alan Belediye Ba\u015fkan\u0131 Ali \u00d6zkan \u2018\u2019Ekiplerimizin ba\u015far\u0131l\u0131 \u00e7al\u0131\u015fmas\u0131 sayesinde bu mezar\u0131 ve hik\u00e2yesini gelecek nesillere aktar\u0131yoruz. 15 Temmuz gibi milli birli\u011fimiz ad\u0131na b\u00fcy\u00fck fedak\u00e2rl\u0131klar\u0131n yap\u0131ld\u0131\u011f\u0131 anlaml\u0131 bir g\u00fcnde buraday\u0131z. Tek mermisi ile \u015fehit d\u00fc\u015fece\u011fini bile bile t\u00fcm k\u00f6y\u00fcn hayat\u0131n\u0131 kurtarmak i\u00e7in can\u0131n\u0131 ortaya koyan bir kahraman\u0131n mezar\u0131nday\u0131z. \u0130stanbul\u2019un fethinde de, 15 Temmuz gecesinde de bu kahramanlar hep oldular, iyi ki vard\u0131lar. \u00d6mer Halisdemirler, Fethi Sekinler&#8230; M\u00fcsl\u00fcman T\u00fcrk\u2019\u00fcn tarihinde kahramanlar bitmez. Biz bu vesile ile Demir Dede\u2019mizi rahmetle minnetle an\u0131yor, hay\u0131rla yad ediyor, torunlar\u0131na evlatlar\u0131na sa\u011fl\u0131kl\u0131 \u00f6m\u00fcrler temenni ediyoruz\u2019\u2019 dedi.<\/p>\n<p>Kulakp\u0131nar Mahalle Muhtar\u0131 Karaku\u015f yapt\u0131\u011f\u0131 a\u00e7\u0131klamada \u2018\u2019Bizler kahraman\u0131m\u0131zla gurur duyuyoruz. Ne yaz\u0131k ki bu zaman kadar gereken ilgi ve \u00f6zen g\u00f6sterilmemi\u015fti. Belediye ba\u015fkan\u0131m\u0131z bu konuda g\u00f6sterdi\u011fi ilgi ve alakadan dolay\u0131 Kulakp\u0131nar halk\u0131 olarak minnettar\u0131z\u2019\u2019 dedi.<\/p>\n<p>Torunlar\u0131ndan Sabri Karaman da yapt\u0131\u011f\u0131 a\u00e7\u0131klamada \u2018\u2019Allah devletimize, milletimize, belediyemize zeval vermesin. Dedemiz ile bizler hep gurur duyduk. Ancak yeni nesillere onun \u00f6nemini pek anlatamam\u0131\u015ft\u0131k. Belediye sayesinde art\u0131k gen\u00e7lerimizde hik\u00e2yeden haberdar. Te\u015fekk\u00fcr ederiz, \u00e7ok duyguland\u0131k\u2019\u2019 dedi.<\/p>\n<p>T\u00f6renin ard\u0131ndan Kulakp\u0131nar Mahalle sakinleri imece usul\u00fcyle yapt\u0131klar\u0131 a\u015fureleri gelen misafirlere ikram etti. Anma t\u00f6renine Demir Dede\u2019nin k\u00f6yde ya\u015fayan torunlar\u0131 Sabri, Fahri, Celaddin ve Selahaddin Karaman da kat\u0131l\u0131rken yap\u0131lan konu\u015fmalar s\u0131ras\u0131nda duygulu anlar ya\u015fad\u0131\u011f\u0131 g\u00f6zlendi.<\/p>\n<p>Demir Dede kimdir?<\/p>\n<p>1920-1922 y\u0131llar\u0131 aras\u0131nda Karacabey\u2019de Yunan askerlerince i\u015fgal alt\u0131na al\u0131nan \u015fehirlerimizden olmu\u015ftur. 30 A\u011fustos 1922 zaferinin ard\u0131ndan geri \u00e7ekilen Yunan ordusunun olu\u015fturdu\u011fu intikam alay\u0131 ge\u00e7ti\u011fi k\u00f6y, kasaba ve \u015fehirleri yak\u0131yor, insanlar\u0131 katlediyorlard\u0131.<\/p>\n<p>Kulakp\u0131nar Mahallesinde de i\u015fgal kuvvetleri geri \u00e7ekilirken t\u00fcm k\u00f6y halk\u0131n\u0131 camide toplay\u0131p yakmay\u0131 planlam\u0131\u015ft\u0131r. Ancak bu esnada camiye doldurulan vatanda\u015flar\u0131 g\u00f6ren Demir Dede, tek mermisi ile kurdu\u011fu pusu sayesinde Cami kap\u0131s\u0131nda duran Yunan askerlerinden birini yaralar. A\u00e7\u0131lan ate\u015f sonras\u0131 i\u015fgal kuvvetleri aras\u0131nda \u00e7\u0131kan k\u0131sa s\u00fcreli kaos, camiye doldurttuklar\u0131 k\u00f6y halk\u0131n\u0131n ka\u00e7mas\u0131na imkan sa\u011flar. Ancak \u00e7ok ge\u00e7meden bu ate\u015fin bir direni\u015f oldu\u011funu anlayan Yunanl\u0131lar, bu kez Demir Dede\u2019nin pe\u015fine tak\u0131l\u0131r ve 150 metre kadar ileride bug\u00fcn mezar\u0131n\u0131n oldu\u011fu yerde kendisini el bombas\u0131 ile \u015fehit ederler. Ne yaz\u0131k ki par\u00e7alara ayr\u0131lan bedeni mezarl\u0131\u011fa ta\u015f\u0131namaz ve orac\u0131kta defnedilir.<\/p>\n","protected":false},"excerpt":{"rendered":"<p>BURSA&#8217;NIN KARACABEY \u0130L\u00c7ES\u0130NDE \u015eEH\u0130T DEM\u0130R DEDE&#8217;N\u0130N HATIRASINA SAH\u0130P \u00c7IKILDI<\/p>\n","protected":false},"author":1,"featured_media":183177,"comment_status":"closed","ping_status":"open","sticky":false,"template":"","format":"standard","meta":{"jetpack_post_was_ever_published":false,"_jetpack_newsletter_access":"","_jetpack_dont_email_post_to_subs":false,"_jetpack_newsletter_tier_id":0,"_jetpack_memberships_contains_paywalled_content":false,"_jetpack_memberships_contains_paid_content":false,"footnotes":"","jetpack_publicize_message":"","jetpack_publicize_feature_enabled":true,"jetpack_social_post_already_shared":true,"jetpack_social_options":{"image_generator_settings":{"template":"highway","default_image_id":0,"font":"","enabled":false},"version":2}},"categories":[1],"tags":[2127,14044,15672,2022,546,231],"class_list":["post-183176","post","type-post","status-publish","format-standard","has-post-thumbnail","hentry","category-genel","tag-2127","tag-istiklal","tag-sehidine","tag-sonra","tag-vefa","tag-yil"],"jetpack_publicize_connections":[],"jetpack_featured_media_url":"https:\/\/i0.wp.com\/www.tvturk.com\/wp-content\/uploads\/2019\/07\/istiklal-sehidine-100-yil-sonra-vefa_8505749.jpg?fit=1000%2C667","jetpack_sharing_enabled":true,"jetpack_shortlink":"https:\/\/wp.me\/paKIfm-LEs","_links":{"self":[{"href":"http:\/\/www.tvturk.com\/index.php\/wp-json\/wp\/v2\/posts\/183176","targetHints":{"allow":["GET"]}}],"collection":[{"href":"http:\/\/www.tvturk.com\/index.php\/wp-json\/wp\/v2\/posts"}],"about":[{"href":"http:\/\/www.tvturk.com\/index.php\/wp-json\/wp\/v2\/types\/post"}],"author":[{"embeddable":true,"href":"http:\/\/www.tvturk.com\/index.php\/wp-json\/wp\/v2\/users\/1"}],"replies":[{"embeddable":true,"href":"http:\/\/www.tvturk.com\/index.php\/wp-json\/wp\/v2\/comments?post=183176"}],"version-history":[{"count":0,"href":"http:\/\/www.tvturk.com\/index.php\/wp-json\/wp\/v2\/posts\/183176\/revisions"}],"wp:featuredmedia":[{"embeddable":true,"href":"http:\/\/www.tvturk.com\/index.php\/wp-json\/wp\/v2\/media\/183177"}],"wp:attachment":[{"href":"http:\/\/www.tvturk.com\/index.php\/wp-json\/wp\/v2\/media?parent=183176"}],"wp:term":[{"taxonomy":"category","embeddable":true,"href":"http:\/\/www.tvturk.com\/index.php\/wp-json\/wp\/v2\/categories?post=183176"},{"taxonomy":"post_tag","embeddable":true,"href":"http:\/\/www.tvturk.com\/index.php\/wp-json\/wp\/v2\/tags?post=183176"}],"curies":[{"name":"wp","href":"https:\/\/api.w.org\/{rel}","templated":true}]}}