{"id":183188,"date":"2019-07-17T13:46:13","date_gmt":"2019-07-17T10:46:13","guid":{"rendered":"http:\/\/www.tvturk.com\/index.php\/ozel-kibris-aciklarindaki-yavuz-sondaj-gemisinden-ilk-goruntuler\/"},"modified":"2019-07-17T13:46:13","modified_gmt":"2019-07-17T10:46:13","slug":"ozel-kibris-aciklarindaki-yavuz-sondaj-gemisinden-ilk-goruntuler","status":"publish","type":"post","link":"http:\/\/www.tvturk.com\/index.php\/ozel-kibris-aciklarindaki-yavuz-sondaj-gemisinden-ilk-goruntuler\/","title":{"rendered":"(\u00d6zel) K\u0131br\u0131s a\u00e7\u0131klar\u0131ndaki Yavuz sondaj gemisinden ilk g\u00f6r\u00fcnt\u00fcler"},"content":{"rendered":"<p>Do\u011fu Akdeniz\u2019de y\u00fcr\u00fct\u00fclen sondaj \u00e7al\u0131\u015fmalar\u0131 devam ederken, Yavuz isimli sondaj gemisi K\u0131br\u0131s a\u00e7\u0131klar\u0131nda ilk kez g\u00f6r\u00fcnt\u00fclendi. Sondaj \u00e7al\u0131\u015fmalar\u0131na Avrupa Birli\u011fi ve pek \u00e7ok \u00fclkeden ele\u015ftiri gelirken, memnuniyetini dile getiren K\u0131br\u0131sl\u0131 T\u00fcrkler, \u201cT\u00fcrkiye varsa biz bu adada var\u0131z. E\u011fer T\u00fcrkiye Cumhuriyeti arkam\u0131zda olmazsa biz burada en \u00e7ok 5 saat ya\u015fayabiliriz\u201d ifadelerini kulland\u0131.<\/p>\n<p>G\u00fcney K\u0131br\u0131s Rum Y\u00f6netimi\u2019nin (GKRY) tek tarafl\u0131 do\u011falgaz aramalar\u0131na ba\u015flamas\u0131n\u0131n ard\u0131ndan, T\u00fcrkiye ve Kuzey K\u0131br\u0131s T\u00fcrk Cumhuriyeti\u2019nin (KKTC) Do\u011fu Akdeniz\u2019de ba\u015flatt\u0131\u011f\u0131 do\u011falgaz arama ve sondaj \u00e7al\u0131\u015fmalar\u0131 ba\u015fta GKRY ve Yunanistan olmak \u00fczere bir\u00e7ok \u00fclkeyi rahats\u0131z etti. T\u00fcrk gemilerinin Do\u011fu Akdeniz\u2019deki faaliyetleri nedeniyle Avrupa Birli\u011fi T\u00fcrkiye\u2019ye kar\u015f\u0131 bir dizi yapt\u0131r\u0131m karar\u0131 al\u0131rken, adada ya\u015fayan K\u0131br\u0131s T\u00fcrkleri ise Fatih ve Yavuz sondaj gemilerinin \u00e7al\u0131\u015fmalar\u0131ndan memnun olduklar\u0131n\u0131 belirtiyor.<\/p>\n<p>K\u0131br\u0131s\u2019\u0131n Karpaz Burnu a\u00e7\u0131klar\u0131nda \u00e7al\u0131\u015fmalar\u0131n\u0131 s\u00fcrd\u00fcren ve uzaktan g\u00f6r\u00fcnt\u00fclenen Yavuz sondaj gemisi, Dipkarpaz yak\u0131nlar\u0131nda K\u0131br\u0131s\u2019\u0131n Alt\u0131n Kumsal b\u00f6lgesinin yakla\u015f\u0131k 8 deniz mili a\u00e7\u0131\u011f\u0131nda \u00e7al\u0131\u015fmalar\u0131n\u0131 s\u00fcrd\u00fcr\u00fcyor.<\/p>\n<p>B\u00f6lge halk\u0131 \u00e7al\u0131\u015fmalar\u0131 memnuniyetle kar\u015f\u0131larken Rum taraf\u0131n\u0131n dayatma politikalar\u0131na da sert tepki g\u00f6steriyor. K\u0131br\u0131sl\u0131 T\u00fcrkler Avrupa Birli\u011fi ba\u015fta olmak \u00fczere bir\u00e7ok \u00fclkenin KKTC\u2019nin egemenlik haklar\u0131n\u0131 yok sayan a\u00e7\u0131klama ve yapt\u0131r\u0131m s\u00f6ylemlerini haks\u0131z bulurken bu giri\u015fimleri de ikiy\u00fczl\u00fcl\u00fck olarak de\u011ferlendiriyor.<\/p>\n<p>\u201cT\u00fcrkiye varsa biz bu adada var\u0131z\u201d<\/p>\n<p>Kapl\u0131ca k\u00f6y\u00fc sakini ve ayn\u0131 zamanda b\u00f6lge milletvekili olan Mesut Gen\u00e7, Yavuz sondaj gemisinin, K\u0131br\u0131s T\u00fcrklerinin halklar\u0131n\u0131n korunmas\u0131 ad\u0131na ada etraf\u0131nda yapt\u0131\u011f\u0131 \u00e7al\u0131\u015fmalar\u0131n gurur verici oldu\u011funu s\u00f6yledi. KKTC Milletvekili Gen\u00e7 \u2019\u2019G\u00fcney K\u0131br\u0131s Rum kesiminin y\u0131llardan beridir tek tarafl\u0131 olarak atm\u0131\u015f oldu\u011fu ad\u0131mlarda K\u0131br\u0131s T\u00fcrk\u00fcn\u00fc yok saymas\u0131 kabul edilemez bir durumdur\u201d diyerek, Do\u011fu Akdeniz\u2019deki haklar\u0131n korunmas\u0131 ad\u0131na T\u00fcrkiye ve KKTC taraf\u0131ndan at\u0131lan ad\u0131mlar\u0131n \u00f6nemini vurgulad\u0131. KKTC\u2019nin art\u0131k eskisinden daha farkl\u0131 bir politika izleyerek T\u00fcrkiye\u2019nin de yard\u0131m\u0131 ile haklar\u0131n\u0131 daha aktif savunaca\u011f\u0131n\u0131 dile getiren Gen\u00e7 \u201cAnavatan T\u00fcrkiye\u2019nin bize vermi\u015f oldu\u011fu destekten \u00f6t\u00fcr\u00fc kendilerine \u015f\u00fckranlar\u0131m\u0131z\u0131 sunar\u0131z. Bundan sonraki s\u00fcre\u00e7te de G\u00fcney Rum Kesimi ne ad\u0131m atarsa, biz de ayn\u0131 \u015fekilde haklar\u0131m\u0131z\u0131 savunmak ad\u0131na hi\u00e7 \u00e7ekinmeden ayn\u0131 ad\u0131mlar\u0131 ataca\u011f\u0131z\u201d dedi.<\/p>\n<p>\u0130skele\u2019ye ba\u011fl\u0131 Sipahi k\u00f6y\u00fc sakinlerinden Yusuf \u00d6zk\u0131l\u0131\u00e7 ise &#8220;T\u00fcrkiye\u2019nin gemileri b\u00f6lgede sondaj yap\u0131yor ve arkas\u0131nda onlar\u0131 koruyan askerimiz var, devletimiz var. Onun i\u00e7in vatanda\u015f huzurludur, vatanda\u015fta herhangi bir s\u0131k\u0131nt\u0131 g\u00f6rm\u00fcyorum \u015fu anda ben. Herhangi bir tehlikeden sava\u015ftan korkusu yoktur KKTC\u2019nin \u00e7\u00fcnk\u00fc KKTC sava\u015fa al\u0131\u015fk\u0131n bir b\u00f6lgededir. Kolay kolay pes demez, 74 \u00f6ncesinde pes demedi \u015fu anda hi\u00e7 demez. Arkas\u0131nda da T\u00fcrkiye Cumhuriyeti var. 80 milyon, o bize yetiyor. Herhangi bir s\u0131k\u0131nt\u0131 yoktur, s\u0131k\u0131nt\u0131 olursa sava\u015fmaya haz\u0131r\u0131z. Adam\u0131z\u0131n bir k\u00f6\u015fesinde \u00f6lmeye haz\u0131r\u0131z. Biz asla ve asla vatan\u0131m\u0131z\u0131 terk etmeyece\u011fiz. Onun i\u00e7in herkes huzurlu olsun\u201d diye konu\u015ftu. KKTC\u2019de  T\u00fcrkiye\u2019nin varl\u0131\u011f\u0131n\u0131 istemeyen baz\u0131 kesimler oldu\u011funu dile getiren \u00d6zk\u0131l\u0131\u00e7, \u201cT\u00fcrkiye varsa biz burada var\u0131z. Asla ve asla olamay\u0131z yoksa. E\u011fer T\u00fcrkiye Cumhuriyeti ba\u015f\u0131m\u0131zda, arkam\u0131zda olmazsa bizim burada en \u00e7ok ya\u015fayaca\u011f\u0131m\u0131z 5 saattir. O da da\u011flara ka\u00e7\u0131p da saklanan 5 saat ya\u015far\u201d diyerek ancak T\u00fcrkiye\u2019nin adada var olmas\u0131 halinde K\u0131br\u0131s T\u00fcrklerinin de adadaki varl\u0131\u011f\u0131n\u0131 s\u00fcrd\u00fcrebilece\u011fini s\u00f6yledi.<\/p>\n<p>Yeni Erenk\u00f6y sakini \u00d6zer \u00d6yk\u00fcn ise \u201cRumlar\u0131n b\u00fct\u00fcn K\u0131br\u0131s\u2019\u0131 idare edecek haklar\u0131 yoktur. Ne ge\u00e7mi\u015f Anayasa\u2019da var ne de \u015fimdi kurulacaksa yeni Anayasa\u2019da olabilir\u201d diyerek GKRY\u2019nin tutumuna tepki g\u00f6sterdi. K\u0131br\u0131sl\u0131 Rumlar\u0131n \u201cT\u00fcm K\u0131br\u0131s benimdir ve istedi\u011fimi yapaca\u011f\u0131m, ileride siz de benim \u2018ikinci s\u0131n\u0131f\u2019 vatanda\u015f\u0131m olacaks\u0131n\u0131z\u201d zihniyetiyle hareket etmesini b\u00fcy\u00fck bir yan\u0131lg\u0131 olarak tan\u0131mlayan \u00d6yk\u00fcn, Rumlar\u0131n bu tutumunun K\u0131br\u0131s\u2019\u0131n kal\u0131c\u0131 olarak b\u00f6l\u00fcnmesini h\u0131zland\u0131rd\u0131\u011f\u0131n\u0131 s\u00f6yledi. Rum Kesimi\u2019ni i\u015faret eden \u00d6yk\u00fcn, \u201cAvrupa Birli\u011fi\u2019nin katk\u0131lar\u0131yla hem bizi ikinci s\u0131n\u0131f vatanda\u015f yapacaklard\u0131 hem de zenginliklerden faydalanacaklard\u0131. Bu d\u00fc\u015f\u00fcn\u00fclemez, yan\u0131m\u0131zda T\u00fcrkiye var. Bu y\u00fczden yap\u0131lanlar do\u011frudur. Rum art\u0131k akl\u0131n\u0131 ba\u015f\u0131na toplas\u0131n. E\u011fer taksim istemiyorsa bizimle anla\u015fmaya gitsin. Ben anla\u015fma taraftar\u0131y\u0131m ama T\u00fcrk hakk\u0131n\u0131 asla Rumlara teslim etmeyi d\u00fc\u015f\u00fcnemem\u201d dedi. Yavuz ve Fatih gemilerinin K\u0131br\u0131s a\u00e7\u0131klar\u0131ndaki sondaj \u00e7al\u0131\u015fmalar\u0131n\u0131n adadaki T\u00fcrk halk\u0131n\u0131n haklar\u0131n\u0131n korunmas\u0131na katk\u0131da bulundu\u011funu ifade eden \u00d6yk\u00fcn, ortak komisyon \u00f6nerisinin reddedilmesinin sorunun \u00e7\u00f6z\u00fcm\u00fcn\u00fc zorla\u015ft\u0131raca\u011f\u0131n\u0131 vurgulad\u0131.<\/p>\n<p>K\u0131br\u0131s T\u00fcrk m\u00fccadele Gazisi \u00d6zcan \u00d6zcanhan ise \u201cEkonomik m\u00fcnhas\u0131r b\u00f6lgelerde Rumlar tek tarafl\u0131 do\u011falgaz ve petrol ar\u0131yor ama bu adada K\u0131br\u0131s T\u00fcrklerinin de hakk\u0131 yok mu? K\u0131br\u0131s T\u00fcrkleri de kendi b\u00f6lgesinde hakk\u0131n\u0131 arayabilir\u201d diyerek, KKTC\u2019nin T\u00fcrkiye\u2019nin deste\u011fiyle haklar\u0131n\u0131 sonuna kadar savunaca\u011f\u0131n\u0131 vurgulad\u0131. Yavuz ve di\u011fer T\u00fcrk gemilerinin b\u00f6lgedeki do\u011falgaz arama, sondajlama \u00e7al\u0131\u015fmalar\u0131n\u0131n kendi sular\u0131nda ger\u00e7ekle\u015fti\u011fini s\u00f6yleyen Gazi \u00d6zcanhan, \u201cRum feryat ediyor, Birle\u015fmi\u015f Milletler feryat ediyor, Avrupa Birli\u011fi yapt\u0131r\u0131mlar uygulayacakm\u0131\u015f. Ben kendi \u00e7evremde, istedi\u011fim yerde, hakk\u0131m de\u011fil midir gaz da arayay\u0131m, do\u011fal kaynaklar\u0131mdan da yararlanay\u0131m? Ruma g\u00f6z k\u0131rpanlar, ona onay verenler neden T\u00fcrklere kar\u015f\u0131 \u00e7\u0131k\u0131yor? Oradaki aray\u0131\u015flar\u0131nda da orta\u011f\u0131z, burada da do\u011falgaz aramak hakk\u0131m\u0131zd\u0131r. Buna kar\u015f\u0131 \u00e7\u0131kanlar\u0131 \u015fiddetle k\u0131n\u0131yorum ve \u00e7ifte standart uygulad\u0131klar\u0131n\u0131 vurguluyorum\u201d diyerek uluslararas\u0131 tart\u0131\u015fmalara sitemde bulundu.<\/p>\n","protected":false},"excerpt":{"rendered":"<p>YAVUZ SONDAJ GEM\u0130S\u0130 KIBRIS A\u00c7IKLARINDA \u0130LK KEZ G\u00d6R\u00dcNT\u00dcLEND\u0130.<\/p>\n","protected":false},"author":1,"featured_media":183189,"comment_status":"closed","ping_status":"open","sticky":false,"template":"","format":"standard","meta":{"jetpack_post_was_ever_published":false,"_jetpack_newsletter_access":"","_jetpack_dont_email_post_to_subs":false,"_jetpack_newsletter_tier_id":0,"_jetpack_memberships_contains_paywalled_content":false,"_jetpack_memberships_contains_paid_content":false,"footnotes":"","jetpack_publicize_message":"","jetpack_publicize_feature_enabled":true,"jetpack_social_post_already_shared":true,"jetpack_social_options":{"image_generator_settings":{"template":"highway","default_image_id":0,"font":"","enabled":false},"version":2}},"categories":[10],"tags":[1073,45241,24437,8294,37,7566,18080,4586],"class_list":["post-183188","post","type-post","status-publish","format-standard","has-post-thumbnail","hentry","category-dunya","tag-ozel","tag-aciklarindaki","tag-gemisinden","tag-goruntuler","tag-ilk","tag-kibris","tag-sondaj","tag-yavuz"],"jetpack_publicize_connections":[],"jetpack_featured_media_url":"https:\/\/i0.wp.com\/www.tvturk.com\/wp-content\/uploads\/2019\/07\/ozel-kibris-aciklarindaki-yavuz-sondaj-gemisinden-ilk-goruntuler_8443367.jpg?fit=1000%2C562","jetpack_sharing_enabled":true,"jetpack_shortlink":"https:\/\/wp.me\/paKIfm-LEE","_links":{"self":[{"href":"http:\/\/www.tvturk.com\/index.php\/wp-json\/wp\/v2\/posts\/183188","targetHints":{"allow":["GET"]}}],"collection":[{"href":"http:\/\/www.tvturk.com\/index.php\/wp-json\/wp\/v2\/posts"}],"about":[{"href":"http:\/\/www.tvturk.com\/index.php\/wp-json\/wp\/v2\/types\/post"}],"author":[{"embeddable":true,"href":"http:\/\/www.tvturk.com\/index.php\/wp-json\/wp\/v2\/users\/1"}],"replies":[{"embeddable":true,"href":"http:\/\/www.tvturk.com\/index.php\/wp-json\/wp\/v2\/comments?post=183188"}],"version-history":[{"count":0,"href":"http:\/\/www.tvturk.com\/index.php\/wp-json\/wp\/v2\/posts\/183188\/revisions"}],"wp:featuredmedia":[{"embeddable":true,"href":"http:\/\/www.tvturk.com\/index.php\/wp-json\/wp\/v2\/media\/183189"}],"wp:attachment":[{"href":"http:\/\/www.tvturk.com\/index.php\/wp-json\/wp\/v2\/media?parent=183188"}],"wp:term":[{"taxonomy":"category","embeddable":true,"href":"http:\/\/www.tvturk.com\/index.php\/wp-json\/wp\/v2\/categories?post=183188"},{"taxonomy":"post_tag","embeddable":true,"href":"http:\/\/www.tvturk.com\/index.php\/wp-json\/wp\/v2\/tags?post=183188"}],"curies":[{"name":"wp","href":"https:\/\/api.w.org\/{rel}","templated":true}]}}