{"id":183192,"date":"2019-07-17T13:46:35","date_gmt":"2019-07-17T10:46:35","guid":{"rendered":"http:\/\/www.tvturk.com\/index.php\/sehit-fotografindaki-yurek-burkan-detay\/"},"modified":"2019-07-17T13:46:35","modified_gmt":"2019-07-17T10:46:35","slug":"sehit-fotografindaki-yurek-burkan-detay","status":"publish","type":"post","link":"http:\/\/www.tvturk.com\/index.php\/sehit-fotografindaki-yurek-burkan-detay\/","title":{"rendered":"\u015eehit foto\u011fraf\u0131ndaki y\u00fcrek burkan detay"},"content":{"rendered":"<p>\u00c7orum\u2019da, ter\u00f6r \u00f6rg\u00fct\u00fc PKK\u2019n\u0131n yerle\u015ftirdi\u011fi patlay\u0131c\u0131n\u0131n infilak etmesi sonucu hayat\u0131n\u0131 kaybeden 8 ya\u015f\u0131ndaki Ayaz G\u00fclo\u011flu, Sungurlulu \u015eehit Astsubay K\u0131demli \u00c7avu\u015f Yavuz Selim Karaman ile bir arada olduklar\u0131 foto\u011fraf ortaya \u00e7\u0131kt\u0131.<\/p>\n<p>Tunceli\u2019nin Ovac\u0131k il\u00e7esine ba\u011fl\u0131 Bilge\u00e7 k\u00f6y\u00fc k\u0131rsal\u0131nda, PKK\u2019l\u0131 hainlerin yola tuzaklad\u0131\u011f\u0131 may\u0131n\u0131n patlamas\u0131 sonucu, Ayaz G\u00fclo\u011flu (8) ve Nupelda G\u00fclo\u011flu (4) adl\u0131 karde\u015fler hayatlar\u0131n\u0131 kaybetti. Tunceli\u2019nin P\u00fcl\u00fcm\u00fcr il\u00e7esinde polis helikopterinin d\u00fc\u015fmesi sonucu \u015fehit olan Jandarma Astsubay K\u0131demli \u00c7avu\u015f Yavuz Selim Karaman, Ayaz G\u00fclo\u011flu ile ayn\u0131 foto\u011fraf karesinde bir arada olduklar\u0131 foto\u011fraf ortaya \u00e7\u0131kt\u0131.<\/p>\n<p>&#8220;Ben inan\u0131yorum ki yavrum o iki \u00e7ocu\u011fu cennette kuca\u011f\u0131na ald\u0131&#8221;<\/p>\n<p>\u015eehit babas\u0131 Hasan Karaman, O\u011fullar\u0131n\u0131n kuca\u011f\u0131ndaki \u00e7ocu\u011fun hayat\u0131n\u0131 kaybeden Ayaz oldu\u011funu \u00f6\u011frendiklerinde \u00e7ok \u00fcz\u00fcld\u00fcklerini belirterek, &#8220;Ben inan\u0131yorum ki yavrum o iki \u00e7ocu\u011fu cennette kuca\u011f\u0131na ald\u0131&#8221; \u015feklinde konu\u015ftu.<\/p>\n<p>O\u011flu Yavuz Selim Karaman\u2019\u0131n 18 Nisan 2017 y\u0131l\u0131nda bir helikopter kazas\u0131nda \u015fehit oldu\u011funu belirten Hasan Karaman, \u201cTunceli\u2019nin Ovac\u0131k il\u00e7esinde g\u00f6rev esnas\u0131nda iken bir k\u00f6ye ke\u015ffe gidiyorlar. Ke\u015ffe gittiklerinde sokakta \u00e7ocuklar\u0131 g\u00f6rm\u00fc\u015f. \u00c7ocuklardan birini kuca\u011f\u0131na alm\u0131\u015f ve arkada\u015flar\u0131ndan birine rica etmi\u015f, bizim foto\u011fraf\u0131m\u0131z\u0131 \u00e7eker misiniz diye. Bu \u00e7ocuk Pazar g\u00fcn\u00fc Ter\u00f6r \u00f6rg\u00fct\u00fc PKK\u2019n\u0131n yerle\u015ftirdi\u011fi patlay\u0131c\u0131n\u0131n infilak etmesi sonucu karde\u015fi ile birlikte hayat\u0131n\u0131 kaybeden Ayaz G\u00fclo\u011flu. O g\u00fcn 4,5-5 ya\u015flar\u0131nda imi\u015f Ayaz. Pazar g\u00fcn\u00fc \u00f6\u011frendi\u011fimizde o \u00e7ocu\u011fun Ayaz oldu\u011funu teyit ettik. D\u00fcn ger\u00e7ekten k\u00f6t\u00fc olduk\u201d dedi.<\/p>\n<p>\u015eehit babas\u0131 Kahraman, &#8220;O\u011flumun \u00e7ocuklara kar\u015f\u0131 a\u015f\u0131r\u0131 bir sevgisi vard\u0131. Sevgiyi, sayg\u0131y\u0131 bilen biriydi. O g\u00fcn onu kendi \u00f6z karde\u015fi gibi ba\u011fr\u0131na bas\u0131p sevmi\u015f, koklam\u0131\u015f, \u00f6pm\u00fc\u015f. Oradan ayr\u0131ld\u0131klar\u0131nda o foto\u011fraf\u0131 \u00e7er\u00e7evelettirdi. Bizde o g\u00fcn bug\u00fcnd\u00fcr o foto\u011fraf\u0131 odas\u0131nda sakl\u0131yoruz. Rabbim onlara gani gani rahmet eylesin. Ben inan\u0131yorum ki yavrum o iki \u00e7ocu\u011fu cennette kuca\u011f\u0131na ald\u0131. Ac\u0131m\u0131z \u00e7ok b\u00fcy\u00fck. 2,5 seneyi geride b\u0131rakt\u0131k ama bizim ac\u0131m\u0131z her ge\u00e7en g\u00fcn katlan\u0131yor. Ama gururluyuz. Yavrumuz \u015eehit oldu. Kuca\u011f\u0131na ald\u0131\u011f\u0131 o k\u00fc\u00e7\u00fck yavruda Pazar g\u00fcn\u00fc rahmeti rahmana kavu\u015ftu. Bizi ger\u00e7ekten \u00fczm\u00fc\u015f durumda. Biz inan\u00e7l\u0131 insanlar\u0131z. Rabbimin bir taksirat\u0131 var. Rabbim b\u00fct\u00fcn \u015fehitlerimize rahmeti ile muamele eylesin\u201d ifadelerini kulland\u0131.<\/p>\n<p>O\u011flunun odas\u0131na girdi\u011finde k\u00f6t\u00fc olan \u015eehit Annesi Mine Karaman ise &#8220;O\u011flum Yavuz Selim Karaman onurumuz, gururumuzdu. \u015eehadetiyle de bize en b\u00fcy\u00fck \u015ferefi ya\u015fatt\u0131. Rabbim cennette kavu\u015fmay\u0131 nasip etsin in\u015fallah\u201d ifadelerini kulland\u0131.<\/p>\n","protected":false},"excerpt":{"rendered":"<p>\u00c7ORUM&#8217;DA, TER\u00d6R \u00d6RG\u00dcT\u00dc PKK\u2019NIN YERLE\u015eT\u0130RD\u0130\u011e\u0130 PATLAYICININ \u0130NF\u0130LAK ETMES\u0130 SONUCU HAYATINI KAYBEDEN 8 YA\u015eINDAK\u0130 AYAZ G\u00dcLO\u011eLU, SUNGURLULU \u015eEH\u0130T ASTSUBAY KIDEML\u0130 \u00c7AVU\u015e YAVUZ SEL\u0130M KARAMAN \u0130LE B\u0130R ARADA OLDUKLARI FOTO\u011eRAF ORTAYA \u00c7IKTI.<\/p>\n","protected":false},"author":1,"featured_media":183193,"comment_status":"closed","ping_status":"open","sticky":false,"template":"","format":"standard","meta":{"jetpack_post_was_ever_published":false,"_jetpack_newsletter_access":"","_jetpack_dont_email_post_to_subs":false,"_jetpack_newsletter_tier_id":0,"_jetpack_memberships_contains_paywalled_content":false,"_jetpack_memberships_contains_paid_content":false,"footnotes":"","jetpack_publicize_message":"","jetpack_publicize_feature_enabled":true,"jetpack_social_post_already_shared":true,"jetpack_social_options":{"image_generator_settings":{"template":"highway","default_image_id":0,"font":"","enabled":false},"version":2}},"categories":[1],"tags":[6472,8935,45242,237,367],"class_list":["post-183192","post","type-post","status-publish","format-standard","has-post-thumbnail","hentry","category-genel","tag-burkan","tag-detay","tag-fotografindaki","tag-sehit","tag-yurek"],"jetpack_publicize_connections":[],"jetpack_featured_media_url":"https:\/\/i0.wp.com\/www.tvturk.com\/wp-content\/uploads\/2019\/07\/sehit-fotografindaki-yurek-burkan-detay_c2ebb96.jpg?fit=1000%2C750","jetpack_sharing_enabled":true,"jetpack_shortlink":"https:\/\/wp.me\/paKIfm-LEI","_links":{"self":[{"href":"http:\/\/www.tvturk.com\/index.php\/wp-json\/wp\/v2\/posts\/183192","targetHints":{"allow":["GET"]}}],"collection":[{"href":"http:\/\/www.tvturk.com\/index.php\/wp-json\/wp\/v2\/posts"}],"about":[{"href":"http:\/\/www.tvturk.com\/index.php\/wp-json\/wp\/v2\/types\/post"}],"author":[{"embeddable":true,"href":"http:\/\/www.tvturk.com\/index.php\/wp-json\/wp\/v2\/users\/1"}],"replies":[{"embeddable":true,"href":"http:\/\/www.tvturk.com\/index.php\/wp-json\/wp\/v2\/comments?post=183192"}],"version-history":[{"count":0,"href":"http:\/\/www.tvturk.com\/index.php\/wp-json\/wp\/v2\/posts\/183192\/revisions"}],"wp:featuredmedia":[{"embeddable":true,"href":"http:\/\/www.tvturk.com\/index.php\/wp-json\/wp\/v2\/media\/183193"}],"wp:attachment":[{"href":"http:\/\/www.tvturk.com\/index.php\/wp-json\/wp\/v2\/media?parent=183192"}],"wp:term":[{"taxonomy":"category","embeddable":true,"href":"http:\/\/www.tvturk.com\/index.php\/wp-json\/wp\/v2\/categories?post=183192"},{"taxonomy":"post_tag","embeddable":true,"href":"http:\/\/www.tvturk.com\/index.php\/wp-json\/wp\/v2\/tags?post=183192"}],"curies":[{"name":"wp","href":"https:\/\/api.w.org\/{rel}","templated":true}]}}