{"id":183274,"date":"2019-07-17T15:32:27","date_gmt":"2019-07-17T12:32:27","guid":{"rendered":"http:\/\/www.tvturk.com\/index.php\/ozel-mehmet-ozcan-istanbul-yolunda\/"},"modified":"2019-07-17T15:32:27","modified_gmt":"2019-07-17T12:32:27","slug":"ozel-mehmet-ozcan-istanbul-yolunda","status":"publish","type":"post","link":"http:\/\/www.tvturk.com\/index.php\/ozel-mehmet-ozcan-istanbul-yolunda\/","title":{"rendered":"(\u00f6zel) Mehmet \u00d6zcan \u0130stanbul yolunda"},"content":{"rendered":"<p>Eski\u015fehirspor Sportif Direkt\u00f6r\u00fc Ayhan Ta\u015f\u00e7\u0131, d\u00f6rt b\u00fcy\u00fcklerin transfer g\u00fcndeminde yer alan Mehmet \u00d6zcan\u2019\u0131n gelece\u011fi ve Ba\u015fak\u015fehir ile yap\u0131lan protokol hakk\u0131nda a\u00e7\u0131klamalarda bulundu.<\/p>\n<p>Spor Toto 1. Lig ekiplerinden Eski\u015fehirspor\u2019un gen\u00e7 y\u0131ld\u0131z\u0131 Mehmet \u00d6zcan\u2019\u0131n gelece\u011fi netle\u015fmeye ba\u015fl\u0131yor. Son olarak Be\u015fikta\u015f, Trabzonspor, Fenerbah\u00e7e ve Galatasaray\u2019\u0131n yak\u0131ndan takip etti\u011fi gen\u00e7 orta saha i\u00e7in Eski\u015fehirspor ve Ba\u015fak\u015fehir\u2019in yapt\u0131\u011f\u0131 anla\u015fma ortaya \u00e7\u0131kt\u0131. Anla\u015fmaya g\u00f6re Cemali Sertel transferi ile yak\u0131n diyalog kuran Ba\u015fak\u015fehir ve Eski\u015fehirspor y\u00f6netimi, K\u0131rm\u0131z\u0131 Siyahl\u0131lar\u0131n gen\u00e7 y\u0131ld\u0131z\u0131 Mehmet \u00d6zcan\u2019a ba\u015fka bir tak\u0131mdan teklif gelmesi halinde 24 saat i\u00e7inde Ba\u015fak\u015fehir kul\u00fcb\u00fcne bildirilmesini ka\u011f\u0131da d\u00f6kt\u00fc. \u00d6zellikle Be\u015fikta\u015f\u2019\u0131n yak\u0131ndan ilgilendi\u011fi gen\u00e7 orta saha i\u00e7in Eski\u015fehirspor y\u00f6netimi g\u00f6r\u00fc\u015fmelerin oldu\u011funu do\u011frularken hen\u00fcz resmi bir teklif gelmedi\u011fini belirtti. Eski\u015fehirspor\u2019un Afyon\u2019da yapaca\u011f\u0131 yeni sezon kamp \u00e7al\u0131\u015fmalar\u0131nda tak\u0131mla birlikte hareket eden Mehmet \u00d6zcan\u2019\u0131n durumunun ise birka\u00e7 g\u00fcn i\u00e7inde netle\u015fece\u011fi ifade edildi.<\/p>\n<p>\u0130HA muhabirine \u00f6zel a\u00e7\u0131klamalarda bulunan Eski\u015fehirspor Sportif Direkt\u00f6r\u00fc Ayhan Ta\u015f\u00e7\u0131, \u201cMehmet \u00d6zcan bizimle birlikte Afyon kamp\u0131na kat\u0131larak \u00e7al\u0131\u015fmalar\u0131na devam ediyor. Neticesinde bizim s\u00f6zle\u015fmeli futbolcumuz. \u015eartlar ne olursa olsun kul\u00fcb\u00fcme para kazand\u0131rmadan herhangi bir yere gitmem d\u00fc\u015f\u00fcncesinde olan \u00e7ok k\u0131ymetli biri. Ba\u015fak\u015fehir ile yapt\u0131\u011f\u0131m\u0131z protokol do\u011fru. Cemali\u2019nin Ba\u015fak\u015fehir\u2019e gidi\u015fi sonras\u0131 Ba\u015fak\u015fehir y\u00f6neticileri bizden gen\u00e7 y\u0131ld\u0131zlar\u0131m\u0131z i\u00e7in \u00f6ncelik talep etti ve biz de uygun bulduk. Biz de 1 sezon ge\u00e7erli olmak ko\u015fuluyla protokole imza att\u0131k. Mehmet\u2019e teklif geldi\u011fi takdirde 24 saat i\u00e7inde Ba\u015fak\u015fehir\u2019e bildirmemiz gerekiyor. \u015eu an i\u00e7in g\u00f6r\u00fc\u015fmeler var ama resmi yaz\u0131l\u0131 bir teklif yok. Bir iki g\u00fcn i\u00e7inde durumun netle\u015fece\u011fini d\u00fc\u015f\u00fcn\u00fcyorum\u201d ifadelerini kulland\u0131.<\/p>\n<p>20 ya\u015f\u0131ndaki gen\u00e7 orta saha, bu sezon 37 ma\u00e7ta forma giyerek tak\u0131m\u0131n dinamosu olurken etkili oyunuyla K\u0131rm\u0131z\u0131l\u0131 Siyahl\u0131lar\u0131n lige tutunmas\u0131nda \u00f6nemli rol oynad\u0131.<\/p>\n","protected":false},"excerpt":{"rendered":"<p>ESK\u0130\u015eEH\u0130RSPOR SPORT\u0130F D\u0130REKT\u00d6R\u00dc AYHAN TA\u015e\u00c7I, D\u00d6RT B\u00dcY\u00dcKLER\u0130N TRANSFER G\u00dcNDEM\u0130NDE YER ALAN MEHMET \u00d6ZCAN\u2019IN GELECE\u011e\u0130 VE BA\u015eAK\u015eEH\u0130R \u0130LE YAPILAN PROTOKOL HAKKINDA A\u00c7IKLAMALARDA BULUNDU.<\/p>\n","protected":false},"author":1,"featured_media":183275,"comment_status":"closed","ping_status":"open","sticky":false,"template":"","format":"standard","meta":{"jetpack_post_was_ever_published":false,"_jetpack_newsletter_access":"","_jetpack_dont_email_post_to_subs":false,"_jetpack_newsletter_tier_id":0,"_jetpack_memberships_contains_paywalled_content":false,"_jetpack_memberships_contains_paid_content":false,"footnotes":"","jetpack_publicize_message":"","jetpack_publicize_feature_enabled":true,"jetpack_social_post_already_shared":true,"jetpack_social_options":{"image_generator_settings":{"template":"highway","default_image_id":0,"font":"","enabled":false},"version":2}},"categories":[657],"tags":[1073,730,2570,19923,1464],"class_list":["post-183274","post","type-post","status-publish","format-standard","has-post-thumbnail","hentry","category-spor","tag-ozel","tag-istanbul","tag-mehmet","tag-ozcan","tag-yolunda"],"jetpack_publicize_connections":[],"jetpack_featured_media_url":"https:\/\/i0.wp.com\/www.tvturk.com\/wp-content\/uploads\/2019\/07\/ozel-mehmet-ozcan-istanbul-yolunda_cc914f9.jpg?fit=700%2C574","jetpack_sharing_enabled":true,"jetpack_shortlink":"https:\/\/wp.me\/paKIfm-LG2","_links":{"self":[{"href":"http:\/\/www.tvturk.com\/index.php\/wp-json\/wp\/v2\/posts\/183274","targetHints":{"allow":["GET"]}}],"collection":[{"href":"http:\/\/www.tvturk.com\/index.php\/wp-json\/wp\/v2\/posts"}],"about":[{"href":"http:\/\/www.tvturk.com\/index.php\/wp-json\/wp\/v2\/types\/post"}],"author":[{"embeddable":true,"href":"http:\/\/www.tvturk.com\/index.php\/wp-json\/wp\/v2\/users\/1"}],"replies":[{"embeddable":true,"href":"http:\/\/www.tvturk.com\/index.php\/wp-json\/wp\/v2\/comments?post=183274"}],"version-history":[{"count":0,"href":"http:\/\/www.tvturk.com\/index.php\/wp-json\/wp\/v2\/posts\/183274\/revisions"}],"wp:featuredmedia":[{"embeddable":true,"href":"http:\/\/www.tvturk.com\/index.php\/wp-json\/wp\/v2\/media\/183275"}],"wp:attachment":[{"href":"http:\/\/www.tvturk.com\/index.php\/wp-json\/wp\/v2\/media?parent=183274"}],"wp:term":[{"taxonomy":"category","embeddable":true,"href":"http:\/\/www.tvturk.com\/index.php\/wp-json\/wp\/v2\/categories?post=183274"},{"taxonomy":"post_tag","embeddable":true,"href":"http:\/\/www.tvturk.com\/index.php\/wp-json\/wp\/v2\/tags?post=183274"}],"curies":[{"name":"wp","href":"https:\/\/api.w.org\/{rel}","templated":true}]}}