{"id":183320,"date":"2019-07-17T16:31:43","date_gmt":"2019-07-17T13:31:43","guid":{"rendered":"http:\/\/www.tvturk.com\/index.php\/denizlide-dolu-tarim-arazilerinde-zarara-yol-acti\/"},"modified":"2019-07-17T16:31:43","modified_gmt":"2019-07-17T13:31:43","slug":"denizlide-dolu-tarim-arazilerinde-zarara-yol-acti","status":"publish","type":"post","link":"http:\/\/www.tvturk.com\/index.php\/denizlide-dolu-tarim-arazilerinde-zarara-yol-acti\/","title":{"rendered":"Denizli\u2019de dolu tar\u0131m arazilerinde zarara yol a\u00e7t\u0131"},"content":{"rendered":"<p>Denizli\u2019nin Bekilli il\u00e7esinde etkili olan dolu ya\u011f\u0131\u015f\u0131 tar\u0131m arazilerinde zarara yol a\u00e7t\u0131.<\/p>\n<p>Bekilli ve \u00e7evre il\u00e7elerde \u00f6\u011fleden sonra etkili olan dolu ya\u011f\u0131\u015f\u0131, \u00fcz\u00fcm ba\u011flar\u0131 ve ekili alanlara zarar verdi. Dolu nedeniyle \u00fcz\u00fcm ba\u011flar\u0131 beyaza b\u00fcr\u00fcn\u00fcrken, \u00e7ift\u00e7iler olu\u015fan hasar\u0131 hesaplamaya \u00e7al\u0131\u015f\u0131yor.<\/p>\n","protected":false},"excerpt":{"rendered":"<p>DEN\u0130ZL\u0130&#8217;DE SA\u011eANAK YA\u011eI\u015e BEK\u0130LL\u0130 \u0130L\u00c7ES\u0130NDE DOLU YA\u011eI\u015eI OLARAK ETK\u0130S\u0130N\u0130 G\u00d6STERD\u0130. DOLU YA\u011eI\u015eINDA TARIM ARAZ\u0130LER\u0130 ZARAR G\u00d6RD\u00dc.<\/p>\n","protected":false},"author":1,"featured_media":183321,"comment_status":"closed","ping_status":"open","sticky":false,"template":"","format":"standard","meta":{"jetpack_post_was_ever_published":false,"_jetpack_newsletter_access":"","_jetpack_dont_email_post_to_subs":false,"_jetpack_newsletter_tier_id":0,"_jetpack_memberships_contains_paywalled_content":false,"_jetpack_memberships_contains_paid_content":false,"footnotes":"","jetpack_publicize_message":"","jetpack_publicize_feature_enabled":true,"jetpack_social_post_already_shared":true,"jetpack_social_options":{"image_generator_settings":{"template":"highway","default_image_id":0,"font":"","enabled":false},"version":2}},"categories":[1],"tags":[1494,35360,188,6667,2403,75,3819],"class_list":["post-183320","post","type-post","status-publish","format-standard","has-post-thumbnail","hentry","category-genel","tag-acti","tag-arazilerinde","tag-denizlide","tag-dolu","tag-tarim","tag-yol","tag-zarara"],"jetpack_publicize_connections":[],"jetpack_featured_media_url":"https:\/\/i0.wp.com\/www.tvturk.com\/wp-content\/uploads\/2019\/07\/denizlide-dolu-tarim-arazilerinde-zarara-yol-acti_c9e0796.jpg?fit=960%2C720","jetpack_sharing_enabled":true,"jetpack_shortlink":"https:\/\/wp.me\/paKIfm-LGM","_links":{"self":[{"href":"http:\/\/www.tvturk.com\/index.php\/wp-json\/wp\/v2\/posts\/183320","targetHints":{"allow":["GET"]}}],"collection":[{"href":"http:\/\/www.tvturk.com\/index.php\/wp-json\/wp\/v2\/posts"}],"about":[{"href":"http:\/\/www.tvturk.com\/index.php\/wp-json\/wp\/v2\/types\/post"}],"author":[{"embeddable":true,"href":"http:\/\/www.tvturk.com\/index.php\/wp-json\/wp\/v2\/users\/1"}],"replies":[{"embeddable":true,"href":"http:\/\/www.tvturk.com\/index.php\/wp-json\/wp\/v2\/comments?post=183320"}],"version-history":[{"count":0,"href":"http:\/\/www.tvturk.com\/index.php\/wp-json\/wp\/v2\/posts\/183320\/revisions"}],"wp:featuredmedia":[{"embeddable":true,"href":"http:\/\/www.tvturk.com\/index.php\/wp-json\/wp\/v2\/media\/183321"}],"wp:attachment":[{"href":"http:\/\/www.tvturk.com\/index.php\/wp-json\/wp\/v2\/media?parent=183320"}],"wp:term":[{"taxonomy":"category","embeddable":true,"href":"http:\/\/www.tvturk.com\/index.php\/wp-json\/wp\/v2\/categories?post=183320"},{"taxonomy":"post_tag","embeddable":true,"href":"http:\/\/www.tvturk.com\/index.php\/wp-json\/wp\/v2\/tags?post=183320"}],"curies":[{"name":"wp","href":"https:\/\/api.w.org\/{rel}","templated":true}]}}