{"id":183324,"date":"2019-07-17T16:32:23","date_gmt":"2019-07-17T13:32:23","guid":{"rendered":"http:\/\/www.tvturk.com\/index.php\/genclik-ve-spor-bakani-kasapoglundan-baglara-spor-tesisi-mujdesi\/"},"modified":"2019-07-17T16:32:23","modified_gmt":"2019-07-17T13:32:23","slug":"genclik-ve-spor-bakani-kasapoglundan-baglara-spor-tesisi-mujdesi","status":"publish","type":"post","link":"http:\/\/www.tvturk.com\/index.php\/genclik-ve-spor-bakani-kasapoglundan-baglara-spor-tesisi-mujdesi\/","title":{"rendered":"Gen\u00e7lik ve Spor Bakan\u0131 Kasapo\u011flu\u2019ndan Ba\u011flar\u2019a Spor Tesisi m\u00fcjdesi"},"content":{"rendered":"<p>Ba\u011flar il\u00e7e Belediye Ba\u015fkan\u0131 H\u00fcseyin Beyo\u011flu\u2019nun Ankara\u2019da ziyaret etti\u011fi Gen\u00e7lik Ve Spor Bakan\u0131 Dr. Mehmet Muharrem Kasapo\u011flu, Diyarbak\u0131r\u2019da gen\u00e7 n\u00fcfusun yo\u011fun oldu\u011fu Ba\u011flar il\u00e7esine \u00e7ok ama\u00e7l\u0131 spor tesisi yapacaklar\u0131n\u0131 bildirdi. Ba\u015fkan Beyo\u011flu, \u201dBa\u011flar\u2019\u0131m\u0131z\u0131n gen\u00e7lerine ve \u00e7ocuklar\u0131na bu m\u00fcjdeyi veren say\u0131n bakan\u0131m\u0131za te\u015fekk\u00fcr ediyoruz\u201d dedi.<\/p>\n<p>Diyarbak\u0131r\u2019\u0131n merkez Ba\u011flar il\u00e7e Belediye Ba\u015fkan\u0131 H\u00fcseyin Beyo\u011flu, Gen\u00e7lik ve Spor Bakan\u0131 Dr. Mehmet Muharrem Kasapo\u011flu\u2019nu ziyaret etti. Ba\u011flar il\u00e7esi\u2019nin spor ve gen\u00e7lik ile ilgili durumu ve sorunlar\u0131 hakk\u0131nda bilgi veren Ba\u015fkan Beyo\u011flu, Bakan Kasapo\u011flu\u2019ndan tesisle\u015fme konusunda \u00f6nemli bir s\u00f6z ald\u0131.<\/p>\n<p>Ba\u011flar il\u00e7e Belediyespor Kul\u00fcb\u00fc Ba\u015fkan\u0131 Ha\u015fim Merdo\u011flu\u2019nun da haz\u0131r bulundu\u011fu g\u00f6r\u00fc\u015fmede Bakan Kasao\u011flu, Diyarbak\u0131r\u2019\u0131n ve Ba\u011flar\u2019\u0131n spordaki potansiyelini bildiklerini dile getirerek \u00e7ok ama\u00e7l\u0131 spor tesisi kazand\u0131racaklar\u0131n\u0131 s\u00f6yledi.<\/p>\n<p>Bakan Kasapo\u011flu\u2019nun tesis m\u00fcjdesi sevin\u00e7le kar\u015f\u0131land\u0131<\/p>\n<p>Ba\u011flar il\u00e7e Belediye Ba\u015fkan\u0131 H\u00fcseyin Beyo\u011flu, Ba\u011flar\u2019da ciddi oranda gen\u00e7 n\u00fcfus oldu\u011funa dikkat \u00e7ekerek, \u201dBa\u011flar\u2019\u0131m\u0131z\u0131 e\u011fitimde, k\u00fclt\u00fcrde ve sporda hak etti\u011fi yere ta\u015f\u0131mak istiyoruz. Bunun i\u00e7in \u00f6nemli projeler \u00fczerinde duruyoruz, hayata ge\u00e7iriyoruz. Ba\u011flar, bu alanlarda makus talihini yenecek in\u015fallah. Bug\u00fcn de say\u0131n bakan\u0131m\u0131zdan spor tesisi i\u00e7in g\u00fczel bir m\u00fcjde ald\u0131k. \u00c7ok ama\u00e7l\u0131 bir spor tesisini il\u00e7emize kazand\u0131racaklar\u0131n\u0131 ifade ettiler. Bu tesis Diyarbak\u0131r\u2019\u0131m\u0131z i\u00e7in kazan\u00e7 olacak. Say\u0131n bakan\u0131m\u0131za vermi\u015f oldu\u011fu spor tesisi m\u00fcjdesi i\u00e7in kentimiz ve il\u00e7emiz ad\u0131na te\u015fekk\u00fcr ediyoruz\u201c diye konu\u015ftu.<\/p>\n","protected":false},"excerpt":{"rendered":"<p>BA\u011eLAR \u0130L\u00c7E BELED\u0130YE BA\u015eKANI H\u00dcSEY\u0130N BEYO\u011eLU\u2019NUN ANKARA\u2019DA Z\u0130YARET ETT\u0130\u011e\u0130 GEN\u00c7L\u0130K VE SPOR BAKANI DR. MEHMET MUHARREM KASAPO\u011eLU, D\u0130YARBAKIR\u2019DA GEN\u00c7 N\u00dcFUSUN YO\u011eUN OLDU\u011eU BA\u011eLAR \u0130L\u00c7ES\u0130NE \u00c7OK AMA\u00c7LI SPOR TES\u0130S\u0130 YAPACAKLARINI B\u0130LD\u0130RD\u0130.<\/p>\n","protected":false},"author":1,"featured_media":183325,"comment_status":"closed","ping_status":"open","sticky":false,"template":"","format":"standard","meta":{"jetpack_post_was_ever_published":false,"_jetpack_newsletter_access":"","_jetpack_dont_email_post_to_subs":false,"_jetpack_newsletter_tier_id":0,"_jetpack_memberships_contains_paywalled_content":false,"_jetpack_memberships_contains_paid_content":false,"footnotes":"","jetpack_publicize_message":"","jetpack_publicize_feature_enabled":true,"jetpack_social_post_already_shared":true,"jetpack_social_options":{"image_generator_settings":{"template":"highway","default_image_id":0,"font":"","enabled":false},"version":2}},"categories":[657],"tags":[45296,933,512,13219,5260,1619,3147],"class_list":["post-183324","post","type-post","status-publish","format-standard","has-post-thumbnail","hentry","category-spor","tag-baglara","tag-bakani","tag-genclik","tag-kasapoglundan","tag-mujdesi","tag-spor","tag-tesisi"],"jetpack_publicize_connections":[],"jetpack_featured_media_url":"https:\/\/i0.wp.com\/www.tvturk.com\/wp-content\/uploads\/2019\/07\/genclik-ve-spor-bakani-kasapoglundan-baglara-spor-tesisi-mujdesi_f679a2f.jpg?fit=1000%2C738","jetpack_sharing_enabled":true,"jetpack_shortlink":"https:\/\/wp.me\/paKIfm-LGQ","_links":{"self":[{"href":"http:\/\/www.tvturk.com\/index.php\/wp-json\/wp\/v2\/posts\/183324","targetHints":{"allow":["GET"]}}],"collection":[{"href":"http:\/\/www.tvturk.com\/index.php\/wp-json\/wp\/v2\/posts"}],"about":[{"href":"http:\/\/www.tvturk.com\/index.php\/wp-json\/wp\/v2\/types\/post"}],"author":[{"embeddable":true,"href":"http:\/\/www.tvturk.com\/index.php\/wp-json\/wp\/v2\/users\/1"}],"replies":[{"embeddable":true,"href":"http:\/\/www.tvturk.com\/index.php\/wp-json\/wp\/v2\/comments?post=183324"}],"version-history":[{"count":0,"href":"http:\/\/www.tvturk.com\/index.php\/wp-json\/wp\/v2\/posts\/183324\/revisions"}],"wp:featuredmedia":[{"embeddable":true,"href":"http:\/\/www.tvturk.com\/index.php\/wp-json\/wp\/v2\/media\/183325"}],"wp:attachment":[{"href":"http:\/\/www.tvturk.com\/index.php\/wp-json\/wp\/v2\/media?parent=183324"}],"wp:term":[{"taxonomy":"category","embeddable":true,"href":"http:\/\/www.tvturk.com\/index.php\/wp-json\/wp\/v2\/categories?post=183324"},{"taxonomy":"post_tag","embeddable":true,"href":"http:\/\/www.tvturk.com\/index.php\/wp-json\/wp\/v2\/tags?post=183324"}],"curies":[{"name":"wp","href":"https:\/\/api.w.org\/{rel}","templated":true}]}}