{"id":183332,"date":"2019-07-17T17:01:35","date_gmt":"2019-07-17T14:01:35","guid":{"rendered":"http:\/\/www.tvturk.com\/index.php\/ito-baskani-avdagicten-erbildeki-saldiriya-iliskin-aciklama\/"},"modified":"2019-07-17T17:01:35","modified_gmt":"2019-07-17T14:01:35","slug":"ito-baskani-avdagicten-erbildeki-saldiriya-iliskin-aciklama","status":"publish","type":"post","link":"http:\/\/www.tvturk.com\/index.php\/ito-baskani-avdagicten-erbildeki-saldiriya-iliskin-aciklama\/","title":{"rendered":"\u0130TO Ba\u015fkan\u0131 Avdagi\u00e7\u2019ten Erbil\u2019deki sald\u0131r\u0131ya ili\u015fkin a\u00e7\u0131klama"},"content":{"rendered":"<p>\u0130TO Ba\u015fkan\u0131 \u015eekib Avdagi\u00e7, Erbil\u2019de T\u00fcrkiye ba\u015fkonsoloslu\u011fu g\u00f6revlisine kar\u015f\u0131 d\u00fczenlenen silahl\u0131 sald\u0131r\u0131ya ili\u015fkin yapt\u0131\u011f\u0131 a\u00e7\u0131klamada \u201cKirli tezgahlar\u0131n\u0131 s\u00fcrd\u00fcrmek i\u00e7in ter\u00f6r\u00fc ve ter\u00f6ristleri bir ma\u015fa gibi kullananlar bilmelidirler ki, \u015fehitlerimizin kanlar\u0131n\u0131n her damlas\u0131ndan sorumludurlar\u201d dedi.<\/p>\n<p>\u0130stanbul Ticaret Odas\u0131 (\u0130TO) Ba\u015fkan\u0131 \u015eekib Avdagi\u00e7, Irak\u2019\u0131n Erbil kentinde T\u00fcrkiye ba\u015fkonsoloslu\u011fu g\u00f6revlisine kar\u015f\u0131 d\u00fczenlenen silahl\u0131 sald\u0131r\u0131y\u0131 lanetledi.<\/p>\n<p>Avdagi\u00e7, yapt\u0131\u011f\u0131 yaz\u0131l\u0131 a\u00e7\u0131klamada \u015funlar\u0131 s\u00f6yledi:<\/p>\n<p>\u201cT\u00fcrkiye\u2019nin Erbil Ba\u015fkonsolosluk g\u00f6revlisine y\u00f6nelik al\u00e7ak\u00e7a sald\u0131r\u0131y\u0131 nefretle lanetliyoruz. Bu menfur sald\u0131r\u0131da \u015fehit d\u00fc\u015fen ba\u015fkonsolosluk g\u00f6revlimize Allah\u2019tan rahmet, ailesine ve milletimize sab\u0131rlar diliyoruz.<\/p>\n<p>Kirli tezgahlar\u0131n\u0131 s\u00fcrd\u00fcrmek i\u00e7in ter\u00f6r\u00fc ve ter\u00f6ristleri bir ma\u015fa gibi kullananlar, bilmelidirler ki, \u015fehitlerimizin kanlar\u0131n\u0131n her damlas\u0131ndan sorumludurlar.<\/p>\n<p>Eminiz ki T\u00fcrkiye, bug\u00fcne kadar oldu\u011fu gibi bug\u00fcn de bu hain sald\u0131r\u0131y\u0131 ger\u00e7ekle\u015ftirenlere hak ettikleri cezay\u0131 verecektir.  Hi\u00e7bir sald\u0131r\u0131 ve karanl\u0131k emel, T\u00fcrkiye\u2019yi, \u00fclkesinde oldu\u011fu gibi b\u00f6lgesinde de bar\u0131\u015f ve huzuru temin etme gayretinden al\u0131koyamayacakt\u0131r.\u201d<\/p>\n","protected":false},"excerpt":{"rendered":"<p>\u015eEK\u0130B AVDAG\u0130\u00c7, ERB\u0130L\u2019DE SALDIRIYA \u0130L\u0130\u015eK\u0130N, \u201cK\u0130RL\u0130 TEZGAHLARINI S\u00dcRD\u00dcRMEK \u0130\u00c7\u0130N TER\u00d6R\u00dc VE TER\u00d6R\u0130STLER\u0130 B\u0130R MA\u015eA G\u0130B\u0130 KULLANANLAR B\u0130LMEL\u0130D\u0130RLER K\u0130, \u015eEH\u0130TLER\u0130M\u0130Z\u0130N KANLARININ HER DAMLASINDAN SORUMLUDURLAR\u201d DED\u0130.<\/p>\n","protected":false},"author":1,"featured_media":183333,"comment_status":"closed","ping_status":"open","sticky":false,"template":"","format":"standard","meta":{"jetpack_post_was_ever_published":false,"_jetpack_newsletter_access":"","_jetpack_dont_email_post_to_subs":false,"_jetpack_newsletter_tier_id":0,"_jetpack_memberships_contains_paywalled_content":false,"_jetpack_memberships_contains_paid_content":false,"footnotes":"","jetpack_publicize_message":"","jetpack_publicize_feature_enabled":true,"jetpack_social_post_already_shared":true,"jetpack_social_options":{"image_generator_settings":{"template":"highway","default_image_id":0,"font":"","enabled":false},"version":2}},"categories":[19],"tags":[3349,45297,216,32634,9764,44357,7074],"class_list":["post-183332","post","type-post","status-publish","format-standard","has-post-thumbnail","hentry","category-ekonomi","tag-aciklama","tag-avdagicten","tag-baskani","tag-erbildeki","tag-iliskin","tag-ito","tag-saldiriya"],"jetpack_publicize_connections":[],"jetpack_featured_media_url":"https:\/\/i0.wp.com\/www.tvturk.com\/wp-content\/uploads\/2019\/07\/ito-baskani-avdagicten-erbildeki-saldiriya-iliskin-aciklama_20be12a.jpg?fit=1000%2C666","jetpack_sharing_enabled":true,"jetpack_shortlink":"https:\/\/wp.me\/paKIfm-LGY","_links":{"self":[{"href":"http:\/\/www.tvturk.com\/index.php\/wp-json\/wp\/v2\/posts\/183332","targetHints":{"allow":["GET"]}}],"collection":[{"href":"http:\/\/www.tvturk.com\/index.php\/wp-json\/wp\/v2\/posts"}],"about":[{"href":"http:\/\/www.tvturk.com\/index.php\/wp-json\/wp\/v2\/types\/post"}],"author":[{"embeddable":true,"href":"http:\/\/www.tvturk.com\/index.php\/wp-json\/wp\/v2\/users\/1"}],"replies":[{"embeddable":true,"href":"http:\/\/www.tvturk.com\/index.php\/wp-json\/wp\/v2\/comments?post=183332"}],"version-history":[{"count":0,"href":"http:\/\/www.tvturk.com\/index.php\/wp-json\/wp\/v2\/posts\/183332\/revisions"}],"wp:featuredmedia":[{"embeddable":true,"href":"http:\/\/www.tvturk.com\/index.php\/wp-json\/wp\/v2\/media\/183333"}],"wp:attachment":[{"href":"http:\/\/www.tvturk.com\/index.php\/wp-json\/wp\/v2\/media?parent=183332"}],"wp:term":[{"taxonomy":"category","embeddable":true,"href":"http:\/\/www.tvturk.com\/index.php\/wp-json\/wp\/v2\/categories?post=183332"},{"taxonomy":"post_tag","embeddable":true,"href":"http:\/\/www.tvturk.com\/index.php\/wp-json\/wp\/v2\/tags?post=183332"}],"curies":[{"name":"wp","href":"https:\/\/api.w.org\/{rel}","templated":true}]}}