{"id":183340,"date":"2019-07-17T17:02:33","date_gmt":"2019-07-17T14:02:33","guid":{"rendered":"http:\/\/www.tvturk.com\/index.php\/dostluk-kazandi\/"},"modified":"2019-07-17T17:02:33","modified_gmt":"2019-07-17T14:02:33","slug":"dostluk-kazandi","status":"publish","type":"post","link":"http:\/\/www.tvturk.com\/index.php\/dostluk-kazandi\/","title":{"rendered":"Dostluk kazand\u0131"},"content":{"rendered":"<p>Bursa B\u00fcy\u00fck\u015fehir Belediyespor Kul\u00fcb\u00fc ve \u0130neg\u00f6l Gen\u00e7lik ve Spor Kul\u00fcb\u00fc masa tenisi tak\u0131mlar\u0131, 15 Temmuz kupas\u0131nda bulu\u015ftu. \u0130ki kul\u00fcpten 68 sporcunun kat\u0131ld\u0131\u011f\u0131 turnuvada dereceye girenler \u00e7e\u015fitli hediyelerle \u00f6d\u00fcllendirildi.<\/p>\n<p>Bursa B\u00fcy\u00fck\u015fehir Belediyespor Kul\u00fcb\u00fc Masa Tenisi bran\u015f\u0131, \u201815 Temmuz Demokrasi ve Milli Birlik G\u00fcn\u00fc\u2019 anma ad\u0131na turnuva d\u00fczenledi. 15 Temmuz Kupas\u0131 olarak adland\u0131r\u0131lan turnuvaya B\u00fcy\u00fck\u015fehir Belediyespor Kul\u00fcb\u00fc ve \u0130neg\u00f6l Gen\u00e7lik ve Spor Kul\u00fcb\u00fc masa tenisi sporcular\u0131 kat\u0131ld\u0131. B\u00fcy\u00fck\u015fehir Belediyesi BUSK\u0130 Masa Tenisi Salonu\u2019nda yap\u0131lan organizasyona, minik, k\u00fc\u00e7\u00fck, y\u0131ld\u0131z ve gen\u00e7 kategorilerinde toplam 68 sporcu kat\u0131ld\u0131. Dereceye girenlere \u00e7e\u015fitli hediyeler verildi.<\/p>\n<p>\u201c\u00d6zel bir turnuva oldu\u201d<\/p>\n<p>\u00d6d\u00fcl t\u00f6reninde konu\u015fan Bursa B\u00fcy\u00fck\u015fehir Belediyespor Kul\u00fcb\u00fc Y\u00f6netim Kurulu \u00dcyesi Metin Biberci, misafir tak\u0131m \u0130neg\u00f6l Gen\u00e7lik ve Spor Kul\u00fcb\u00fc\u2019ne te\u015fekk\u00fcr etti. Turnuvan\u0131n 15 Temmuz Demokrasi ve Milli Birlik G\u00fcn\u00fc\u2019n\u00fc an\u0131s\u0131na yap\u0131ld\u0131\u011f\u0131n\u0131 belirten Biberci, \u201c \u0130neg\u00f6l Gen\u00e7lik ve Spor Kul\u00fcb\u00fc\u2019n\u00fc burada misafir ettik. K\u00fc\u00e7\u00fck b\u00fcy\u00fck b\u00fct\u00fcn sporcular\u0131m\u0131z hem ma\u00e7 yapt\u0131 hem de yeni arkada\u015flar\u0131yla antrenman f\u0131rsat\u0131 yakalad\u0131. Sporcular\u0131m\u0131z\u0131n yan\u0131 s\u0131ra ailelerimiz de bu \u00f6nemli g\u00fcn\u00fc bizimle payla\u015ft\u0131lar. Turnuvadaki amac\u0131m\u0131z yar\u0131\u015fmadan ziyade, \u00fclkemiz i\u00e7in \u00f6nemli bir g\u00fcn olan 15 Temmuz\u2019u unutturmamakt\u0131r. \u00d6zel bir turnuva oldu. Bu etkinlikleri devam ettirmek istiyoruz\u201d diye konu\u015ftu.<\/p>\n<p>Biberci, spora b\u00fcy\u00fck \u00f6nem ve destek veren Bursa B\u00fcy\u00fck\u015fehir Belediye Ba\u015fkan\u0131 Alinur Akta\u015f\u2019a te\u015fekk\u00fcr ederek, \u201cBiz de bu deste\u011fi en iyi \u015fekilde kullanarak t\u00fcm Bursa\u2019ya masa tenisi sporunu yayg\u0131nla\u015ft\u0131raca\u011f\u0131z\u201d dedi.<\/p>\n<p>\u0130neg\u00f6l Gen\u00e7lik ve Spor Kul\u00fcb\u00fc antren\u00f6r\u00fc \u0130smail G\u00fcm\u00fc\u015f de organizasyondan dolay\u0131 Bursa B\u00fcy\u00fck\u015fehir Belediyespor Kul\u00fcb\u00fc y\u00f6neticilerine te\u015fekk\u00fcr etti.<\/p>\n","protected":false},"excerpt":{"rendered":"<p>BURSA B\u00dcY\u00dcK\u015eEH\u0130R BELED\u0130YESPOR KUL\u00dcB\u00dc VE \u0130NEG\u00d6L GEN\u00c7L\u0130K VE SPOR KUL\u00dcB\u00dc MASA TEN\u0130S\u0130 TAKIMLARI, 15 TEMMUZ KUPASINDA BULU\u015eTU.<\/p>\n","protected":false},"author":1,"featured_media":183341,"comment_status":"closed","ping_status":"open","sticky":false,"template":"","format":"standard","meta":{"jetpack_post_was_ever_published":false,"_jetpack_newsletter_access":"","_jetpack_dont_email_post_to_subs":false,"_jetpack_newsletter_tier_id":0,"_jetpack_memberships_contains_paywalled_content":false,"_jetpack_memberships_contains_paid_content":false,"footnotes":"","jetpack_publicize_message":"","jetpack_publicize_feature_enabled":true,"jetpack_social_post_already_shared":true,"jetpack_social_options":{"image_generator_settings":{"template":"highway","default_image_id":0,"font":"","enabled":false},"version":2}},"categories":[657],"tags":[4290,3801],"class_list":["post-183340","post","type-post","status-publish","format-standard","has-post-thumbnail","hentry","category-spor","tag-dostluk","tag-kazandi"],"jetpack_publicize_connections":[],"jetpack_featured_media_url":"https:\/\/i0.wp.com\/www.tvturk.com\/wp-content\/uploads\/2019\/07\/dostluk-kazandi_7b63637.jpg?fit=1000%2C641","jetpack_sharing_enabled":true,"jetpack_shortlink":"https:\/\/wp.me\/paKIfm-LH6","_links":{"self":[{"href":"http:\/\/www.tvturk.com\/index.php\/wp-json\/wp\/v2\/posts\/183340","targetHints":{"allow":["GET"]}}],"collection":[{"href":"http:\/\/www.tvturk.com\/index.php\/wp-json\/wp\/v2\/posts"}],"about":[{"href":"http:\/\/www.tvturk.com\/index.php\/wp-json\/wp\/v2\/types\/post"}],"author":[{"embeddable":true,"href":"http:\/\/www.tvturk.com\/index.php\/wp-json\/wp\/v2\/users\/1"}],"replies":[{"embeddable":true,"href":"http:\/\/www.tvturk.com\/index.php\/wp-json\/wp\/v2\/comments?post=183340"}],"version-history":[{"count":0,"href":"http:\/\/www.tvturk.com\/index.php\/wp-json\/wp\/v2\/posts\/183340\/revisions"}],"wp:featuredmedia":[{"embeddable":true,"href":"http:\/\/www.tvturk.com\/index.php\/wp-json\/wp\/v2\/media\/183341"}],"wp:attachment":[{"href":"http:\/\/www.tvturk.com\/index.php\/wp-json\/wp\/v2\/media?parent=183340"}],"wp:term":[{"taxonomy":"category","embeddable":true,"href":"http:\/\/www.tvturk.com\/index.php\/wp-json\/wp\/v2\/categories?post=183340"},{"taxonomy":"post_tag","embeddable":true,"href":"http:\/\/www.tvturk.com\/index.php\/wp-json\/wp\/v2\/tags?post=183340"}],"curies":[{"name":"wp","href":"https:\/\/api.w.org\/{rel}","templated":true}]}}