{"id":183360,"date":"2019-07-17T17:46:37","date_gmt":"2019-07-17T14:46:37","guid":{"rendered":"http:\/\/www.tvturk.com\/index.php\/diyarbakir-valisi-guzeloglundan-tabela-aciklamasi\/"},"modified":"2019-07-17T17:46:37","modified_gmt":"2019-07-17T14:46:37","slug":"diyarbakir-valisi-guzeloglundan-tabela-aciklamasi","status":"publish","type":"post","link":"http:\/\/www.tvturk.com\/index.php\/diyarbakir-valisi-guzeloglundan-tabela-aciklamasi\/","title":{"rendered":"Diyarbak\u0131r Valisi G\u00fczelo\u011flu\u2019ndan tabela a\u00e7\u0131klamas\u0131"},"content":{"rendered":"<p>HDP\u2019li Diyarbak\u0131r B\u00fcy\u00fck\u015fehir Belediyesi ter\u00f6r su\u00e7lusunun ad\u0131n\u0131 verme karar\u0131n\u0131n valilik\u00e7e reddedilmesine ra\u011fmen, caddenin tabelas\u0131n\u0131 de\u011fi\u015ftirmesine ili\u015fkin sosyal medya hesab\u0131ndan de\u011ferlendirmede bulunan Diyarbak\u0131r Valisi Hasan Basri G\u00fczelo\u011flu, &#8220;Belediye kanunsuzca bu ismin tabelas\u0131n\u0131 asm\u0131\u015ft\u0131r. Hukuka ayk\u0131r\u0131 bu tasarruf men edilerek, \u0130yaz bin Ganem ismi yeniden konulmu\u015f ve bu eylemin sorumlular\u0131 hakk\u0131nda su\u00e7 duyurusunda bulunulmu\u015ftur&#8221; dedi.<\/p>\n<p>HDP\u2019li Diyarbak\u0131r B\u00fcy\u00fck\u015fehir Belediyesi, Sur il\u00e7esinde sahabe \u0130yaz Bin Ganem ad\u0131n\u0131 ta\u015f\u0131yan caddeye, ter\u00f6r su\u00e7lusunun ad\u0131n\u0131 verme karar\u0131n\u0131n valilik\u00e7e reddedilmesine ra\u011fmen, caddenin tabelas\u0131n\u0131 de\u011fi\u015ftirdi. Valilik ekipleri de de\u011fi\u015ftirilen tabelay\u0131 sabah saatlerinde s\u00f6km\u00fc\u015ft\u00fc.<\/p>\n<p>Konu hakk\u0131nda sosyal medya hesab\u0131ndan de\u011ferlendirmede bulunan Diyarbak\u0131r Valisi Hasan Basri G\u00fczelo\u011flu, &#8220;Diyarbak\u0131r\u2019\u0131n \u0130slam\u2019la \u015fereflenmesini sa\u011flayan fethin komutan\u0131, sahabeyi kiramdan \u0130yaz bin Ganem (r.a.) ismini kald\u0131rarak bir ter\u00f6r su\u00e7lusunun ismini veren Diyarbak\u0131r B\u00fcy\u00fck\u015fehir Belediyesi karar\u0131, valili\u011fimizce hukuka ayk\u0131r\u0131 ve kamu vicdan\u0131n\u0131 yaralay\u0131c\u0131 oldu\u011fundan reddedilmi\u015ftir. Buna ra\u011fmen belediye kanunsuzca bu ismin tabelas\u0131n\u0131 asm\u0131\u015ft\u0131r. Hukuka ayk\u0131r\u0131 bu tasarruf men edilerek, \u0130yaz bin Ganem ismi yeniden konulmu\u015f ve bu eylemin sorumlular\u0131 hakk\u0131nda su\u00e7 duyurusunda bulunulmu\u015ftur.Hi\u00e7 kimse ve hi\u00e7bir kurum hukuka ayk\u0131r\u0131 bir tasarrufta bulunamaz ve davranamaz&#8221; diye konu\u015ftu.<\/p>\n","protected":false},"excerpt":{"rendered":"<p>D\u0130YARBAKIR VAL\u0130S\u0130 HASAN BASR\u0130 G\u00dcZELO\u011eLU,&#8221;HUKUKA AYKIRI BU TASARRUF MEN ED\u0130LEREK, \u0130YAZ B\u0130N GANEM \u0130SM\u0130 YEN\u0130DEN KONULMU\u015eTUR&#8221; DED\u0130.<\/p>\n","protected":false},"author":1,"featured_media":183361,"comment_status":"closed","ping_status":"open","sticky":false,"template":"","format":"standard","meta":{"jetpack_post_was_ever_published":false,"_jetpack_newsletter_access":"","_jetpack_dont_email_post_to_subs":false,"_jetpack_newsletter_tier_id":0,"_jetpack_memberships_contains_paywalled_content":false,"_jetpack_memberships_contains_paid_content":false,"footnotes":"","jetpack_publicize_message":"","jetpack_publicize_feature_enabled":true,"jetpack_social_post_already_shared":true,"jetpack_social_options":{"image_generator_settings":{"template":"highway","default_image_id":0,"font":"","enabled":false},"version":2}},"categories":[1],"tags":[1072,2623,45311,13365,639],"class_list":["post-183360","post","type-post","status-publish","format-standard","has-post-thumbnail","hentry","category-genel","tag-aciklamasi","tag-diyarbakir","tag-guzeloglundan","tag-tabela","tag-valisi"],"jetpack_publicize_connections":[],"jetpack_featured_media_url":"https:\/\/i0.wp.com\/www.tvturk.com\/wp-content\/uploads\/2019\/07\/diyarbakir-valisi-guzeloglundan-tabela-aciklamasi_22cb4a5.jpg?fit=1000%2C666","jetpack_sharing_enabled":true,"jetpack_shortlink":"https:\/\/wp.me\/paKIfm-LHq","_links":{"self":[{"href":"http:\/\/www.tvturk.com\/index.php\/wp-json\/wp\/v2\/posts\/183360","targetHints":{"allow":["GET"]}}],"collection":[{"href":"http:\/\/www.tvturk.com\/index.php\/wp-json\/wp\/v2\/posts"}],"about":[{"href":"http:\/\/www.tvturk.com\/index.php\/wp-json\/wp\/v2\/types\/post"}],"author":[{"embeddable":true,"href":"http:\/\/www.tvturk.com\/index.php\/wp-json\/wp\/v2\/users\/1"}],"replies":[{"embeddable":true,"href":"http:\/\/www.tvturk.com\/index.php\/wp-json\/wp\/v2\/comments?post=183360"}],"version-history":[{"count":0,"href":"http:\/\/www.tvturk.com\/index.php\/wp-json\/wp\/v2\/posts\/183360\/revisions"}],"wp:featuredmedia":[{"embeddable":true,"href":"http:\/\/www.tvturk.com\/index.php\/wp-json\/wp\/v2\/media\/183361"}],"wp:attachment":[{"href":"http:\/\/www.tvturk.com\/index.php\/wp-json\/wp\/v2\/media?parent=183360"}],"wp:term":[{"taxonomy":"category","embeddable":true,"href":"http:\/\/www.tvturk.com\/index.php\/wp-json\/wp\/v2\/categories?post=183360"},{"taxonomy":"post_tag","embeddable":true,"href":"http:\/\/www.tvturk.com\/index.php\/wp-json\/wp\/v2\/tags?post=183360"}],"curies":[{"name":"wp","href":"https:\/\/api.w.org\/{rel}","templated":true}]}}