{"id":183364,"date":"2019-07-17T18:16:33","date_gmt":"2019-07-17T15:16:33","guid":{"rendered":"http:\/\/www.tvturk.com\/index.php\/turkmenlere-yardim-eli\/"},"modified":"2019-07-17T18:16:33","modified_gmt":"2019-07-17T15:16:33","slug":"turkmenlere-yardim-eli","status":"publish","type":"post","link":"http:\/\/www.tvturk.com\/index.php\/turkmenlere-yardim-eli\/","title":{"rendered":"T\u00fcrkmenlere yard\u0131m eli"},"content":{"rendered":"<p>Ordu\u2019nun \u00dcnye il\u00e7esinde sivil toplum kurulu\u015flar\u0131 bir araya gelerek, Suriye\u2019de zor g\u00fcnler ge\u00e7iren Bay\u0131rbucak, Afrin, Cinderes ve Azez b\u00f6lgelerinde ya\u015fayan T\u00fcrkmenlere yard\u0131m kampanyas\u0131 d\u00fczenledi.<\/p>\n<p>\u0130l\u00e7ede bulunan El Ele Derne\u011finin \u00f6nderli\u011finde ger\u00e7ekle\u015fen proje fikri ise El Ele Derne\u011fi Ba\u015fkan Vekili Fatih Uygun\u2019dan geldi.  \u00dcnye El Ele Derne\u011fi A\u015fevinde g\u00f6n\u00fcll\u00fcl\u00fck esas\u0131na dayal\u0131 \u00e7al\u0131\u015fan ve T\u00fcrkmenler i\u00e7in ba\u015flat\u0131lan kampanyan\u0131n sorumlusu olan Nagihan Dursun, &#8220;Ba\u015flatt\u0131\u011f\u0131m\u0131z kampanyan\u0131n amac\u0131 s\u0131n\u0131r d\u0131\u015f\u0131nda bulunan T\u00fcrkmen karde\u015flerimize yard\u0131m etmektir. Biz bu kampanyam\u0131zda Afrin, Cinderes, Azez ve Bay\u0131rbucak\u2019ta sava\u015f\u0131n ortas\u0131nda kalm\u0131\u015f yard\u0131m eli bekleyen aileler var. O ailelere ula\u015fmam\u0131z i\u00e7in bir koridor varm\u0131\u015f ve bu koridor sayesinde biz o ailelere ula\u015faca\u011f\u0131z. El Ele Derne\u011fi ba\u015fta olmak \u00fczere \u00dcnye Kent Konseyi, \u00dcnye Sakatlar Derne\u011fi, \u00dcnye Fahri \u00c7al\u0131\u015fanlar Derne\u011fi, \u00dcnye Akis Derne\u011fi, \u00dcnye Turizm \u0130\u015fletmecileri Derne\u011fi ile birlikte d\u00fc\u015f\u00fcnd\u00fck. Hepimizin iste\u011fi \u00dcnye\u2019den t\u0131r haz\u0131rlayal\u0131m ve oradaki masum insanlara erzak getirelim. Daha sonra erzaklarla beraber oraya mutfakta g\u00f6t\u00fcr\u00fcp bir a\u015fevi kurup T\u00fcrkmen karde\u015flerimize s\u0131cak yemekler vermek istiyoruz. Biz nas\u0131l buradaki insanlara nas\u0131l hayr\u0131m\u0131z\u0131 dokunduruyorsak oradaki insanlara da yard\u0131m elimizi uzat\u0131p t\u00fcm d\u00fcnyan\u0131n yard\u0131m elini uzatmas\u0131n\u0131 istiyoruz&#8221; dedi.<\/p>\n<p>\u201cBaz\u0131 ailelerden tepki al\u0131yoruz\u201d<\/p>\n<p>Yap\u0131lan yard\u0131mlar\u0131n baz\u0131 aileler taraf\u0131ndan tepkiyle kar\u015f\u0131land\u0131\u011f\u0131n\u0131 ifade eden Nagihan Dursun, &#8220;Bizim bu projemiz 1 hafta \u00f6nce ba\u015flad\u0131. El Ele Derne\u011fi olarak yakla\u015f\u0131k 400 TL\u2019ye yak\u0131n para toplad\u0131k. Baz\u0131 insanlar \u2018neden buradaki \u015fehit ailelere yard\u0131m etmiyorsunuz da Suriyelilere yard\u0131m ediyorsunuz\u2019 diye \u00f6nyarg\u0131yla yakla\u015f\u0131yorlar. Ama biz buradaki ailelere de yard\u0131m ediyoruz, \u015fehit ailelere de devletimizin zaten bir yard\u0131m\u0131 var. Bu projeyi \u015fu anl\u0131k sadece \u00dcnye\u2019de y\u00fcr\u00fct\u00fcyoruz. \u0130lerleyen zamanlarda Akku\u015f, \u0130kizce, \u00c7ayba\u015f\u0131 ve \u00e7evre il\u00e7elerde de projemizi yapmay\u0131 hedefliyoruz. A\u011fustos ay\u0131n\u0131n 8\u2019ine kadar 6 dernek bir t\u0131r\u0131 doldurup Bay\u0131rbucak, Afrin, Cinderes, Azez\u2019e do\u011fru yola \u00e7\u0131karaca\u011f\u0131z&#8221; diyerek s\u00f6zlerini tamamlad\u0131.<\/p>\n","protected":false},"excerpt":{"rendered":"<p>ORDU&#8217;NUN \u00dcNYE \u0130L\u00c7ES\u0130NDE S\u0130V\u0130L TOPLUM KURULU\u015eLARI B\u0130R ARAYA GELEREK SUR\u0130YE&#8217;DE ZOR G\u00dcNLER GE\u00c7\u0130REN BAYIRBUCAK, AFR\u0130N, C\u0130NDERES, AZEZ B\u00d6LGELER\u0130NDE YA\u015eAYAN T\u00dcRKMENLER\u0130NE YARDIM KAMPANYASI D\u00dcZENLED\u0130. \u0130L\u00c7EDE BULUNAN EL ELE DERNE\u011e\u0130N\u0130N \u00d6NDERL\u0130\u011e\u0130NDE GER\u00c7EKLE\u015eEN PROJE F\u0130KR\u0130 \u0130SE EL ELE DERNE\u011e\u0130 BA\u015eKAN VEK\u0130L\u0130 FAT\u0130H UYGUN&#8217;DAN GELD\u0130.<\/p>\n","protected":false},"author":1,"featured_media":183365,"comment_status":"closed","ping_status":"open","sticky":false,"template":"","format":"standard","meta":{"jetpack_post_was_ever_published":false,"_jetpack_newsletter_access":"","_jetpack_dont_email_post_to_subs":false,"_jetpack_newsletter_tier_id":0,"_jetpack_memberships_contains_paywalled_content":false,"_jetpack_memberships_contains_paid_content":false,"footnotes":"","jetpack_publicize_message":"","jetpack_publicize_feature_enabled":true,"jetpack_social_post_already_shared":true,"jetpack_social_options":{"image_generator_settings":{"template":"highway","default_image_id":0,"font":"","enabled":false},"version":2}},"categories":[1],"tags":[4118,34860,1736],"class_list":["post-183364","post","type-post","status-publish","format-standard","has-post-thumbnail","hentry","category-genel","tag-eli","tag-turkmenlere","tag-yardim"],"jetpack_publicize_connections":[],"jetpack_featured_media_url":"https:\/\/i0.wp.com\/www.tvturk.com\/wp-content\/uploads\/2019\/07\/turkmenlere-yardim-eli_9b49b58.jpg?fit=1000%2C666","jetpack_sharing_enabled":true,"jetpack_shortlink":"https:\/\/wp.me\/paKIfm-LHu","_links":{"self":[{"href":"http:\/\/www.tvturk.com\/index.php\/wp-json\/wp\/v2\/posts\/183364","targetHints":{"allow":["GET"]}}],"collection":[{"href":"http:\/\/www.tvturk.com\/index.php\/wp-json\/wp\/v2\/posts"}],"about":[{"href":"http:\/\/www.tvturk.com\/index.php\/wp-json\/wp\/v2\/types\/post"}],"author":[{"embeddable":true,"href":"http:\/\/www.tvturk.com\/index.php\/wp-json\/wp\/v2\/users\/1"}],"replies":[{"embeddable":true,"href":"http:\/\/www.tvturk.com\/index.php\/wp-json\/wp\/v2\/comments?post=183364"}],"version-history":[{"count":0,"href":"http:\/\/www.tvturk.com\/index.php\/wp-json\/wp\/v2\/posts\/183364\/revisions"}],"wp:featuredmedia":[{"embeddable":true,"href":"http:\/\/www.tvturk.com\/index.php\/wp-json\/wp\/v2\/media\/183365"}],"wp:attachment":[{"href":"http:\/\/www.tvturk.com\/index.php\/wp-json\/wp\/v2\/media?parent=183364"}],"wp:term":[{"taxonomy":"category","embeddable":true,"href":"http:\/\/www.tvturk.com\/index.php\/wp-json\/wp\/v2\/categories?post=183364"},{"taxonomy":"post_tag","embeddable":true,"href":"http:\/\/www.tvturk.com\/index.php\/wp-json\/wp\/v2\/tags?post=183364"}],"curies":[{"name":"wp","href":"https:\/\/api.w.org\/{rel}","templated":true}]}}