{"id":183370,"date":"2019-07-17T18:31:55","date_gmt":"2019-07-17T15:31:55","guid":{"rendered":"http:\/\/www.tvturk.com\/index.php\/araklida-1-ay-once-yasanan-selin-nedeni-belirlendi\/"},"modified":"2019-07-17T18:31:55","modified_gmt":"2019-07-17T15:31:55","slug":"araklida-1-ay-once-yasanan-selin-nedeni-belirlendi","status":"publish","type":"post","link":"http:\/\/www.tvturk.com\/index.php\/araklida-1-ay-once-yasanan-selin-nedeni-belirlendi\/","title":{"rendered":"Arakl\u0131\u2019da 1 ay \u00f6nce ya\u015fanan selin nedeni belirlendi"},"content":{"rendered":"<p>Trabzon\u2019un Arakl\u0131 il\u00e7esi \u00c7aml\u0131ktepe mahallesinde 18 Haziran 2019 g\u00fcn\u00fc meydana gelen 8 ki\u015finin \u00f6ld\u00fc\u011f\u00fc, 2 ki\u015finin kayboldu\u011fu selle ilgili Karadeniz Teknik \u00dcniversitesi (KT\u00dc) akademisyenlerinin b\u00f6lgede yapt\u0131\u011f\u0131 arazi \u00e7al\u0131\u015fmalar\u0131 tamamlanarak rapor haline getirildi. Haz\u0131rlanan raporda selin nedeni olarak \u201c\u00c7aml\u0131ktepe Deresi\u2019nin heyelanla akan malzeme ile dolmas\u0131 ve olu\u015fan g\u00f6l\u00fcn ani olarak bo\u015falmas\u0131&#8221; g\u00f6sterildi.<\/p>\n<p>KT\u00dc M\u00fchendislik Fak\u00fcltesi \u0130n\u015faat M\u00fchendisli\u011fi B\u00f6l\u00fcm\u00fc \u00d6\u011fretim \u00fcyeleri  Prof. Dr. \u00d6mer Y\u00fcksek, Do\u00e7. Dr. Erol \u015eado\u011flu ve Dr. Osman \u00dc\u00e7\u00fcnc\u00fc ve TMMOB \u0130n\u015faat M\u00fchendisleri Odas\u0131 (\u0130MO) Trabzon \u015eubesi Ba\u015fkan\u0131 \u0130n\u015f. M\u00fch. Muzaffer Ayd\u0131n taraf\u0131ndan yap\u0131lan arazi \u00e7al\u0131\u015fmas\u0131nda b\u00f6lgedeki ta\u015fk\u0131n ve heyelan durumu irdelenerek, afetin ve hasarlar\u0131n sebepleri ara\u015ft\u0131r\u0131larak benzer afetlerin olmamas\u0131, olmas\u0131 durumunda olu\u015facak can ve mal kay\u0131plar\u0131n\u0131n en aza indirilmesi i\u00e7in at\u0131lmas\u0131 gereken ad\u0131mlar ve al\u0131nmas\u0131 gereken \u00f6nlemler de\u011ferlendirildi.<\/p>\n<p>Afete maruz kalan vatanda\u015flarla g\u00f6r\u00fc\u015f\u00fcld\u00fc<\/p>\n<p>Konuyla ilgili olarak haz\u0131rlanan raporda, b\u00f6lgede afete maruz kalan vatanda\u015flarla g\u00f6r\u00fc\u015f\u00fcld\u00fc\u011f\u00fc belirtilerek,  \u201cTrabzon \u0130li Arakl\u0131 \u0130l\u00e7esinde 18 Haziran 2019 Sal\u0131 g\u00fcn\u00fc meydana gelen ta\u015fk\u0131n ve heyelan  sonucunda 10 ki\u015fi \u00f6lm\u00fc\u015ft\u00fcr. Afet sonucunda meydana gelen maddi zarar hen\u00fcz kesin olarak belirlenmemi\u015f olmakla birlikte, onlarca milyon TL\u2019lik bir hasar\u0131n meydana geldi\u011fi ifade edilmektedir. Ad\u0131 ge\u00e7en afetle ilgili olarak \u00e7e\u015fitli ki\u015fi, kurum ve kurulu\u015flarca \u00e7ok say\u0131da a\u00e7\u0131klama yap\u0131lm\u0131\u015f olup; bu raporda olay\u0131n \u0130n\u015faat M\u00fchendisli\u011fi a\u00e7\u0131s\u0131ndan bir de\u011ferlendirilmesi yap\u0131lm\u0131\u015ft\u0131r. Bu kapsamda, KT\u00dc \u0130n\u015faat M\u00fchendisli\u011fi B\u00f6l\u00fcm\u00fc\u2019nden toplam 3 \u00d6\u011fretim \u00dcyesi, \u0130MO Trabzon \u015eubesi\u2019nden ise 1 \u0130n\u015faat M\u00fchendisi olmak \u00fczere toplam 4 ki\u015filik bir teknik ekip, afetin oldu\u011fu Trabzon \u0130li Arakl\u0131 \u0130l\u00e7esi \u00c7aml\u0131ktepe Mahallesi\u2019nde bir arazi \u00e7al\u0131\u015fmas\u0131 ger\u00e7ekle\u015ftirmi\u015ftir. Bu kapsamda, \u00f6nemli \u00f6l\u00e7\u00fcde can ve mal kay\u0131plar\u0131n\u0131n oldu\u011fu yerlerde arazi incelemeleri yap\u0131lm\u0131\u015f, afete maruz kalan vatanda\u015flarla g\u00f6r\u00fc\u015f\u00fclm\u00fc\u015f, olu\u015fan hasarlarla ilgili olarak yaz\u0131l\u0131 ve g\u00f6rsel bilgiler derlenmi\u015ftir. Elde edilen arazi bilgilerinin ve \u00e7e\u015fitli kaynaklardan elde edilen di\u011fer bilgilerin de\u011ferlendirilmesi sonucunda rapor haz\u0131rlanm\u0131\u015ft\u0131r\u201d denildi.<\/p>\n<p>Afetin nedeni<\/p>\n<p>A\u00e7\u0131klamada, afetin as\u0131l sebebi olarak &#8220;\u00c7aml\u0131ktepe Deresi\u2019nin heyelanla akan malzeme ile dolmas\u0131 ve olu\u015fan g\u00f6l\u00fcn ani olarak bo\u015falmas\u0131d\u0131r&#8221; ifadelerine yer verildi.<\/p>\n<p>Y\u00f6re sakinlerinden elde edilen bilgilere de raporda yer verilerek selin olu\u015fumu \u015fu \u015fekilde anlat\u0131ld\u0131:<\/p>\n<p>&#8220;Afet b\u00f6lgesinde, 13 Haziran Per\u015fembe g\u00fcn\u00fc orta \u015fiddette birka\u00e7 saat s\u00fcren bir ya\u011f\u0131\u015f ya\u011fm\u0131\u015f, bu ya\u011f\u0131\u015f sonucunda Y\u00fcceyurt Mahallesi\u2019nde heyelan meydana gelerek akan malzemenin bir k\u0131sm\u0131 \u00c7aml\u0131ktepe Deresi\u2019ne ula\u015f\u0131p akarsu kesitinde birikmi\u015ftir. 13-18 Haziran tarihleri aras\u0131nda belli aral\u0131klarla ya\u011fmur ya\u011farak zemini k\u0131smen suya doygun hale getirmi\u015f ve heyelan olu\u015fumuna yard\u0131mc\u0131 olmu\u015ftur. Son olarak, 18 Haziran Sal\u0131 g\u00fcn\u00fc saat 14 s\u0131ralar\u0131nda ba\u015flayan \u00e7ok \u015fiddetli ya\u011fmur sonucunda, olu\u015fan g\u00f6l aniden y\u0131k\u0131larak \u00e7ok b\u00fcy\u00fck bir debide ve \u00e7ok y\u00fcksek h\u0131zla akarak \u00c7aml\u0131ktepe Mahallesi\u2019nde binalar\u0131n y\u0131k\u0131lmas\u0131na ve arazi ara\u00e7lar\u0131nda \u00e7al\u0131\u015fan ki\u015filerin zarar g\u00f6rmesine sebep olmu\u015ftur.  Ayr\u0131ca, \u00c7aml\u0131ktepe Deresi \u00fczerinde yol ge\u00e7i\u015fleri maksad\u0131yla dere yata\u011f\u0131na yap\u0131lan yap\u0131lar\u0131n (b\u00fcz, menfez vb), ta\u015fk\u0131n sular\u0131n\u0131n ta\u015f\u0131d\u0131\u011f\u0131 teress\u00fcbat, dal ve a\u011fa\u00e7 par\u00e7alar\u0131 ile t\u0131kanmas\u0131 da su seviyesinin y\u00fckselmesine ve hasar\u0131n b\u00fcy\u00fcmesine sebep olmu\u015ftur.  Ayr\u0131ca, \u00c7aml\u0131ktepe Deresi\u2019nin Karadere ile birle\u015fti\u011fi yerde, \u00f6nemli \u00f6l\u00e7\u00fcde sediment birikmesi sonucu akarsu kesitinin darald\u0131\u011f\u0131, akarsu kesitinde ta\u015fk\u0131n olmas\u0131 sonucu yolun trafi\u011fe kapand\u0131\u011f\u0131 ve baz\u0131 binalar\u0131n bodrum katlar\u0131na su bast\u0131\u011f\u0131 g\u00f6zlenmi\u015ftir. &#8220;<\/p>\n","protected":false},"excerpt":{"rendered":"<p>TRABZON\u2019UN ARAKLI \u0130L\u00c7ES\u0130\u2019NDE 18 HAZ\u0130RAN 2019 G\u00dcN\u00dc MEYDANA GELEN VE 10 K\u0130\u015e\u0130N\u0130N \u00d6L\u00dcM\u00dcNE,  \u00d6NEML\u0130 \u00d6L\u00c7\u00dcDE MADD\u0130 HASARA YOL A\u00c7AN TA\u015eKIN VE HEYELAN AFET\u0130YLE \u0130LG\u0130L\u0130 OLARAK KARADEN\u0130Z TEKN\u0130K \u00dcN\u0130VERS\u0130TES\u0130 (KT\u00dc) TARAFINDAN B\u00d6LGEDE YAPILAN ARAZ\u0130 \u00c7ALI\u015eMALARI TAMAMLANARAK RAPOR HAL\u0130NE GET\u0130R\u0130LD\u0130.<\/p>\n","protected":false},"author":1,"featured_media":183371,"comment_status":"closed","ping_status":"open","sticky":false,"template":"","format":"standard","meta":{"jetpack_post_was_ever_published":false,"_jetpack_newsletter_access":"","_jetpack_dont_email_post_to_subs":false,"_jetpack_newsletter_tier_id":0,"_jetpack_memberships_contains_paywalled_content":false,"_jetpack_memberships_contains_paid_content":false,"footnotes":"","jetpack_publicize_message":"","jetpack_publicize_feature_enabled":true,"jetpack_social_post_already_shared":true,"jetpack_social_options":{"image_generator_settings":{"template":"highway","default_image_id":0,"font":"","enabled":false},"version":2}},"categories":[1],"tags":[41855,15340,3573,232,13638,5775],"class_list":["post-183370","post","type-post","status-publish","format-standard","has-post-thumbnail","hentry","category-genel","tag-araklida","tag-belirlendi","tag-nedeni","tag-once","tag-selin","tag-yasanan"],"jetpack_publicize_connections":[],"jetpack_featured_media_url":"https:\/\/i0.wp.com\/www.tvturk.com\/wp-content\/uploads\/2019\/07\/araklida-1-ay-once-yasanan-selin-nedeni-belirlendi_6947467.jpg?fit=1000%2C562","jetpack_sharing_enabled":true,"jetpack_shortlink":"https:\/\/wp.me\/paKIfm-LHA","_links":{"self":[{"href":"http:\/\/www.tvturk.com\/index.php\/wp-json\/wp\/v2\/posts\/183370","targetHints":{"allow":["GET"]}}],"collection":[{"href":"http:\/\/www.tvturk.com\/index.php\/wp-json\/wp\/v2\/posts"}],"about":[{"href":"http:\/\/www.tvturk.com\/index.php\/wp-json\/wp\/v2\/types\/post"}],"author":[{"embeddable":true,"href":"http:\/\/www.tvturk.com\/index.php\/wp-json\/wp\/v2\/users\/1"}],"replies":[{"embeddable":true,"href":"http:\/\/www.tvturk.com\/index.php\/wp-json\/wp\/v2\/comments?post=183370"}],"version-history":[{"count":0,"href":"http:\/\/www.tvturk.com\/index.php\/wp-json\/wp\/v2\/posts\/183370\/revisions"}],"wp:featuredmedia":[{"embeddable":true,"href":"http:\/\/www.tvturk.com\/index.php\/wp-json\/wp\/v2\/media\/183371"}],"wp:attachment":[{"href":"http:\/\/www.tvturk.com\/index.php\/wp-json\/wp\/v2\/media?parent=183370"}],"wp:term":[{"taxonomy":"category","embeddable":true,"href":"http:\/\/www.tvturk.com\/index.php\/wp-json\/wp\/v2\/categories?post=183370"},{"taxonomy":"post_tag","embeddable":true,"href":"http:\/\/www.tvturk.com\/index.php\/wp-json\/wp\/v2\/tags?post=183370"}],"curies":[{"name":"wp","href":"https:\/\/api.w.org\/{rel}","templated":true}]}}