{"id":183390,"date":"2019-07-17T20:16:36","date_gmt":"2019-07-17T17:16:36","guid":{"rendered":"http:\/\/www.tvturk.com\/index.php\/afyonkarahisarda-cok-sayida-ev-ve-is-yerini-su-basti\/"},"modified":"2019-07-17T20:16:36","modified_gmt":"2019-07-17T17:16:36","slug":"afyonkarahisarda-cok-sayida-ev-ve-is-yerini-su-basti","status":"publish","type":"post","link":"http:\/\/www.tvturk.com\/index.php\/afyonkarahisarda-cok-sayida-ev-ve-is-yerini-su-basti\/","title":{"rendered":"Afyonkarahisar\u2019da \u00e7ok say\u0131da ev ve i\u015f yerini su bast\u0131"},"content":{"rendered":"<p>Afyonkarahisar kent merkezinde etkili olan sa\u011fanak nedeniyle 70\u2019den fazla ev ve i\u015f yerinin bodrum katlar\u0131n\u0131 su bast\u0131.<\/p>\n<p>Kent merkezinde \u00f6\u011fleden sonra etkili olan sa\u011fanak, hayat\u0131 olumsuz etkiledi. Ya\u011f\u0131\u015f nedeniyle baz\u0131 cadde ve sokaklarda su birikintileri olu\u015ftu. \u00c7ok say\u0131da ev ve i\u015f yerinin bodrum katlar\u0131nda su bask\u0131nlar\u0131 ya\u015fand\u0131. Afyonkarahisar Belediyesi \u0130tfaiye M\u00fcd\u00fcrl\u00fc\u011f\u00fc ile AFAD \u0130l M\u00fcd\u00fcrl\u00fc\u011f\u00fc\u2019ne, 14 mahallede 70\u2019in \u00fczerinde ev ve i\u015f yerinin bodrum katlar\u0131nda su bask\u0131n\u0131 ya\u015fand\u0131\u011f\u0131 ihbar\u0131 geldi. \u0130tfaiye ve AFAD\u2019dan yakla\u015f\u0131k 80 personel, ihbar gelen evlerde vidanj\u00f6rler ve motopomplarla su tahliyesi yapt\u0131.<\/p>\n<p>Osmangazi Mahallesi Muhtar\u0131 Arif Zenger, ya\u011f\u0131\u015f nedeniyle mahallesinde yakla\u015f\u0131k 20 civar\u0131nda evin bodrum kat\u0131n\u0131 su bast\u0131\u011f\u0131n\u0131 belirtti. Su bask\u0131nlar\u0131 nedeniyle evlerde maddi zararlar\u0131n\u0131n olu\u015ftu\u011funu dile getiren Zenger, &#8220;Mahallemizde, yakla\u015f\u0131k 20 evin bodrum kat\u0131n\u0131 su basm\u0131\u015ft\u0131r. Ev sahiplerinin \u00e7ok say\u0131daki e\u015fyas\u0131 sular\u0131n i\u00e7erisinde kald\u0131. \u015euanda Afyonkarahisar Belediyesi \u0130tfaiyesi, Kanalizasyon ve Su \u0130\u015fleri ve AFAD personeli su tahliyesi yap\u0131yor. Bu zor g\u00fcn\u00fcm\u00fczde vatanda\u015flar\u0131m\u0131z\u0131n yan\u0131nda olan belediye ve AFAD personeline te\u015fekk\u00fcr ediyoruz. Ancak mahallemizde en k\u0131sa s\u00fcrede ya\u011fmur at\u0131k su ve kanalizasyon projesinin ba\u015flamas\u0131n\u0131 talep ediyoruz\u201d  dedi.<\/p>\n<p>Evinin bodrum kat\u0131n\u0131 su basan Osmangazi Mahalle sakini Fikriye Fidan ise 13 y\u0131ld\u0131r hi\u00e7 bu \u015fekilde bir manzarayla kar\u015f\u0131la\u015fmad\u0131\u011f\u0131na de\u011finerek, &#8220;Ya\u011fmur suyu, kanalizasyonlara verildi\u011fi i\u00e7in evimizi at\u0131k su bas\u0131yor. Bu y\u0131l 3\u2019\u00fcnc\u00fc oluyor. Evimiz ve e\u015fyalar\u0131m\u0131z peri\u015fan durumda. Maddi ve manevi a\u00e7\u0131dan k\u00f6t\u00fc durumday\u0131z. Bu su kanallar\u0131nda yetkililer taraf\u0131ndan bir \u00e7al\u0131\u015fma yap\u0131lmas\u0131n\u0131 istiyoruz. Belediyemiz ve AFAD\u2019dan yard\u0131m talep ettik. Onlarda, \u015fimdi evimde su tahliyesi yap\u0131yor. Onlardan da Allah raz\u0131 olsun&#8221; diye konu\u015ftu.<\/p>\n","protected":false},"excerpt":{"rendered":"<p>OSMANGAZ\u0130 MAHALLES\u0130 MUHTARI AR\u0130F ZENGER, YA\u011eI\u015e NEDEN\u0130YLE MAHALLES\u0130NDE YAKLA\u015eIK 20 C\u0130VARINDA EV\u0130N BODRUM KATINI SU BASTI\u011eINI BEL\u0130RTT\u0130. SU BASKINLARI NEDEN\u0130YLE EVLERDE MADD\u0130 ZARARLARININ OLU\u015eTU\u011eUNU D\u0130LE GET\u0130REN ZENGER, &#8220;MAHALLEM\u0130ZDE, YAKLA\u015eIK 20 EV\u0130N BODRUM KATINI SU BASMI\u015eTIR. EV SAH\u0130PLER\u0130N\u0130N \u00c7OK SAYIDAK\u0130 E\u015eYASI SULARIN \u0130\u00c7ER\u0130S\u0130NDE KALDI. \u015eUANDA AFYONKARAH\u0130SAR BELED\u0130YES\u0130 \u0130TFA\u0130YES\u0130, KANAL\u0130ZASYON VE SU \u0130\u015eLER\u0130 VE AFAD PERSONEL\u0130 SU TAHL\u0130YES\u0130 YAPIYOR. BU ZOR G\u00dcN\u00dcM\u00dcZDE VATANDA\u015eLARIMIZIN YANINDA OLAN BELED\u0130YE VE AFAD PERSONEL\u0130NE TE\u015eEKK\u00dcR ED\u0130YORUZ. ANCAK MAHALLEM\u0130ZDE EN KISA S\u00dcREDE YA\u011eMUR ATIK SU VE KANAL\u0130ZASYON PROJES\u0130N\u0130N BA\u015eLAMASINI TALEP ED\u0130YORUZ\u201d  DED\u0130.<\/p>\n","protected":false},"author":1,"featured_media":183391,"comment_status":"closed","ping_status":"open","sticky":false,"template":"","format":"standard","meta":{"jetpack_post_was_ever_published":false,"_jetpack_newsletter_access":"","_jetpack_dont_email_post_to_subs":false,"_jetpack_newsletter_tier_id":0,"_jetpack_memberships_contains_paywalled_content":false,"_jetpack_memberships_contains_paid_content":false,"footnotes":"","jetpack_publicize_message":"","jetpack_publicize_feature_enabled":true,"jetpack_social_post_already_shared":true,"jetpack_social_options":{"image_generator_settings":{"template":"highway","default_image_id":0,"font":"","enabled":false},"version":2}},"categories":[1],"tags":[894,8277,105,432,2947,1469],"class_list":["post-183390","post","type-post","status-publish","format-standard","has-post-thumbnail","hentry","category-genel","tag-afyonkarahisarda","tag-basti","tag-cok","tag-is","tag-sayida","tag-yerini"],"jetpack_publicize_connections":[],"jetpack_featured_media_url":"https:\/\/i0.wp.com\/www.tvturk.com\/wp-content\/uploads\/2019\/07\/afyonkarahisarda-cok-sayida-ev-ve-is-yerini-su-basti_22d4358.jpg?fit=1000%2C664","jetpack_sharing_enabled":true,"jetpack_shortlink":"https:\/\/wp.me\/paKIfm-LHU","_links":{"self":[{"href":"http:\/\/www.tvturk.com\/index.php\/wp-json\/wp\/v2\/posts\/183390","targetHints":{"allow":["GET"]}}],"collection":[{"href":"http:\/\/www.tvturk.com\/index.php\/wp-json\/wp\/v2\/posts"}],"about":[{"href":"http:\/\/www.tvturk.com\/index.php\/wp-json\/wp\/v2\/types\/post"}],"author":[{"embeddable":true,"href":"http:\/\/www.tvturk.com\/index.php\/wp-json\/wp\/v2\/users\/1"}],"replies":[{"embeddable":true,"href":"http:\/\/www.tvturk.com\/index.php\/wp-json\/wp\/v2\/comments?post=183390"}],"version-history":[{"count":0,"href":"http:\/\/www.tvturk.com\/index.php\/wp-json\/wp\/v2\/posts\/183390\/revisions"}],"wp:featuredmedia":[{"embeddable":true,"href":"http:\/\/www.tvturk.com\/index.php\/wp-json\/wp\/v2\/media\/183391"}],"wp:attachment":[{"href":"http:\/\/www.tvturk.com\/index.php\/wp-json\/wp\/v2\/media?parent=183390"}],"wp:term":[{"taxonomy":"category","embeddable":true,"href":"http:\/\/www.tvturk.com\/index.php\/wp-json\/wp\/v2\/categories?post=183390"},{"taxonomy":"post_tag","embeddable":true,"href":"http:\/\/www.tvturk.com\/index.php\/wp-json\/wp\/v2\/tags?post=183390"}],"curies":[{"name":"wp","href":"https:\/\/api.w.org\/{rel}","templated":true}]}}