{"id":183396,"date":"2019-07-17T21:31:45","date_gmt":"2019-07-17T18:31:45","guid":{"rendered":"http:\/\/www.tvturk.com\/index.php\/duzcede-uluslararasi-boyutuyla-15-temmuz-paneli\/"},"modified":"2019-07-17T21:31:45","modified_gmt":"2019-07-17T18:31:45","slug":"duzcede-uluslararasi-boyutuyla-15-temmuz-paneli","status":"publish","type":"post","link":"http:\/\/www.tvturk.com\/index.php\/duzcede-uluslararasi-boyutuyla-15-temmuz-paneli\/","title":{"rendered":"D\u00fczce\u2019de \u201cUluslararas\u0131 boyutuyla 15 Temmuz\u201d paneli"},"content":{"rendered":"<p>D\u00fczce \u00dcniversitesi, 15 Temmuz Demokrasi ve Milli Birlik G\u00fcn\u00fc etkinlikleri kapsam\u0131nda \u201cUluslararas\u0131 Boyutuyla 15 Temmuz Darbe Giri\u015fimi: Nedenler, Akt\u00f6rler ve Sonu\u00e7lar\u201d ba\u015fl\u0131kl\u0131 bir panel d\u00fczenledi.<\/p>\n<p>D\u00fczce \u00dcniversitesi \u0130lahiyat Fak\u00fcltesi Dekan Yard\u0131mc\u0131s\u0131 Dr. \u00d6\u011fretim \u00dcyesi Furat Akdemir taraf\u0131ndan okunan Kur\u2019an-\u0131 Kerim tilavetiyle ba\u015flayan program\u0131n a\u00e7\u0131l\u0131\u015f\u0131nda konu\u015fan D\u00fczce \u00dcniversitesi Rekt\u00f6r\u00fc Prof. Dr. Nigar Demircan \u00c7akar, 15 Temmuz\u2019un 3. y\u0131l\u0131nda fark\u0131ndal\u0131\u011f\u0131 art\u0131rmak ve yeni nesillere daha ayd\u0131nl\u0131k bir gelecek ad\u0131na bu etkinlikleri d\u00fczenlediklerini ifade etti.<\/p>\n<p>FET\u00d6 ve PKK gibi \u00f6rg\u00fctlerin \u00fczerinde \u00e7al\u0131\u015f\u0131lmas\u0131, inceleme ve ders \u00e7\u0131kar\u0131lmas\u0131 gereken birer vaka oldu\u011funu belirten \u00c7akar, \u00f6rg\u00fctleri ayakta tutan \u015feyin ama\u00e7lar\u0131 oldu\u011funu s\u00f6yledi. FET\u00d6\u2019n\u00fcn amac\u0131n\u0131n \u00fclkeyi ele ge\u00e7irmek oldu\u011funa i\u015faret eden Prof. Dr. \u00c7akar, temel stratejisinin ise sinsili\u011fe ve g\u00fcven olu\u015fturmaya dayal\u0131 ama\u00e7lar do\u011frultusunda kitleleri y\u00f6nlendirmek oldu\u011funu s\u00f6zlerine ekledi. FET\u00d6\u2019n\u00fcn ortak dinamiklerinin gizlilik ve takiyye oldu\u011funun alt\u0131n\u0131 \u00e7izen D\u00fczce \u00dcniversitesi Rekt\u00f6r\u00fc Prof. Dr. Nigar Demircan \u00c7akar, \u201cGen\u00e7lere b\u00fcy\u00fck sorumluluk d\u00fc\u015f\u00fcyor. \u00dclkemizi ya\u015fatacak ve gelecek nesillere aktaracak sizlersiniz\u201d dedi.<\/p>\n<p>A\u00e7\u0131l\u0131\u015f ve protokol konu\u015fmalar\u0131n\u0131n sonras\u0131nda program\u0131n panel b\u00f6l\u00fcm\u00fcne ge\u00e7ildi. Panelin moderat\u00f6rl\u00fc\u011f\u00fcn\u00fc yapan D\u00fczce \u00dcniversitesi Rekt\u00f6r Yard\u0131mc\u0131s\u0131 Prof. Dr. Mehmet Akif \u00d6nc\u00fc, \u00f6nemli olaylar\u0131 tek perspektiften de\u011fil, uluslararas\u0131 boyutuyla da de\u011ferlendirmek gerekti\u011fini belirterek 15 Temmuz darbe giri\u015fiminin de \u00e7ok boyutlu ele al\u0131naca\u011f\u0131n\u0131 s\u00f6yledi.<\/p>\n<p>\u201cBu m\u00fccadele uzun s\u00fcrecek\u201d<\/p>\n<p>Panelin ilk konu\u015fmac\u0131s\u0131 olan Siyaset Ekonomi ve Toplum Ara\u015ft\u0131rmalar\u0131 Vakf\u0131 (SETA) Genel Koordinat\u00f6r Yard\u0131mc\u0131s\u0131 Prof. Dr. Kemal \u0130nat, T\u00fcrkiye\u2019nin d\u00fcnyada en \u00e7ok ter\u00f6r sald\u0131r\u0131lar\u0131na u\u011frayan \u00fclkelerin ba\u015f\u0131nda geldi\u011fine dikkat \u00e7ekti. 15 Temmuz\u2019un as\u0131l failinin FET\u00d6\u2019den ziyade arkas\u0131ndaki akt\u00f6rler oldu\u011funu dile getiren \u0130nat, FET\u00d6 a\u00e7\u0131s\u0131ndan darbe giri\u015fiminin hedefinin \u00fclkeyi ele ge\u00e7irmek, arkadaki akt\u00f6rlerin hedefinin ise T\u00fcrkiye\u2019yi kayan eksenini d\u00fczeltmek ve y\u00f6r\u00fcngeye tekrar oturtmak \u015feklinde a\u00e7\u0131klad\u0131.<\/p>\n<p>Halk\u0131n direnmesiyle darbe giri\u015fiminin atlat\u0131ld\u0131\u011f\u0131n\u0131 dillendiren konu\u015fmac\u0131, darbecilerin niyeti a\u00e7\u0131s\u0131ndan ise s\u00fcrecin sona ermedi\u011fi uyar\u0131s\u0131nda bulundu. FET\u00d6\u2019n\u00fcn ABD ve Almanya gibi \u00fclkelerin destekleri sayesinde hedefinden vazge\u00e7medi\u011fini belirten Prof. Dr. Kemal \u0130nat, sonu\u00e7lar\u0131n \u00fclkemize ciddi zararlar verdi\u011fini ve bu m\u00fccadelenin uzun s\u00fcrece\u011fi bilgisini payla\u015ft\u0131.<\/p>\n<p>\u201cT\u00fcrkiye\u2019nin S-400 sistemini alarak ABD\u2019ye ba\u011f\u0131ml\u0131l\u0131\u011f\u0131n\u0131 azaltt\u0131\u201d<\/p>\n<p>Sakarya \u00dcniversitesi Ortado\u011fu Enstit\u00fcs\u00fc M\u00fcd\u00fcr Yard\u0131mc\u0131s\u0131 Do\u00e7. Dr. Ali Balc\u0131 da, FET\u00d6\u2019n\u00fcn bir\u00e7ok kan\u0131ta ra\u011fmen iade edilmemesinin ABD ve T\u00fcrkiye aras\u0131ndaki b\u00fcy\u00fck g\u00fc\u00e7 fark\u0131ndan kaynakland\u0131\u011f\u0131 de\u011ferlendirmesinde bulundu. ABD\u2019nin T\u00fcrkiye\u2019yi NATO ve ABD ekseni do\u011frultusunda hareket etmesi i\u00e7in darbe giri\u015fimi dahil bir\u00e7ok yola ba\u015fvurdu\u011funun alt\u0131n\u0131 \u00e7izen Do\u00e7. Dr. Ali Balc\u0131, T\u00fcrkiye\u2019nin 15 Temmuz\u2019dan sonra ABD, Rusya ve \u00c7in gibi b\u00fcy\u00fck g\u00fc\u00e7 eksenleri ile ili\u015fkiler geli\u015ftirdi\u011fini, buna \u00f6rnek olarak da T\u00fcrkiye\u2019nin S-400 sistemini alarak ABD\u2019ye ba\u011f\u0131ml\u0131l\u0131\u011f\u0131n\u0131 azalt\u0131rken, Rusya ve ABD\u2019yi de kar\u015f\u0131 kar\u015f\u0131ya getirdi\u011fi \u00f6rne\u011fini verdi.<\/p>\n<p>\u201c15 Temmuz \u00f6rg\u00fctl\u00fc i\u015fgal giri\u015fimi\u201d<\/p>\n<p>Panelin son konu\u015fmac\u0131s\u0131 SETA Siyaset Ara\u015ft\u0131rmalar\u0131 Direkt\u00f6r\u00fc Dr. \u00d6\u011fretim \u00dcyesi Nebi Mi\u015f ise 15 Temmuz\u2019un sadece bir darbe giri\u015fimi de\u011fil, ayn\u0131 zamanda bir \u00f6rt\u00fcl\u00fc i\u015fgal giri\u015fimi oldu\u011funu da vurgulad\u0131. Darbecilerin ge\u00e7mi\u015f y\u00f6ntemlerin d\u0131\u015f\u0131nda farkl\u0131 olarak ter\u00f6r eylemi de ger\u00e7ekle\u015ftirdi\u011fini s\u00f6yleyen davetli konu\u015fmac\u0131, 15 Temmuz darbe giri\u015fiminin d\u0131\u015fardan planland\u0131\u011f\u0131n\u0131 ve y\u00f6netildi\u011fini de s\u00f6zlerine ekledi. Program, davetli konu\u015fmac\u0131lara te\u015fekk\u00fcr plaketlerinin takdim edilmesiyle sona erdi.<\/p>\n","protected":false},"excerpt":{"rendered":"<p>D\u00dcZCE \u00dcN\u0130VERS\u0130TES\u0130, 15 TEMMUZ DEMOKRAS\u0130 VE M\u0130LL\u0130 B\u0130RL\u0130K G\u00dcN\u00dc ETK\u0130NL\u0130KLER\u0130 KAPSAMINDA \u201cULUSLARARASI BOYUTUYLA 15 TEMMUZ DARBE G\u0130R\u0130\u015e\u0130M\u0130: NEDENLER, AKT\u00d6RLER VE SONU\u00c7LAR\u201d BA\u015eLIKLI B\u0130R PANEL D\u00dcZENLED\u0130.<\/p>\n","protected":false},"author":1,"featured_media":183397,"comment_status":"closed","ping_status":"open","sticky":false,"template":"","format":"standard","meta":{"jetpack_post_was_ever_published":false,"_jetpack_newsletter_access":"","_jetpack_dont_email_post_to_subs":false,"_jetpack_newsletter_tier_id":0,"_jetpack_memberships_contains_paywalled_content":false,"_jetpack_memberships_contains_paid_content":false,"footnotes":"","jetpack_publicize_message":"","jetpack_publicize_feature_enabled":true,"jetpack_social_post_already_shared":true,"jetpack_social_options":{"image_generator_settings":{"template":"highway","default_image_id":0,"font":"","enabled":false},"version":2}},"categories":[1],"tags":[4839,45324,6824,7901,1148],"class_list":["post-183396","post","type-post","status-publish","format-standard","has-post-thumbnail","hentry","category-genel","tag-uluslararasi","tag-boyutuyla","tag-duzcede","tag-paneli","tag-temmuz"],"jetpack_publicize_connections":[],"jetpack_featured_media_url":"https:\/\/i0.wp.com\/www.tvturk.com\/wp-content\/uploads\/2019\/07\/duzcede-uluslararasi-boyutuyla-15-temmuz-paneli_4e3b050.jpg?fit=1000%2C668","jetpack_sharing_enabled":true,"jetpack_shortlink":"https:\/\/wp.me\/paKIfm-LI0","_links":{"self":[{"href":"http:\/\/www.tvturk.com\/index.php\/wp-json\/wp\/v2\/posts\/183396","targetHints":{"allow":["GET"]}}],"collection":[{"href":"http:\/\/www.tvturk.com\/index.php\/wp-json\/wp\/v2\/posts"}],"about":[{"href":"http:\/\/www.tvturk.com\/index.php\/wp-json\/wp\/v2\/types\/post"}],"author":[{"embeddable":true,"href":"http:\/\/www.tvturk.com\/index.php\/wp-json\/wp\/v2\/users\/1"}],"replies":[{"embeddable":true,"href":"http:\/\/www.tvturk.com\/index.php\/wp-json\/wp\/v2\/comments?post=183396"}],"version-history":[{"count":0,"href":"http:\/\/www.tvturk.com\/index.php\/wp-json\/wp\/v2\/posts\/183396\/revisions"}],"wp:featuredmedia":[{"embeddable":true,"href":"http:\/\/www.tvturk.com\/index.php\/wp-json\/wp\/v2\/media\/183397"}],"wp:attachment":[{"href":"http:\/\/www.tvturk.com\/index.php\/wp-json\/wp\/v2\/media?parent=183396"}],"wp:term":[{"taxonomy":"category","embeddable":true,"href":"http:\/\/www.tvturk.com\/index.php\/wp-json\/wp\/v2\/categories?post=183396"},{"taxonomy":"post_tag","embeddable":true,"href":"http:\/\/www.tvturk.com\/index.php\/wp-json\/wp\/v2\/tags?post=183396"}],"curies":[{"name":"wp","href":"https:\/\/api.w.org\/{rel}","templated":true}]}}