{"id":183398,"date":"2019-07-17T21:31:52","date_gmt":"2019-07-17T18:31:52","guid":{"rendered":"http:\/\/www.tvturk.com\/index.php\/afyonkarahisar-izmir-karayolunda-biriken-su-uzun-arac-kuyruklari-olusturdu\/"},"modified":"2019-07-17T21:31:52","modified_gmt":"2019-07-17T18:31:52","slug":"afyonkarahisar-izmir-karayolunda-biriken-su-uzun-arac-kuyruklari-olusturdu","status":"publish","type":"post","link":"http:\/\/www.tvturk.com\/index.php\/afyonkarahisar-izmir-karayolunda-biriken-su-uzun-arac-kuyruklari-olusturdu\/","title":{"rendered":"Afyonkarahisar-\u0130zmir karayolunda biriken su uzun ara\u00e7 kuyruklar\u0131 olu\u015fturdu"},"content":{"rendered":"<p>Afyonkarahisar-\u0130zmir karayolunun 15. kilometresinde yo\u011fun ya\u011fmur nedeniyle yolda biriken sular uzun ara\u00e7 kuyruklar\u0131 olu\u015fturdu.<\/p>\n<p>Afyonkarahisar\u2019da \u00f6\u011fleden sonra ba\u015flayan yo\u011fun ya\u011fmur ya\u011f\u0131\u015f\u0131 hayat\u0131 olumsuz etkiledi. Kentte yakla\u015f\u0131k 3 saat devam eden ya\u011fmur, ara\u00e7 s\u00fcr\u00fcc\u00fclerine de zor anlar ya\u015fatt\u0131. Afyonkarahisar U\u015fak karayolunun 15 kilometresinde biriken su nedeniyle trafik bir s\u00fcre t\u0131kand\u0131. Trafi\u011fin t\u0131kanmas\u0131 nedeniyle uzun ara\u00e7 kuyruklar\u0131 olu\u015ftu. \u0130hbar \u00fczerine b\u00f6lgeye gelen \u0130l Emniyet M\u00fcd\u00fcrl\u00fc\u011f\u00fc ekipleri trafik g\u00fcvenli\u011fini sa\u011flayarak, ara\u00e7lar\u0131n tek \u015ferit \u00fczerinden ilerlemesini sa\u011flad\u0131.<\/p>\n<p>\u00d6te yandan b\u00f6lgeye gelen \u0130l Afet Acil Durum M\u00fcd\u00fcrl\u00fc\u011f\u00fc (AFAD) ile Karayollar\u0131 \u015eube M\u00fcd\u00fcrl\u00fc\u011f\u00fc ekipleri yol \u00fczerinde biriken suyun tahliyesini sa\u011flad\u0131. Yakla\u015f\u0131k 2 saatlik \u00e7al\u0131\u015fman\u0131n ard\u0131ndan trafik normal seyrine d\u00f6nd\u00fc. Yolda bir s\u00fcre beklemek zorunda kalan ara\u00e7 s\u00fcr\u00fcc\u00fcleri trafi\u011fin kilitlenmesine tepki g\u00f6sterdi.<\/p>\n","protected":false},"excerpt":{"rendered":"<p>AFYONKARAH\u0130SAR-\u0130ZM\u0130R KARAYOLUNUN 15. K\u0130LOMETRES\u0130NDE YO\u011eUN YA\u011eMUR NEDEN\u0130YLE YOLDA B\u0130R\u0130KEN SULAR UZUN ARA\u00c7 KUYRUKLARI OLU\u015eTURDU.<\/p>\n","protected":false},"author":1,"featured_media":183399,"comment_status":"closed","ping_status":"open","sticky":false,"template":"","format":"standard","meta":{"jetpack_post_was_ever_published":false,"_jetpack_newsletter_access":"","_jetpack_dont_email_post_to_subs":false,"_jetpack_newsletter_tier_id":0,"_jetpack_memberships_contains_paywalled_content":false,"_jetpack_memberships_contains_paid_content":false,"footnotes":"","jetpack_publicize_message":"","jetpack_publicize_feature_enabled":true,"jetpack_social_post_already_shared":true,"jetpack_social_options":{"image_generator_settings":{"template":"highway","default_image_id":0,"font":"","enabled":false},"version":2}},"categories":[1],"tags":[45325,1221,21118,129,16229,3047,482],"class_list":["post-183398","post","type-post","status-publish","format-standard","has-post-thumbnail","hentry","category-genel","tag-afyonkarahisar-izmir","tag-arac","tag-biriken","tag-karayolunda","tag-kuyruklari","tag-olusturdu","tag-uzun"],"jetpack_publicize_connections":[],"jetpack_featured_media_url":"https:\/\/i0.wp.com\/www.tvturk.com\/wp-content\/uploads\/2019\/07\/afyonkarahisar-izmir-karayolunda-biriken-su-uzun-arac-kuyruklari-olusturdu_8d2e45b.jpg?fit=1000%2C664","jetpack_sharing_enabled":true,"jetpack_shortlink":"https:\/\/wp.me\/paKIfm-LI2","_links":{"self":[{"href":"http:\/\/www.tvturk.com\/index.php\/wp-json\/wp\/v2\/posts\/183398","targetHints":{"allow":["GET"]}}],"collection":[{"href":"http:\/\/www.tvturk.com\/index.php\/wp-json\/wp\/v2\/posts"}],"about":[{"href":"http:\/\/www.tvturk.com\/index.php\/wp-json\/wp\/v2\/types\/post"}],"author":[{"embeddable":true,"href":"http:\/\/www.tvturk.com\/index.php\/wp-json\/wp\/v2\/users\/1"}],"replies":[{"embeddable":true,"href":"http:\/\/www.tvturk.com\/index.php\/wp-json\/wp\/v2\/comments?post=183398"}],"version-history":[{"count":0,"href":"http:\/\/www.tvturk.com\/index.php\/wp-json\/wp\/v2\/posts\/183398\/revisions"}],"wp:featuredmedia":[{"embeddable":true,"href":"http:\/\/www.tvturk.com\/index.php\/wp-json\/wp\/v2\/media\/183399"}],"wp:attachment":[{"href":"http:\/\/www.tvturk.com\/index.php\/wp-json\/wp\/v2\/media?parent=183398"}],"wp:term":[{"taxonomy":"category","embeddable":true,"href":"http:\/\/www.tvturk.com\/index.php\/wp-json\/wp\/v2\/categories?post=183398"},{"taxonomy":"post_tag","embeddable":true,"href":"http:\/\/www.tvturk.com\/index.php\/wp-json\/wp\/v2\/tags?post=183398"}],"curies":[{"name":"wp","href":"https:\/\/api.w.org\/{rel}","templated":true}]}}