{"id":183412,"date":"2019-07-17T23:17:16","date_gmt":"2019-07-17T20:17:16","guid":{"rendered":"http:\/\/www.tvturk.com\/index.php\/fenerbahce-taktik-calisti-2\/"},"modified":"2019-07-17T23:17:16","modified_gmt":"2019-07-17T20:17:16","slug":"fenerbahce-taktik-calisti-2","status":"publish","type":"post","link":"http:\/\/www.tvturk.com\/index.php\/fenerbahce-taktik-calisti-2\/","title":{"rendered":"Fenerbah\u00e7e taktik \u00e7al\u0131\u015ft\u0131"},"content":{"rendered":"<p>Fenerbah\u00e7e, yeni sezon haz\u0131rl\u0131klar\u0131n\u0131 ak\u015fam saatlerinde yapt\u0131\u011f\u0131 g\u00fcn\u00fcn ikinci antrenman\u0131yla s\u00fcrd\u00fcrd\u00fc.<\/p>\n<p>Can Bartu Tesisleri\u2019nde Teknik Direkt\u00f6r Ersun Yanal y\u00f6netiminde ger\u00e7ekle\u015ftirilen antrenman ko\u015fu ve \u0131s\u0131nma hareketleriyle ba\u015flad\u0131. Pas organizasyonlar\u0131yla s\u00fcren idman; taktiksel ve bireysel \u00e7al\u0131\u015fmalarla noktaland\u0131.<\/p>\n<p>Sar\u0131-lacivertlier yeni sezon haz\u0131rl\u0131klar\u0131n\u0131 18 Temmuz Per\u015fembe g\u00fcn\u00fc yapaca\u011f\u0131 \u00e7al\u0131\u015fmayla s\u00fcrd\u00fcrecek.<\/p>\n","protected":false},"excerpt":{"rendered":"<p>FENERBAH\u00c7E, YEN\u0130 SEZON HAZIRLIKLARINI AK\u015eAM SAATLER\u0130NDE YAPTI\u011eI G\u00dcN\u00dcN \u0130K\u0130NC\u0130 ANTRENMANIYLA S\u00dcRD\u00dcRD\u00dc.<\/p>\n","protected":false},"author":1,"featured_media":183413,"comment_status":"closed","ping_status":"open","sticky":false,"template":"","format":"standard","meta":{"jetpack_post_was_ever_published":false,"_jetpack_newsletter_access":"","_jetpack_dont_email_post_to_subs":false,"_jetpack_newsletter_tier_id":0,"_jetpack_memberships_contains_paywalled_content":false,"_jetpack_memberships_contains_paid_content":false,"footnotes":"","jetpack_publicize_message":"","jetpack_publicize_feature_enabled":true,"jetpack_social_post_already_shared":true,"jetpack_social_options":{"image_generator_settings":{"template":"highway","default_image_id":0,"font":"","enabled":false},"version":2}},"categories":[657],"tags":[5060,2626,5059],"class_list":["post-183412","post","type-post","status-publish","format-standard","has-post-thumbnail","hentry","category-spor","tag-calisti","tag-fenerbahce","tag-taktik"],"jetpack_publicize_connections":[],"jetpack_featured_media_url":"https:\/\/i0.wp.com\/www.tvturk.com\/wp-content\/uploads\/2019\/07\/fenerbahce-taktik-calisti_2b27a7a.jpg?fit=1000%2C739","jetpack_sharing_enabled":true,"jetpack_shortlink":"https:\/\/wp.me\/paKIfm-LIg","_links":{"self":[{"href":"http:\/\/www.tvturk.com\/index.php\/wp-json\/wp\/v2\/posts\/183412","targetHints":{"allow":["GET"]}}],"collection":[{"href":"http:\/\/www.tvturk.com\/index.php\/wp-json\/wp\/v2\/posts"}],"about":[{"href":"http:\/\/www.tvturk.com\/index.php\/wp-json\/wp\/v2\/types\/post"}],"author":[{"embeddable":true,"href":"http:\/\/www.tvturk.com\/index.php\/wp-json\/wp\/v2\/users\/1"}],"replies":[{"embeddable":true,"href":"http:\/\/www.tvturk.com\/index.php\/wp-json\/wp\/v2\/comments?post=183412"}],"version-history":[{"count":0,"href":"http:\/\/www.tvturk.com\/index.php\/wp-json\/wp\/v2\/posts\/183412\/revisions"}],"wp:featuredmedia":[{"embeddable":true,"href":"http:\/\/www.tvturk.com\/index.php\/wp-json\/wp\/v2\/media\/183413"}],"wp:attachment":[{"href":"http:\/\/www.tvturk.com\/index.php\/wp-json\/wp\/v2\/media?parent=183412"}],"wp:term":[{"taxonomy":"category","embeddable":true,"href":"http:\/\/www.tvturk.com\/index.php\/wp-json\/wp\/v2\/categories?post=183412"},{"taxonomy":"post_tag","embeddable":true,"href":"http:\/\/www.tvturk.com\/index.php\/wp-json\/wp\/v2\/tags?post=183412"}],"curies":[{"name":"wp","href":"https:\/\/api.w.org\/{rel}","templated":true}]}}