{"id":183420,"date":"2019-07-17T23:46:26","date_gmt":"2019-07-17T20:46:26","guid":{"rendered":"http:\/\/www.tvturk.com\/index.php\/belediye-baskani-yaslandirilmis-fotograflarina-isyan-etti\/"},"modified":"2019-07-17T23:46:26","modified_gmt":"2019-07-17T20:46:26","slug":"belediye-baskani-yaslandirilmis-fotograflarina-isyan-etti","status":"publish","type":"post","link":"http:\/\/www.tvturk.com\/index.php\/belediye-baskani-yaslandirilmis-fotograflarina-isyan-etti\/","title":{"rendered":"Belediye Ba\u015fkan\u0131 ya\u015fland\u0131r\u0131lm\u0131\u015f foto\u011fraflar\u0131na isyan etti"},"content":{"rendered":"<p>K\u0131rklareli Belediye Ba\u015fkan\u0131 Mehmet Kesim Siyamo\u011flu ya\u015fland\u0131r\u0131lm\u0131\u015f foto\u011fraflar\u0131na esprili bir dille g\u00f6ndermede bulunarak, \u201cBa\u011f\u0131ms\u0131z aday olmak \u00e7ok yorucu, a\u011f\u0131r \u00e7al\u0131\u015fma isteyen bir \u015fey ama bu kadar da de\u011fil. L\u00fctfen art\u0131k beni ya\u015fland\u0131r\u0131p ya\u015fland\u0131r\u0131p foto\u011fraf g\u00f6ndermeyin\u201d dedi.<\/p>\n<p>Sosyal Medya son birka\u00e7 g\u00fcnd\u00fcr kullan\u0131c\u0131lar\u0131n payla\u015ft\u0131\u011f\u0131 ya\u015fland\u0131r\u0131lm\u0131\u015f foto\u011fraflarla dolup ta\u015ft\u0131. Mobil cihazlar i\u00e7in geli\u015ftirilen bir uygulama ile ortaya \u00e7\u0131kan ya\u015fland\u0131rma foto\u011fraflar\u0131 bir\u00e7ok kesimi etkisi alt\u0131na ald\u0131. Bu uygulama ile foto\u011fraflar\u0131 ya\u015fland\u0131r\u0131lan belediye ba\u015fkan\u0131 da isyan etti. Kendisine gelen s\u0131k\u00e7a ya\u015fland\u0131rma foto\u011fraflar\u0131 \u00fczerine bir a\u00e7\u0131klama yapan K\u0131rklareli Belediye Ba\u015fkan\u0131 Mehmet Siyam Kesimo\u011flu, ya\u015fland\u0131r\u0131lm\u0131\u015f foto\u011fraflar\u0131n\u0131n \u00fcst\u00fcne esprili bir dille, \u201cArkada\u015flar tamam ba\u011f\u0131ms\u0131z aday olmak \u00e7ok yorucu, a\u011f\u0131r \u00e7al\u0131\u015fma isteyen bir \u015fey ama bu kadar da de\u011fil. L\u00fctfen art\u0131k beni ya\u015fland\u0131r\u0131p ya\u015fland\u0131r\u0131p foto\u011fraf g\u00f6ndermeyin\u201d diye payla\u015f\u0131mda bulundu.<\/p>\n","protected":false},"excerpt":{"rendered":"<p>KIRKLAREL\u0130 BELED\u0130YE BA\u015eKANI MEHMET KES\u0130M S\u0130YAMO\u011eLU YA\u015eLANDIRILMI\u015e FOTO\u011eRAFLARINA ESPR\u0130L\u0130 B\u0130R D\u0130LLE G\u00d6NDERMEDE BULUNARAK, \u201cBA\u011eIMSIZ ADAY OLMAK \u00c7OK YORUCU, A\u011eIR \u00c7ALI\u015eMA \u0130STEYEN B\u0130R \u015eEY AMA BU KADAR DA DE\u011e\u0130L. L\u00dcTFEN ARTIK BEN\u0130 YA\u015eLANDIRIP YA\u015eLANDIRIP FOTO\u011eRAF G\u00d6NDERMEY\u0130N\u201d DED\u0130.<\/p>\n","protected":false},"author":1,"featured_media":183421,"comment_status":"closed","ping_status":"open","sticky":false,"template":"","format":"standard","meta":{"jetpack_post_was_ever_published":false,"_jetpack_newsletter_access":"","_jetpack_dont_email_post_to_subs":false,"_jetpack_newsletter_tier_id":0,"_jetpack_memberships_contains_paywalled_content":false,"_jetpack_memberships_contains_paid_content":false,"footnotes":"","jetpack_publicize_message":"","jetpack_publicize_feature_enabled":true,"jetpack_social_post_already_shared":true,"jetpack_social_options":{"image_generator_settings":{"template":"highway","default_image_id":0,"font":"","enabled":false},"version":2}},"categories":[1],"tags":[216,134,207,45337,5623,45336],"class_list":["post-183420","post","type-post","status-publish","format-standard","has-post-thumbnail","hentry","category-genel","tag-baskani","tag-belediye","tag-etti","tag-fotograflarina","tag-isyan","tag-yaslandirilmis"],"jetpack_publicize_connections":[],"jetpack_featured_media_url":"https:\/\/i0.wp.com\/www.tvturk.com\/wp-content\/uploads\/2019\/07\/belediye-baskani-yaslandirilmis-fotograflarina-isyan-etti_8fe6ef3.jpg?fit=482%2C509","jetpack_sharing_enabled":true,"jetpack_shortlink":"https:\/\/wp.me\/paKIfm-LIo","_links":{"self":[{"href":"http:\/\/www.tvturk.com\/index.php\/wp-json\/wp\/v2\/posts\/183420","targetHints":{"allow":["GET"]}}],"collection":[{"href":"http:\/\/www.tvturk.com\/index.php\/wp-json\/wp\/v2\/posts"}],"about":[{"href":"http:\/\/www.tvturk.com\/index.php\/wp-json\/wp\/v2\/types\/post"}],"author":[{"embeddable":true,"href":"http:\/\/www.tvturk.com\/index.php\/wp-json\/wp\/v2\/users\/1"}],"replies":[{"embeddable":true,"href":"http:\/\/www.tvturk.com\/index.php\/wp-json\/wp\/v2\/comments?post=183420"}],"version-history":[{"count":0,"href":"http:\/\/www.tvturk.com\/index.php\/wp-json\/wp\/v2\/posts\/183420\/revisions"}],"wp:featuredmedia":[{"embeddable":true,"href":"http:\/\/www.tvturk.com\/index.php\/wp-json\/wp\/v2\/media\/183421"}],"wp:attachment":[{"href":"http:\/\/www.tvturk.com\/index.php\/wp-json\/wp\/v2\/media?parent=183420"}],"wp:term":[{"taxonomy":"category","embeddable":true,"href":"http:\/\/www.tvturk.com\/index.php\/wp-json\/wp\/v2\/categories?post=183420"},{"taxonomy":"post_tag","embeddable":true,"href":"http:\/\/www.tvturk.com\/index.php\/wp-json\/wp\/v2\/tags?post=183420"}],"curies":[{"name":"wp","href":"https:\/\/api.w.org\/{rel}","templated":true}]}}