{"id":183426,"date":"2019-07-18T05:16:04","date_gmt":"2019-07-18T02:16:04","guid":{"rendered":"http:\/\/www.tvturk.com\/index.php\/asiri-yagis-sel-ve-toprak-kaymasina-neden-oldu-10-kisi-mahsur-kaldi\/"},"modified":"2019-07-18T05:16:04","modified_gmt":"2019-07-18T02:16:04","slug":"asiri-yagis-sel-ve-toprak-kaymasina-neden-oldu-10-kisi-mahsur-kaldi","status":"publish","type":"post","link":"http:\/\/www.tvturk.com\/index.php\/asiri-yagis-sel-ve-toprak-kaymasina-neden-oldu-10-kisi-mahsur-kaldi\/","title":{"rendered":"A\u015f\u0131r\u0131 ya\u011f\u0131\u015f sel ve toprak kaymas\u0131na neden oldu: 10 ki\u015fi mahsur kald\u0131"},"content":{"rendered":"<p>D\u00fczce\u2019nin Cumayeri il\u00e7esinde ak\u015fam saatlerinde ba\u015flayan ve etkisini bir anda artt\u0131ran kuvvetle ya\u011f\u0131\u015f ve heyelan nedeniyle mahsur kalanlara ula\u015fmak i\u00e7in ekipler \u00e7al\u0131\u015fma ba\u015flatt\u0131. Vali Dr. Z\u00fclkif Da\u011fl\u0131, mahsur kalanlar\u0131 kurtarmak i\u00e7in helikopter istediklerini s\u00f6yledi.<\/p>\n<p>D\u00fczce\u2019nin Cumayeri il\u00e7esinde ak\u015fam saatlerinde ba\u015flayan ya\u011f\u0131\u015f su bask\u0131nlar\u0131na neden oldu. \u00d6zellikle y\u00fcksek yerlerde ya\u011fan ya\u011f\u0131\u015f nedeniyle k\u00f6y merkezleri sular alt\u0131nda kald\u0131. Bir\u00e7ok ev ve i\u015f yeri da\u011flardan gelen a\u011fa\u00e7lar nedeniyle zarar g\u00f6rd\u00fc. Cumayeri ile k\u00f6ylerin ba\u011flant\u0131s\u0131n\u0131 sa\u011flayan yollarda toprak kaymalar\u0131 ve heyelanlar ya\u015fand\u0131. Heyelanlar nedeniyle 5 k\u00f6yle ileti\u015fim tamamen kesildi. B\u00f6lgeye, \u0130l \u00d6zel \u0130daresi, AFAD, 112 Acil Servis, itfaiye ve jandarma ekipleri sevk edildi.<\/p>\n<p>Vali Z\u00fclkif Da\u011fl\u0131, 10 ki\u015finin mahsur kald\u0131\u011f\u0131n\u0131 belirterek \u201c\u00c7ok ge\u00e7mi\u015f olsun. Nehir Evleri denen b\u00f6lgede 10 arkada\u015f\u0131m\u0131z mahsur bekliyor. Jandarma Genel Komutanl\u0131\u011f\u0131, Genel Kurmay Ba\u015fkanl\u0131\u011f\u0131, AFAD Ba\u015fkanl\u0131\u011f\u0131 vas\u0131tas\u0131yla talebimizi yapt\u0131k, \u015fuanda helikopter bekliyoruz. Helikopter gelince arkada\u015flar\u0131m\u0131z\u0131 kurtaraca\u011f\u0131z. \u015eu an i\u00e7in sular o b\u00f6lgede halen y\u00fcksek. Arkada\u015flar\u0131m\u0131z\u0131n hayati tehlikesi \u015fuan i\u00e7in g\u00f6r\u00fcnm\u00fcyor. 1 arkada\u015f\u0131m\u0131z\u0131n ast\u0131m rahats\u0131zl\u0131\u011f\u0131 var, 1 arkada\u015f\u0131m\u0131z\u0131n baca\u011f\u0131nda hafif yara var. Ancak onlar sabrediyor. \u0130n\u015fallah yeti\u015fece\u011fiz ve kurtaraca\u011f\u0131z\u201d dedi.<\/p>\n<p>Vali Z\u00fclkif Da\u011fl\u0131 ayr\u0131ca b\u00f6lgede mahsur kalanlarla telefonla konu\u015farak durumlar\u0131 hakk\u0131nda da bilgiler al\u0131rken \u00e7al\u0131\u015fmalar aral\u0131ks\u0131z s\u00fcr\u00fcyor.<\/p>\n","protected":false},"excerpt":{"rendered":"<p>D\u00dcZCE&#8217;N\u0130N CUMAYER\u0130 \u0130L\u00c7ES\u0130NDE AK\u015eAM SAATLER\u0130NDE BA\u015eLAYAN VE ETK\u0130S\u0130N\u0130 B\u0130R ANDA ARTTIRAN KUVVETLE YA\u011eI\u015e VE HEYELAN NEDEN\u0130YLE MAHSUR KALANLARA ULA\u015eMAK \u0130\u00c7\u0130N EK\u0130PLER \u00c7ALI\u015eMA BA\u015eLATTI. VAL\u0130 DR. Z\u00dcLK\u0130F DA\u011eLI MAHSUR KALANLARI KURTARMAK \u0130\u00c7\u0130N HEL\u0130KOPTER \u0130STED\u0130KLER\u0130N\u0130 S\u00d6YLED\u0130.<\/p>\n","protected":false},"author":1,"featured_media":183427,"comment_status":"closed","ping_status":"open","sticky":false,"template":"","format":"standard","meta":{"jetpack_post_was_ever_published":false,"_jetpack_newsletter_access":"","_jetpack_dont_email_post_to_subs":false,"_jetpack_newsletter_tier_id":0,"_jetpack_memberships_contains_paywalled_content":false,"_jetpack_memberships_contains_paid_content":false,"footnotes":"","jetpack_publicize_message":"","jetpack_publicize_feature_enabled":true,"jetpack_social_post_already_shared":true,"jetpack_social_options":{"image_generator_settings":{"template":"highway","default_image_id":0,"font":"","enabled":false},"version":2}},"categories":[1],"tags":[695,1402,1853,45339,1012,2381,1130,77,9353,1577],"class_list":["post-183426","post","type-post","status-publish","format-standard","has-post-thumbnail","hentry","category-genel","tag-sel","tag-asiri","tag-kaldi","tag-kaymasina","tag-kisi","tag-mahsur","tag-neden","tag-oldu","tag-toprak","tag-yagis"],"jetpack_publicize_connections":[],"jetpack_featured_media_url":"https:\/\/i0.wp.com\/www.tvturk.com\/wp-content\/uploads\/2019\/07\/asiri-yagis-sel-ve-toprak-kaymasina-neden-oldu-10-kisi-mahsur-kaldi_5fbbbb6.jpg?fit=1000%2C562","jetpack_sharing_enabled":true,"jetpack_shortlink":"https:\/\/wp.me\/paKIfm-LIu","_links":{"self":[{"href":"http:\/\/www.tvturk.com\/index.php\/wp-json\/wp\/v2\/posts\/183426","targetHints":{"allow":["GET"]}}],"collection":[{"href":"http:\/\/www.tvturk.com\/index.php\/wp-json\/wp\/v2\/posts"}],"about":[{"href":"http:\/\/www.tvturk.com\/index.php\/wp-json\/wp\/v2\/types\/post"}],"author":[{"embeddable":true,"href":"http:\/\/www.tvturk.com\/index.php\/wp-json\/wp\/v2\/users\/1"}],"replies":[{"embeddable":true,"href":"http:\/\/www.tvturk.com\/index.php\/wp-json\/wp\/v2\/comments?post=183426"}],"version-history":[{"count":0,"href":"http:\/\/www.tvturk.com\/index.php\/wp-json\/wp\/v2\/posts\/183426\/revisions"}],"wp:featuredmedia":[{"embeddable":true,"href":"http:\/\/www.tvturk.com\/index.php\/wp-json\/wp\/v2\/media\/183427"}],"wp:attachment":[{"href":"http:\/\/www.tvturk.com\/index.php\/wp-json\/wp\/v2\/media?parent=183426"}],"wp:term":[{"taxonomy":"category","embeddable":true,"href":"http:\/\/www.tvturk.com\/index.php\/wp-json\/wp\/v2\/categories?post=183426"},{"taxonomy":"post_tag","embeddable":true,"href":"http:\/\/www.tvturk.com\/index.php\/wp-json\/wp\/v2\/tags?post=183426"}],"curies":[{"name":"wp","href":"https:\/\/api.w.org\/{rel}","templated":true}]}}