{"id":183428,"date":"2019-07-18T08:46:05","date_gmt":"2019-07-18T05:46:05","guid":{"rendered":"http:\/\/www.tvturk.com\/index.php\/adanaya-sehit-atesi-dustu\/"},"modified":"2019-07-18T08:46:05","modified_gmt":"2019-07-18T05:46:05","slug":"adanaya-sehit-atesi-dustu","status":"publish","type":"post","link":"http:\/\/www.tvturk.com\/index.php\/adanaya-sehit-atesi-dustu\/","title":{"rendered":"Adana\u2019ya \u015fehit ate\u015fi d\u00fc\u015ft\u00fc"},"content":{"rendered":"<p>Hakkari\u2019nin Y\u00fcksekova il\u00e7esine ba\u011fl\u0131 Da\u011fl\u0131ca B\u00f6lgesi\u2019nde bir hafta \u00f6nce b\u00f6l\u00fcc\u00fc ter\u00f6r \u00f6rg\u00fct\u00fc mensuplar\u0131nca araziye yerle\u015ftirilen EYP\u2019nin patlamas\u0131 sonucu yaralanarak tedavi alt\u0131na al\u0131nan Piyade Uzman \u00c7avu\u015f Soner G\u00f6k\u00e7\u00fc \u015fehit oldu.<\/p>\n<p>Isparta Da\u011f Komando Okulu ve E\u011fitim Merkez Komutanl\u0131\u011f\u0131nda e\u011fitimini tamamlad\u0131ktan sonra 9 Temmuz 2017 tarihinde g\u00f6reve ba\u015flayan Piyade Uzman \u00c7avu\u015f Soner G\u00f6k\u00e7\u00fc (24) Da\u011fl\u0131ca B\u00f6lgesinde icra edilen ter\u00f6rle m\u00fccadele operasyonu esnas\u0131nda 11 Temmuz 2019 tarihinde b\u00f6l\u00fcc\u00fc ter\u00f6r \u00f6rg\u00fct\u00fc mensuplar\u0131nca daha \u00f6nceden araziye yerle\u015ftirilen EYP\u2019nin patlamas\u0131 sonucunda a\u011f\u0131r yaraland\u0131.<\/p>\n<p>Sevk edildi\u011fi Ankara G\u00fclhane E\u011fitim ve Ara\u015ft\u0131rma Hastanesi\u2019nde tedavisi devam ederken 17 Temmuz \u00c7ar\u015famba g\u00fcn\u00fc \u015fehit olan Soner G\u00f6k\u00e7\u00fc\u2019n\u00fcn merkez Y\u00fcre\u011fir il\u00e7esindeki ailesine askeri yetkililer taraf\u0131ndan ac\u0131 haber verildi.<\/p>\n","protected":false},"excerpt":{"rendered":"<p>HAKKAR\u0130&#8217;N\u0130N Y\u00dcKSEKOVA \u0130L\u00c7ES\u0130NE BA\u011eLI DA\u011eLICA B\u00d6LGES\u0130&#8217;NDE B\u0130R HAFTA \u00d6NCE B\u00d6L\u00dcC\u00dc TER\u00d6R \u00d6RG\u00dcT\u00dc MENSUPLARINCA ARAZ\u0130YE YERLE\u015eT\u0130R\u0130LEN EYP&#8217;N\u0130N PATLAMASI SONUCU YARALANARAK TEDAV\u0130 ALTINA ALINAN P\u0130YADE UZMAN \u00c7AVU\u015e SONER G\u00d6K\u00c7\u00dc \u015eEH\u0130T OLDU.<\/p>\n","protected":false},"author":1,"featured_media":183429,"comment_status":"closed","ping_status":"open","sticky":false,"template":"","format":"standard","meta":{"jetpack_post_was_ever_published":false,"_jetpack_newsletter_access":"","_jetpack_dont_email_post_to_subs":false,"_jetpack_newsletter_tier_id":0,"_jetpack_memberships_contains_paywalled_content":false,"_jetpack_memberships_contains_paid_content":false,"footnotes":"","jetpack_publicize_message":"","jetpack_publicize_feature_enabled":true,"jetpack_social_post_already_shared":true,"jetpack_social_options":{"image_generator_settings":{"template":"highway","default_image_id":0,"font":"","enabled":false},"version":2}},"categories":[1],"tags":[13033,4592,1613,237],"class_list":["post-183428","post","type-post","status-publish","format-standard","has-post-thumbnail","hentry","category-genel","tag-adanaya","tag-atesi","tag-dustu","tag-sehit"],"jetpack_publicize_connections":[],"jetpack_featured_media_url":"https:\/\/i0.wp.com\/www.tvturk.com\/wp-content\/uploads\/2019\/07\/adanaya-sehit-atesi-dustu_76ce894.jpg?fit=240%2C323","jetpack_sharing_enabled":true,"jetpack_shortlink":"https:\/\/wp.me\/paKIfm-LIw","_links":{"self":[{"href":"http:\/\/www.tvturk.com\/index.php\/wp-json\/wp\/v2\/posts\/183428","targetHints":{"allow":["GET"]}}],"collection":[{"href":"http:\/\/www.tvturk.com\/index.php\/wp-json\/wp\/v2\/posts"}],"about":[{"href":"http:\/\/www.tvturk.com\/index.php\/wp-json\/wp\/v2\/types\/post"}],"author":[{"embeddable":true,"href":"http:\/\/www.tvturk.com\/index.php\/wp-json\/wp\/v2\/users\/1"}],"replies":[{"embeddable":true,"href":"http:\/\/www.tvturk.com\/index.php\/wp-json\/wp\/v2\/comments?post=183428"}],"version-history":[{"count":0,"href":"http:\/\/www.tvturk.com\/index.php\/wp-json\/wp\/v2\/posts\/183428\/revisions"}],"wp:featuredmedia":[{"embeddable":true,"href":"http:\/\/www.tvturk.com\/index.php\/wp-json\/wp\/v2\/media\/183429"}],"wp:attachment":[{"href":"http:\/\/www.tvturk.com\/index.php\/wp-json\/wp\/v2\/media?parent=183428"}],"wp:term":[{"taxonomy":"category","embeddable":true,"href":"http:\/\/www.tvturk.com\/index.php\/wp-json\/wp\/v2\/categories?post=183428"},{"taxonomy":"post_tag","embeddable":true,"href":"http:\/\/www.tvturk.com\/index.php\/wp-json\/wp\/v2\/tags?post=183428"}],"curies":[{"name":"wp","href":"https:\/\/api.w.org\/{rel}","templated":true}]}}