{"id":183458,"date":"2019-07-18T09:46:38","date_gmt":"2019-07-18T06:46:38","guid":{"rendered":"http:\/\/www.tvturk.com\/index.php\/ozel-haber-mame-thiam-diagne-ile-konustuktan-sonra-kasimpasaya-gelme-karari-aldim\/"},"modified":"2019-07-18T09:46:38","modified_gmt":"2019-07-18T06:46:38","slug":"ozel-haber-mame-thiam-diagne-ile-konustuktan-sonra-kasimpasaya-gelme-karari-aldim","status":"publish","type":"post","link":"http:\/\/www.tvturk.com\/index.php\/ozel-haber-mame-thiam-diagne-ile-konustuktan-sonra-kasimpasaya-gelme-karari-aldim\/","title":{"rendered":"(\u00d6zel haber) Mame Thiam: \u201cDiagne ile konu\u015ftuktan sonra Kas\u0131mpa\u015fa\u2019ya gelme karar\u0131 ald\u0131m\u201d"},"content":{"rendered":"<p>Kas\u0131mpa\u015fa\u2019n\u0131n Arabistan tak\u0131m\u0131 Arjman\u2019dan kadrosuna katt\u0131\u011f\u0131 Senegalli oyuncu Mame Thiam, Galatasaray\u2019da forma giyen Mbaye Diagne ile konu\u015ftuktan sonra Kas\u0131mpa\u015fa\u2019ya gelme karar\u0131 ald\u0131\u011f\u0131n\u0131 s\u00f6yledi.<\/p>\n<p>Spor Toto S\u00fcper Lig 2019-2020 sezonu haz\u0131rl\u0131klar\u0131n\u0131 s\u00fcrd\u00fcren Kas\u0131mpa\u015fa\u2019da yeni transfer Senegalli forvet Mame Thiam, \u0130hlas Haber Ajans\u0131 muhabirine a\u00e7\u0131klamalarda bulundu. Yeni sezon haz\u0131rl\u0131klar\u0131n\u0131n \u00e7ok iyi gitti\u011fini s\u00f6yleyen Thiam, \u201cHaz\u0131rl\u0131klar olduk\u00e7a iyi gidiyor. Oyuncu grubu, teknik direkt\u00f6r, herkes i\u015fine odaklanm\u0131\u015f durumda. Yeni sezona kendimizi haz\u0131rl\u0131yoruz. Tesisler harika. Her zaman insan\u0131n daha fazla \u00e7al\u0131\u015fmas\u0131na yard\u0131mc\u0131 oluyor\u201d \u015feklinde konu\u015ftu.<\/p>\n<p>\u201cKas\u0131mpa\u015fa ailesinin par\u00e7as\u0131 olmaktan mutluyum\u201d<\/p>\n<p>26 ya\u015f\u0131ndaki futbolcu, lacivert-beyazl\u0131 ekipte \u00e7ok g\u00fczel bir aile ortam\u0131 oldu\u011funa dikkat \u00e7ekerek, \u201cBeni olduk\u00e7a iyi kar\u015f\u0131lad\u0131lar. Uzun zamand\u0131r oynayan tecr\u00fcbeli oyuncular var. Hepsi entegre olmam i\u00e7in bana yard\u0131mc\u0131 oluyorlar.  Frans\u0131zca ve \u0130ngilizce konu\u015fanlar var. Hepimizin ortak bir dili var. Buradaki oyuncu grubu \u00e7ok g\u00fczel. Adeta bir aile gibi ve ben de bu ailenin par\u00e7as\u0131 olmaktan mutluyum\u201d a\u00e7\u0131klamas\u0131n\u0131 yapt\u0131.<\/p>\n<p>\u201cDiagne ile konu\u015ftuktan sonra Kas\u0131mpa\u015fa\u2019ya gelme karar\u0131 ald\u0131m\u201d<\/p>\n<p>Mame Thiam, Arabistan Ligi ekiplerinden Arjman\u2019da oynarken Kas\u0131mpa\u015fa\u2019dan ald\u0131\u011f\u0131 teklif sonras\u0131 Galatasaray\u2019\u0131n golc\u00fcs\u00fc Mbaye Diagne\u2019den T\u00fcrkiye ve Kas\u0131mpa\u015fa camias\u0131 hakk\u0131nda bilgi ald\u0131\u011f\u0131n\u0131 vurgulayarak, \u201cKas\u0131mpa\u015fa\u2019dan haberdard\u0131m \u00e7\u00fcnk\u00fc arkada\u015f\u0131m Diagne burada futbol oynuyordu. Onu takip ediyordum. Gelmeden \u00f6nce Diagne ile fikir al\u0131\u015fveri\u015fi yapt\u0131m. Kas\u0131mpa\u015fa\u2019n\u0131n tesislerini ve imkanlar\u0131n\u0131 anlatt\u0131. Sahip olduklar\u0131 imkanlar\u0131 nas\u0131l kulland\u0131klar\u0131n\u0131 anlatt\u0131. Bana olduk\u00e7a olumlu \u015feyler anlatt\u0131. Diagne ile konu\u015ftuktan sonra ald\u0131\u011f\u0131m referanslar do\u011frultusunda buraya gelmeye karar verdim\u201d ifadelerini kulland\u0131.<\/p>\n<p>\u201cT\u00fcrkiye\u2019de birka\u00e7 kul\u00fcpten teklif ald\u0131m\u201d<\/p>\n<p>Mame, T\u00fcrkiye\u2019de Kas\u0131mpa\u015fa\u2019dan farkl\u0131 olarak birka\u00e7 kul\u00fcpten daha teklif ald\u0131\u011f\u0131n\u0131 ifade ederek, \u201cTemsilcim birka\u00e7 farkl\u0131 tak\u0131mla alakal\u0131 teklif oldu\u011funu iletti ama Kas\u0131mpa\u015fa\u2019ya gelmeye karar verdim. Bu tak\u0131mlar\u0131n ismini vermesem daha iyi olur\u201d diye konu\u015ftu.<\/p>\n<p>\u201cG\u00f6revimi iyi yapt\u0131ktan sonra ilerisini g\u00f6rece\u011fiz\u201d<\/p>\n<p>Senegalli forvet, vatanda\u015f\u0131 Diagne gibi Kas\u0131mpa\u015fa\u2019da etkili performans g\u00f6sterip 3 b\u00fcy\u00fcklere transferi s\u00f6z konusu olur mu sorusuna ise \u015fu yan\u0131t\u0131 verdi:<\/p>\n<p>\u201cBen Kas\u0131mpa\u015fa projesine inand\u0131\u011f\u0131m i\u00e7in buraday\u0131m. Tak\u0131ma elimden geldi\u011fimce yard\u0131mc\u0131 olabilmek i\u00e7in geldim. Kendi g\u00f6revimi lay\u0131k\u0131yla yerine getirdikten sonra ne olaca\u011f\u0131n\u0131 ileride nas\u0131l bir durum olu\u015faca\u011f\u0131n\u0131 g\u00f6rece\u011fiz. Gelecekle alakal\u0131 konu\u015fmam do\u011fru de\u011fil.\u201d<\/p>\n<p>\u201cDigane Galatasaray\u2019da bu sene ba\u015far\u0131l\u0131 olacakt\u0131r\u201d<\/p>\n<p>Galatasarayl\u0131 futbolcu Mbaye Diagne\u2019nin ge\u00e7ti\u011fimiz sezon beklenen performans\u0131 verememesiyle alakal\u0131 olarak ise,  \u201cGalatasaray b\u00fcy\u00fck bir camia. Her ma\u00e7\u0131 kazanmak ve her ma\u00e7ta iyi oynamak zorunda. Diagne tan\u0131d\u0131\u011f\u0131m bildi\u011fim oyuncu Galatasaray\u2019da bu sene olduk\u00e7a ba\u015far\u0131l\u0131 olaca\u011f\u0131n\u0131 ve onlar\u0131 mutlu edece\u011fini d\u00fc\u015f\u00fcn\u00fcyorum\u201d de\u011ferlendirmesini yapt\u0131.<\/p>\n<p>\u201cAmac\u0131m tak\u0131m\u0131n hedeflerini ger\u00e7ekle\u015ftirmeye yard\u0131m etmek\u201d<\/p>\n<p>Hedefledi\u011fi bir gol say\u0131s\u0131 olmad\u0131\u011f\u0131n\u0131 aktaran Thiam, tak\u0131ma genel katk\u0131 sa\u011flamak istedi\u011finin alt\u0131n\u0131 \u00e7izerek, \u201cKi\u015fisel olarak gol hedefimden ziyade tak\u0131m\u0131n ba\u015far\u0131l\u0131 olmas\u0131 tak\u0131m\u0131n hedefini ger\u00e7ekle\u015ftirmesine yard\u0131mc\u0131 olma hedefim var. \u00c7\u00fcnk\u00fc tak\u0131m olarak hedeflerinizi ger\u00e7ekle\u015ftirdi\u011finizde b\u00fct\u00fcn herkes pay sahibi oluyor. Benim de amac\u0131m tak\u0131m olarak hedeflerimizi ger\u00e7ekle\u015ftirmemize yard\u0131mc\u0131 olmak\u201d \u015feklinde konu\u015ftu.<\/p>\n<p>\u201cKas\u0131mpa\u015fa\u2019da Mane ile birlikte oynamak isterdim\u201d<\/p>\n<p>Ba\u015far\u0131l\u0131 futbolcu, Kas\u0131mpa\u015fa\u2019da Liverpool\u2019un y\u0131ld\u0131z futbolcusu Sadio Mane ile birlikte forma giymek istedi\u011fini aktararak, \u201cMane\u2019yi buraya getirecek olabilsem yar\u0131n hemen getirirdim. Sadio Mane ile Kas\u0131mpa\u015fa\u2019da birlikte oynamay\u0131 isterdim\u201d ifadelerine yer verdi.<\/p>\n<p>\u201cUmar\u0131m Senegal, Afrika Uluslar Kupas\u0131\u2019n\u0131 kazan\u0131r\u201d<\/p>\n<p>Mame Thiam, Senegal Milli Tak\u0131m\u0131\u2019n\u0131n Afrika Uluslar Kupas\u0131\u2019nda finale kalmas\u0131yla alakal\u0131 olarak ise, \u201cSenegal Milli Tak\u0131m\u0131\u2019n\u0131n finalde olmas\u0131 Senegal futbolu i\u00e7in olduk\u00e7a \u00f6nemli. Bunun i\u00e7in \u00e7al\u0131\u015f\u0131yorlar. Bunun i\u00e7in \u00e7aba sarf ediyorlar ve bu \u00e7aban\u0131n kar\u015f\u0131l\u0131\u011f\u0131n\u0131 da final oynayarak alacaklar. Umar\u0131m finalde de ba\u015far\u0131l\u0131 olur kupay\u0131 kazan\u0131rlar. Senegal futbolu i\u00e7in finalde olmak \u00e7ok \u00f6nemli\u201d ifadelerini kulland\u0131.<\/p>\n<p>Mame, bu y\u0131l \u0130stanbul\u2019da Vodafone Park\u2019ta oynanacak olan S\u00fcper Kupa final m\u00fccadelesini takip edece\u011fini s\u00f6yleyerek a\u00e7\u0131klamas\u0131n\u0131 tamamlad\u0131.<\/p>\n","protected":false},"excerpt":{"rendered":"<p>KASIMPA\u015eA\u2019NIN ARAB\u0130STAN TAKIMI ARJMAN\u2019DAN KADROSUNA KATTI\u011eI SENEGALL\u0130 OYUNCU MAME TH\u0130AM, GALATASARAY&#8217;DA FORMA G\u0130YEN MBAYE D\u0130AGNE \u0130LE KONU\u015eTUKTAN SONRA KASIMPA\u015eA&#8217;YA GELME KARARI ALDI\u011eINI S\u00d6YLED\u0130.<\/p>\n","protected":false},"author":1,"featured_media":183459,"comment_status":"closed","ping_status":"open","sticky":false,"template":"","format":"standard","meta":{"jetpack_post_was_ever_published":false,"_jetpack_newsletter_access":"","_jetpack_dont_email_post_to_subs":false,"_jetpack_newsletter_tier_id":0,"_jetpack_memberships_contains_paywalled_content":false,"_jetpack_memberships_contains_paid_content":false,"footnotes":"","jetpack_publicize_message":"","jetpack_publicize_feature_enabled":true,"jetpack_social_post_already_shared":true,"jetpack_social_options":{"image_generator_settings":{"template":"highway","default_image_id":0,"font":"","enabled":false},"version":2}},"categories":[657],"tags":[1073,14120,10360,45347,1545,192,2832,15225,45346,42034,2022,45345],"class_list":["post-183458","post","type-post","status-publish","format-standard","has-post-thumbnail","hentry","category-spor","tag-ozel","tag-aldim","tag-diagne","tag-gelme","tag-haber","tag-ile","tag-karari","tag-kasimpasaya","tag-konustuktan","tag-mame","tag-sonra","tag-thiam"],"jetpack_publicize_connections":[],"jetpack_featured_media_url":"https:\/\/i0.wp.com\/www.tvturk.com\/wp-content\/uploads\/2019\/07\/ozel-haber-mame-thiam-diagne-ile-konustuktan-sonra-kasimpasaya-gelme-karari-aldim_27fff19.jpg?fit=1000%2C667","jetpack_sharing_enabled":true,"jetpack_shortlink":"https:\/\/wp.me\/paKIfm-LJ0","_links":{"self":[{"href":"http:\/\/www.tvturk.com\/index.php\/wp-json\/wp\/v2\/posts\/183458","targetHints":{"allow":["GET"]}}],"collection":[{"href":"http:\/\/www.tvturk.com\/index.php\/wp-json\/wp\/v2\/posts"}],"about":[{"href":"http:\/\/www.tvturk.com\/index.php\/wp-json\/wp\/v2\/types\/post"}],"author":[{"embeddable":true,"href":"http:\/\/www.tvturk.com\/index.php\/wp-json\/wp\/v2\/users\/1"}],"replies":[{"embeddable":true,"href":"http:\/\/www.tvturk.com\/index.php\/wp-json\/wp\/v2\/comments?post=183458"}],"version-history":[{"count":0,"href":"http:\/\/www.tvturk.com\/index.php\/wp-json\/wp\/v2\/posts\/183458\/revisions"}],"wp:featuredmedia":[{"embeddable":true,"href":"http:\/\/www.tvturk.com\/index.php\/wp-json\/wp\/v2\/media\/183459"}],"wp:attachment":[{"href":"http:\/\/www.tvturk.com\/index.php\/wp-json\/wp\/v2\/media?parent=183458"}],"wp:term":[{"taxonomy":"category","embeddable":true,"href":"http:\/\/www.tvturk.com\/index.php\/wp-json\/wp\/v2\/categories?post=183458"},{"taxonomy":"post_tag","embeddable":true,"href":"http:\/\/www.tvturk.com\/index.php\/wp-json\/wp\/v2\/tags?post=183458"}],"curies":[{"name":"wp","href":"https:\/\/api.w.org\/{rel}","templated":true}]}}