{"id":183460,"date":"2019-07-18T10:01:23","date_gmt":"2019-07-18T07:01:23","guid":{"rendered":"http:\/\/www.tvturk.com\/index.php\/urdunde-tarihi-camide-yangin\/"},"modified":"2019-07-18T10:01:23","modified_gmt":"2019-07-18T07:01:23","slug":"urdunde-tarihi-camide-yangin","status":"publish","type":"post","link":"http:\/\/www.tvturk.com\/index.php\/urdunde-tarihi-camide-yangin\/","title":{"rendered":"\u00dcrd\u00fcn\u2019de tarihi camide yang\u0131n"},"content":{"rendered":"<p>\u00dcrd\u00fcn\u2019\u00fcn ba\u015fkenti Amman\u2019da yer alan tarihi El-H\u00fcseyin Camii\u2019de yang\u0131n \u00e7\u0131kt\u0131.<\/p>\n<p>\u00dcrd\u00fcn\u2019\u00fcn ba\u015fkenti Amman\u2019daki tarihi El-H\u00fcseyin Camii\u2019de hen\u00fcz bilinmeyen bir nedenle yang\u0131n \u00e7\u0131kt\u0131. K\u0131sa s\u00fcrede olay yerine gelen itfaiye ekipleri, yo\u011fun \u00e7al\u0131\u015fmalar\u0131n ard\u0131ndan yang\u0131n\u0131 s\u00f6nd\u00fcrd\u00fc. Yang\u0131n\u0131n caminin \u00fcst katta \u00e7\u0131kt\u0131\u011f\u0131n\u0131 ve herhangi bir can kayb\u0131 ya da yaralanma olmad\u0131\u011f\u0131 \u00f6\u011frenildi.<\/p>\n","protected":false},"excerpt":{"rendered":"<p>\u00dcRD\u00dcN&#8217;\u00dcN BA\u015eKENT\u0130 AMMAN&#8217;DA YER ALAN TAR\u0130H\u0130 EL-H\u00dcSEY\u0130N CAM\u0130\u0130\u2019DE YANGIN \u00c7IKTI.<\/p>\n","protected":false},"author":1,"featured_media":183461,"comment_status":"closed","ping_status":"open","sticky":false,"template":"","format":"standard","meta":{"jetpack_post_was_ever_published":false,"_jetpack_newsletter_access":"","_jetpack_dont_email_post_to_subs":false,"_jetpack_newsletter_tier_id":0,"_jetpack_memberships_contains_paywalled_content":false,"_jetpack_memberships_contains_paid_content":false,"footnotes":"","jetpack_publicize_message":"","jetpack_publicize_feature_enabled":true,"jetpack_social_post_already_shared":true,"jetpack_social_options":{"image_generator_settings":{"template":"highway","default_image_id":0,"font":"","enabled":false},"version":2}},"categories":[10],"tags":[6284,800,12961,1617],"class_list":["post-183460","post","type-post","status-publish","format-standard","has-post-thumbnail","hentry","category-dunya","tag-camide","tag-tarihi","tag-urdunde","tag-yangin"],"jetpack_publicize_connections":[],"jetpack_featured_media_url":"https:\/\/i0.wp.com\/www.tvturk.com\/wp-content\/uploads\/2019\/07\/urdunde-tarihi-camide-yangin_e25daf6.jpg?fit=960%2C720","jetpack_sharing_enabled":true,"jetpack_shortlink":"https:\/\/wp.me\/paKIfm-LJ2","_links":{"self":[{"href":"http:\/\/www.tvturk.com\/index.php\/wp-json\/wp\/v2\/posts\/183460","targetHints":{"allow":["GET"]}}],"collection":[{"href":"http:\/\/www.tvturk.com\/index.php\/wp-json\/wp\/v2\/posts"}],"about":[{"href":"http:\/\/www.tvturk.com\/index.php\/wp-json\/wp\/v2\/types\/post"}],"author":[{"embeddable":true,"href":"http:\/\/www.tvturk.com\/index.php\/wp-json\/wp\/v2\/users\/1"}],"replies":[{"embeddable":true,"href":"http:\/\/www.tvturk.com\/index.php\/wp-json\/wp\/v2\/comments?post=183460"}],"version-history":[{"count":0,"href":"http:\/\/www.tvturk.com\/index.php\/wp-json\/wp\/v2\/posts\/183460\/revisions"}],"wp:featuredmedia":[{"embeddable":true,"href":"http:\/\/www.tvturk.com\/index.php\/wp-json\/wp\/v2\/media\/183461"}],"wp:attachment":[{"href":"http:\/\/www.tvturk.com\/index.php\/wp-json\/wp\/v2\/media?parent=183460"}],"wp:term":[{"taxonomy":"category","embeddable":true,"href":"http:\/\/www.tvturk.com\/index.php\/wp-json\/wp\/v2\/categories?post=183460"},{"taxonomy":"post_tag","embeddable":true,"href":"http:\/\/www.tvturk.com\/index.php\/wp-json\/wp\/v2\/tags?post=183460"}],"curies":[{"name":"wp","href":"https:\/\/api.w.org\/{rel}","templated":true}]}}