{"id":183520,"date":"2019-07-18T10:32:35","date_gmt":"2019-07-18T07:32:35","guid":{"rendered":"http:\/\/www.tvturk.com\/index.php\/jean-michael-seri-istanbula-geldi\/"},"modified":"2019-07-18T10:32:35","modified_gmt":"2019-07-18T07:32:35","slug":"jean-michael-seri-istanbula-geldi","status":"publish","type":"post","link":"http:\/\/www.tvturk.com\/index.php\/jean-michael-seri-istanbula-geldi\/","title":{"rendered":"Jean Michael Seri, \u0130stanbul\u2019a geldi"},"content":{"rendered":"<p>Galatasaray\u2019\u0131n Fulham\u2019dan kiral\u0131k olarak g\u00f6r\u00fc\u015fmelere ba\u015flad\u0131\u011f\u0131n\u0131 Kamuyu Ayd\u0131nlatma Platformu\u2019na (KAP) bildirdi\u011fi Fildi\u015fi Sahilli futbolcu Jean Michael Seri, \u0130stanbul\u2019a geldi.<\/p>\n<p>Galatasaray, \u0130ngiliz ekibi Fulham\u2019\u0131n orta saha oyuncusu Jean Michael Seri\u2019yi kiral\u0131k olarak kadrosuna katt\u0131. Sar\u0131-k\u0131rm\u0131z\u0131l\u0131lar, Seri\u2019yi \u0130stanbul\u2019a getirdi. Fildi\u015fi Sahili\u2019nin Abidjan \u015fehrinden gelen 27 ya\u015f\u0131ndaki futbolcu, \u0130stanbul Havaliman\u0131\u2019ndan \u00fclkeye giri\u015f yapt\u0131. Ba\u015far\u0131l\u0131 futbolcuyu \u00e7ok say\u0131da Galatasarayl\u0131 taraftarlar kar\u015f\u0131larken, Fildi\u015fi Sahilli futbolcuya tezah\u00fcratlarla birlikte yo\u011fun ilgi g\u00f6sterdi. Daha sonra kendisini bekleyen arabaya binen Seri, havaliman\u0131ndan ayr\u0131ld\u0131.<\/p>\n<p>Jean Michael Seri, sa\u011fl\u0131k kontrol\u00fcnden ge\u00e7tikten sonra s\u00f6zle\u015fme imzalayacak.<\/p>\n","protected":false},"excerpt":{"rendered":"<p>GALATASARAY\u2019IN FULHAM\u2019DAN K\u0130RALIK OLARAK G\u00d6R\u00dc\u015eMELERE BA\u015eLADI\u011eINI KAMUYU AYDINLATMA PLATFORMU\u2019NA (KAP) B\u0130LD\u0130RD\u0130\u011e\u0130 F\u0130LD\u0130\u015e\u0130 SAH\u0130LL\u0130 FUTBOLCU JEAN M\u0130CHAEL SER\u0130, \u0130STANBUL\u2019A GELD\u0130.<\/p>\n","protected":false},"author":1,"featured_media":183521,"comment_status":"closed","ping_status":"open","sticky":false,"template":"","format":"standard","meta":{"jetpack_post_was_ever_published":false,"_jetpack_newsletter_access":"","_jetpack_dont_email_post_to_subs":false,"_jetpack_newsletter_tier_id":0,"_jetpack_memberships_contains_paywalled_content":false,"_jetpack_memberships_contains_paid_content":false,"footnotes":"","jetpack_publicize_message":"","jetpack_publicize_feature_enabled":true,"jetpack_social_post_already_shared":true,"jetpack_social_options":{"image_generator_settings":{"template":"highway","default_image_id":0,"font":"","enabled":false},"version":2}},"categories":[657],"tags":[7423,127,2174,32504,21947],"class_list":["post-183520","post","type-post","status-publish","format-standard","has-post-thumbnail","hentry","category-spor","tag-seri","tag-geldi","tag-istanbula","tag-jean","tag-michael"],"jetpack_publicize_connections":[],"jetpack_featured_media_url":"https:\/\/i0.wp.com\/www.tvturk.com\/wp-content\/uploads\/2019\/07\/jean-michael-seri-istanbula-geldi_2fb694d.jpg?fit=1000%2C554","jetpack_sharing_enabled":true,"jetpack_shortlink":"https:\/\/wp.me\/paKIfm-LK0","_links":{"self":[{"href":"http:\/\/www.tvturk.com\/index.php\/wp-json\/wp\/v2\/posts\/183520","targetHints":{"allow":["GET"]}}],"collection":[{"href":"http:\/\/www.tvturk.com\/index.php\/wp-json\/wp\/v2\/posts"}],"about":[{"href":"http:\/\/www.tvturk.com\/index.php\/wp-json\/wp\/v2\/types\/post"}],"author":[{"embeddable":true,"href":"http:\/\/www.tvturk.com\/index.php\/wp-json\/wp\/v2\/users\/1"}],"replies":[{"embeddable":true,"href":"http:\/\/www.tvturk.com\/index.php\/wp-json\/wp\/v2\/comments?post=183520"}],"version-history":[{"count":0,"href":"http:\/\/www.tvturk.com\/index.php\/wp-json\/wp\/v2\/posts\/183520\/revisions"}],"wp:featuredmedia":[{"embeddable":true,"href":"http:\/\/www.tvturk.com\/index.php\/wp-json\/wp\/v2\/media\/183521"}],"wp:attachment":[{"href":"http:\/\/www.tvturk.com\/index.php\/wp-json\/wp\/v2\/media?parent=183520"}],"wp:term":[{"taxonomy":"category","embeddable":true,"href":"http:\/\/www.tvturk.com\/index.php\/wp-json\/wp\/v2\/categories?post=183520"},{"taxonomy":"post_tag","embeddable":true,"href":"http:\/\/www.tvturk.com\/index.php\/wp-json\/wp\/v2\/tags?post=183520"}],"curies":[{"name":"wp","href":"https:\/\/api.w.org\/{rel}","templated":true}]}}