{"id":183526,"date":"2019-07-18T10:46:35","date_gmt":"2019-07-18T07:46:35","guid":{"rendered":"http:\/\/www.tvturk.com\/index.php\/cocuklarin-hayalleri-gercek-oldu\/"},"modified":"2019-07-18T10:46:35","modified_gmt":"2019-07-18T07:46:35","slug":"cocuklarin-hayalleri-gercek-oldu","status":"publish","type":"post","link":"http:\/\/www.tvturk.com\/index.php\/cocuklarin-hayalleri-gercek-oldu\/","title":{"rendered":"\u00c7ocuklar\u0131n hayalleri ger\u00e7ek oldu"},"content":{"rendered":"<p>Ege \u00dcniversitesi T\u0131p Fak\u00fcltesi Hastanesini ziyaret eden \u0130zmirli itfaiyeciler, hastanede tedavi g\u00f6ren minikleri sevindiren bir etkinli\u011fe imza att\u0131. Kendileri i\u00e7in haz\u0131rlanan kost\u00fcmleri giyerek k\u00fc\u00e7\u00fck birer itfaiyeci olan \u00e7ocuklar hem yang\u0131n ve afetlere kar\u015f\u0131 bilin\u00e7lendi hem de doyas\u0131ya e\u011flendi.<\/p>\n<p>\u0130zmir B\u00fcy\u00fck\u015fehir Belediyesi \u0130tfaiye Daire Ba\u015fkanl\u0131\u011f\u0131, \u00fcstlendi\u011fi sosyal sorumluluk projesi \u00e7er\u00e7evesinde \u00e7e\u015fitli rahats\u0131zl\u0131klar nedeniyle hastanede tedavi g\u00f6ren \u00e7ocuklar\u0131 mutlu eden bir e\u011fitim program\u0131 ger\u00e7ekle\u015ftirdi. Ege \u00dcniversitesi T\u0131p Fak\u00fcltesi \u00c7ocuk Sa\u011fl\u0131\u011f\u0131 ve Hastal\u0131klar\u0131 Ana Bilim Dal\u0131 \u00e7at\u0131s\u0131 alt\u0131nda tedavileri s\u00fcren \u00e7ocuklar hayallerinde canland\u0131rd\u0131klar\u0131 gibi kahraman birer itfaiyeci oldular. \u00d6zel k\u0131yafetlerini giyip ara\u00e7 gere\u00e7lerini ku\u015fanarak bir \u201csanal yang\u0131na\u201d da m\u00fcdahale eden \u00e7ocuklar, daha sonra itfaiye arac\u0131na binerek sirenlerini \u00e7alman\u0131n keyfini ya\u015fad\u0131. Etkinlik kapsam\u0131nda \u00e7ocuklara \u0130tfaiye E\u011fitim \u015eube M\u00fcd\u00fcr\u00fc \u0130smail \u00d6zg\u00fcltekin ve g\u00f6revli personel taraf\u0131ndan yang\u0131n, deprem ve di\u011fer do\u011fal afetler konusunda da e\u011fitici bilgiler verildi.<\/p>\n<p>\u00c7ocuklar \u00e7ok mutlu oldu<\/p>\n<p>Okullarda yapt\u0131klar\u0131 e\u011fitim \u00e7al\u0131\u015fmas\u0131n\u0131, hastanede tedavi g\u00f6ren \u00e7ocuklar i\u00e7in de ger\u00e7ekle\u015ftirmek istediklerini belirten \u0130zmir B\u00fcy\u00fck\u015fehir Belediyesi \u0130tfaiye Daire Ba\u015fkan\u0131 \u00d6zg\u00fcr Ozan Y\u0131lmaz, &#8220;\u0130zmir \u0130tfaiyesi olarak \u00e7ocuklara hitap eden e\u011fitim faaliyetlerine \u00f6zel bir \u00f6nem veriyoruz. Ald\u0131\u011f\u0131m\u0131z tepkilerden olumlu bir i\u015f yapt\u0131\u011f\u0131m\u0131z\u0131 da g\u00f6r\u00fcyoruz. \u00c7ocuklar \u00e7ok mutlu oldular. Bu t\u00fcr faaliyetleri art\u0131rmaya \u00e7al\u0131\u015faca\u011f\u0131z&#8221; diye konu\u015ftu.<\/p>\n","protected":false},"excerpt":{"rendered":"<p>EGE \u00dcN\u0130VERS\u0130TES\u0130 TIP FAK\u00dcLTES\u0130 HASTANES\u0130N\u0130 Z\u0130YARET EDEN \u0130ZM\u0130RL\u0130 \u0130TFA\u0130YEC\u0130LER, HASTANEDE TEDAV\u0130 G\u00d6REN M\u0130N\u0130KLER\u0130 SEV\u0130ND\u0130REN B\u0130R ETK\u0130NL\u0130\u011eE \u0130MZA ATTI. KEND\u0130LER\u0130 \u0130\u00c7\u0130N HAZIRLANAN KOST\u00dcMLER\u0130 G\u0130YEREK K\u00dc\u00c7\u00dcK B\u0130RER \u0130TFA\u0130YEC\u0130 OLAN \u00c7OCUKLAR HEM YANGIN VE AFETLERE KAR\u015eI B\u0130L\u0130N\u00c7LEND\u0130 HEM DE DOYASIYA E\u011eLEND\u0130.<\/p>\n","protected":false},"author":1,"featured_media":183527,"comment_status":"closed","ping_status":"open","sticky":false,"template":"","format":"standard","meta":{"jetpack_post_was_ever_published":false,"_jetpack_newsletter_access":"","_jetpack_dont_email_post_to_subs":false,"_jetpack_newsletter_tier_id":0,"_jetpack_memberships_contains_paywalled_content":false,"_jetpack_memberships_contains_paid_content":false,"footnotes":"","jetpack_publicize_message":"","jetpack_publicize_feature_enabled":true,"jetpack_social_post_already_shared":true,"jetpack_social_options":{"image_generator_settings":{"template":"highway","default_image_id":0,"font":"","enabled":false},"version":2}},"categories":[1],"tags":[4136,1871,9310,77],"class_list":["post-183526","post","type-post","status-publish","format-standard","has-post-thumbnail","hentry","category-genel","tag-cocuklarin","tag-gercek","tag-hayalleri","tag-oldu"],"jetpack_publicize_connections":[],"jetpack_featured_media_url":"https:\/\/i0.wp.com\/www.tvturk.com\/wp-content\/uploads\/2019\/07\/cocuklarin-hayalleri-gercek-oldu_b864598.jpg?fit=1000%2C618","jetpack_sharing_enabled":true,"jetpack_shortlink":"https:\/\/wp.me\/paKIfm-LK6","_links":{"self":[{"href":"http:\/\/www.tvturk.com\/index.php\/wp-json\/wp\/v2\/posts\/183526","targetHints":{"allow":["GET"]}}],"collection":[{"href":"http:\/\/www.tvturk.com\/index.php\/wp-json\/wp\/v2\/posts"}],"about":[{"href":"http:\/\/www.tvturk.com\/index.php\/wp-json\/wp\/v2\/types\/post"}],"author":[{"embeddable":true,"href":"http:\/\/www.tvturk.com\/index.php\/wp-json\/wp\/v2\/users\/1"}],"replies":[{"embeddable":true,"href":"http:\/\/www.tvturk.com\/index.php\/wp-json\/wp\/v2\/comments?post=183526"}],"version-history":[{"count":0,"href":"http:\/\/www.tvturk.com\/index.php\/wp-json\/wp\/v2\/posts\/183526\/revisions"}],"wp:featuredmedia":[{"embeddable":true,"href":"http:\/\/www.tvturk.com\/index.php\/wp-json\/wp\/v2\/media\/183527"}],"wp:attachment":[{"href":"http:\/\/www.tvturk.com\/index.php\/wp-json\/wp\/v2\/media?parent=183526"}],"wp:term":[{"taxonomy":"category","embeddable":true,"href":"http:\/\/www.tvturk.com\/index.php\/wp-json\/wp\/v2\/categories?post=183526"},{"taxonomy":"post_tag","embeddable":true,"href":"http:\/\/www.tvturk.com\/index.php\/wp-json\/wp\/v2\/tags?post=183526"}],"curies":[{"name":"wp","href":"https:\/\/api.w.org\/{rel}","templated":true}]}}