{"id":183546,"date":"2019-07-18T11:02:10","date_gmt":"2019-07-18T08:02:10","guid":{"rendered":"http:\/\/www.tvturk.com\/index.php\/tekirdagda-biyocesitlilik-izleme-calismalari-suruyor\/"},"modified":"2019-07-18T11:02:10","modified_gmt":"2019-07-18T08:02:10","slug":"tekirdagda-biyocesitlilik-izleme-calismalari-suruyor","status":"publish","type":"post","link":"http:\/\/www.tvturk.com\/index.php\/tekirdagda-biyocesitlilik-izleme-calismalari-suruyor\/","title":{"rendered":"Tekirda\u011f\u2019da biyo\u00e7e\u015fitlilik izleme \u00e7al\u0131\u015fmalar\u0131 s\u00fcr\u00fcyor"},"content":{"rendered":"<p>Ulusal Biyolojik \u00c7e\u015fitlilik Envanter ve \u0130zleme Projesi kapsam\u0131nda Tekirda\u011f\u2019da arazi \u00e7al\u0131\u015fmas\u0131 yap\u0131ld\u0131. Tekirda\u011f\u2019\u0131n do\u011fa g\u00fczellikleri g\u00f6zler \u00f6n\u00fcne serilirken, yeni bitki t\u00fcrleriyle birlikte var olan bitki t\u00fcrleri Tar\u0131m ve Orman Bakanl\u0131\u011f\u0131 yetkilileri taraf\u0131ndan incelendi.<\/p>\n<p>\u00c7aml\u0131koy Tabiat Park\u0131 kumsal\u0131nda yap\u0131lan arazi \u00e7al\u0131\u015fmalar\u0131na Tar\u0131m ve Orman Bakanl\u0131\u011f\u0131 1. B\u00f6lge M\u00fcd\u00fcrl\u00fc\u011f\u00fc yetkilileri, Do\u011fa Koruma ve Sulak Alan \u015eube M\u00fcd\u00fcr\u00fc Dr. Merih Uslu, Tekirda\u011f \u015eube M\u00fcd\u00fcr Vekili G\u00f6kay \u0130nal ve \u00c7evre E\u011fitimi ve Koruma Derne\u011fi Ba\u015fkan Yard\u0131mc\u0131s\u0131 Nimet Ertem ile B\u00f6lge ve \u015eube M\u00fcd\u00fcrl\u00fc\u011f\u00fc teknik personelleri e\u015flik etti. Tekirda\u011f\u2019da biyo\u00e7e\u015fitlilik a\u00e7\u0131s\u0131ndan \u00f6zellikli alanlardan olan \u00c7aml\u0131koy Tabiat Park\u0131nda yap\u0131lan arazi \u00e7al\u0131\u015fmalar\u0131nda; Silene thymifolia (Kumul nak\u0131l\u0131) Endemik, Centaurea kilaea (Kilyos d\u00fc\u011fmesi) Endemik, Jurinea kilaea (Kilyos moru), Pancratium maritimum (Kum zamba\u011f\u0131), Eryngium maritimum (Kum Bo\u011fadikeni), Peucedanum obtusifolium (K\u0131y\u0131 kerevizi), Achillea maritima subsp. maritima (\u00c7ocuk otu) t\u00fcrleri ile Safaalan b\u00f6lgesinde \u00f6zellikli alanda yer alan Quercus sp. (Me\u015fe), Pinus nigra (Kara\u00e7am) ve Kar\u0131\u015f\u0131k Orman incelendi. Fotokapan ve arazi \u00e7al\u0131\u015fmalar\u0131 neticesinde ise Capreolus capreolus (Karaca), Dolichophis caspius (Hazer Y\u0131lan\u0131-Bozy\u00f6r\u00fck) t\u00fcrleri de g\u00f6zlendi. Yap\u0131lan \u00e7al\u0131\u015fmalar neticesinde do\u011fa harikalar\u0131 yetkililer taraf\u0131ndan incelenirken, b\u00f6lgede biyolojik \u00e7e\u015fitlili\u011fi artt\u0131rma \u00e7al\u0131\u015fmalar\u0131n\u0131n devam edece\u011fi belirtildi.<\/p>\n","protected":false},"excerpt":{"rendered":"<p>ULUSAL B\u0130YOLOJ\u0130K \u00c7E\u015e\u0130TL\u0130L\u0130K ENVANTER VE \u0130ZLEME PROJES\u0130 KAPSAMINDA TEK\u0130RDA\u011e\u2019DA ARAZ\u0130 \u00c7ALI\u015eMASI YAPILDI. TEK\u0130RDA\u011e\u2019IN DO\u011eA G\u00dcZELL\u0130KLER\u0130 G\u00d6ZLER \u00d6N\u00dcNE SER\u0130L\u0130RKEN, YEN\u0130 B\u0130TK\u0130 T\u00dcRLER\u0130YLE B\u0130RL\u0130KTE VAR OLAN B\u0130TK\u0130 T\u00dcRLER\u0130 TARIM VE ORMAN BAKANLI\u011eI YETK\u0130L\u0130LER\u0130 TARAFINDAN \u0130NCELEND\u0130.<\/p>\n","protected":false},"author":1,"featured_media":183547,"comment_status":"closed","ping_status":"open","sticky":false,"template":"","format":"standard","meta":{"jetpack_post_was_ever_published":false,"_jetpack_newsletter_access":"","_jetpack_dont_email_post_to_subs":false,"_jetpack_newsletter_tier_id":0,"_jetpack_memberships_contains_paywalled_content":false,"_jetpack_memberships_contains_paid_content":false,"footnotes":"","jetpack_publicize_message":"","jetpack_publicize_feature_enabled":true,"jetpack_social_post_already_shared":true,"jetpack_social_options":{"image_generator_settings":{"template":"highway","default_image_id":0,"font":"","enabled":false},"version":2}},"categories":[1],"tags":[33826,310,6232,1836,1163],"class_list":["post-183546","post","type-post","status-publish","format-standard","has-post-thumbnail","hentry","category-genel","tag-biyocesitlilik","tag-calismalari","tag-izleme","tag-suruyor","tag-tekirdagda"],"jetpack_publicize_connections":[],"jetpack_featured_media_url":"https:\/\/i0.wp.com\/www.tvturk.com\/wp-content\/uploads\/2019\/07\/tekirdagda-biyocesitlilik-izleme-calismalari-suruyor_692c3bf.jpg?fit=1000%2C666","jetpack_sharing_enabled":true,"jetpack_shortlink":"https:\/\/wp.me\/paKIfm-LKq","_links":{"self":[{"href":"http:\/\/www.tvturk.com\/index.php\/wp-json\/wp\/v2\/posts\/183546","targetHints":{"allow":["GET"]}}],"collection":[{"href":"http:\/\/www.tvturk.com\/index.php\/wp-json\/wp\/v2\/posts"}],"about":[{"href":"http:\/\/www.tvturk.com\/index.php\/wp-json\/wp\/v2\/types\/post"}],"author":[{"embeddable":true,"href":"http:\/\/www.tvturk.com\/index.php\/wp-json\/wp\/v2\/users\/1"}],"replies":[{"embeddable":true,"href":"http:\/\/www.tvturk.com\/index.php\/wp-json\/wp\/v2\/comments?post=183546"}],"version-history":[{"count":0,"href":"http:\/\/www.tvturk.com\/index.php\/wp-json\/wp\/v2\/posts\/183546\/revisions"}],"wp:featuredmedia":[{"embeddable":true,"href":"http:\/\/www.tvturk.com\/index.php\/wp-json\/wp\/v2\/media\/183547"}],"wp:attachment":[{"href":"http:\/\/www.tvturk.com\/index.php\/wp-json\/wp\/v2\/media?parent=183546"}],"wp:term":[{"taxonomy":"category","embeddable":true,"href":"http:\/\/www.tvturk.com\/index.php\/wp-json\/wp\/v2\/categories?post=183546"},{"taxonomy":"post_tag","embeddable":true,"href":"http:\/\/www.tvturk.com\/index.php\/wp-json\/wp\/v2\/tags?post=183546"}],"curies":[{"name":"wp","href":"https:\/\/api.w.org\/{rel}","templated":true}]}}