{"id":183548,"date":"2019-07-18T11:02:32","date_gmt":"2019-07-18T08:02:32","guid":{"rendered":"http:\/\/www.tvturk.com\/index.php\/ozel-haber-denizli-ataturk-stadi-super-lige-hazir\/"},"modified":"2019-07-18T11:02:32","modified_gmt":"2019-07-18T08:02:32","slug":"ozel-haber-denizli-ataturk-stadi-super-lige-hazir","status":"publish","type":"post","link":"http:\/\/www.tvturk.com\/index.php\/ozel-haber-denizli-ataturk-stadi-super-lige-hazir\/","title":{"rendered":"(\u00d6zel haber) Denizli Atat\u00fcrk Stad\u0131 S\u00fcper Lig\u2019e haz\u0131r"},"content":{"rendered":"<p>S\u00fcper Lig ekiplerinden Denizlispor, kapasitesinin artt\u0131r\u0131p zeminini tamamen yeniledi\u011fi stad\u0131n\u0131, lige haz\u0131rlamak i\u00e7in \u00e7al\u0131\u015fmalar\u0131n\u0131 s\u00fcrd\u00fcr\u00fcyor. 20 bin taraftar\u0131n S\u00fcper Lig heyecan\u0131 ya\u015fayaca\u011f\u0131 Atat\u00fcrk Stad\u0131\u2019n\u0131n, 16 A\u011fustos\u2019ta ba\u015flayacak ligin ilk haftas\u0131nda oynanacak Galatasaray kar\u015f\u0131la\u015fmas\u0131na haz\u0131r olmas\u0131 bekleniyor. Statta s\u00fcren tadilat \u00e7al\u0131\u015fmalar\u0131 drone ile havadan da g\u00f6r\u00fcnt\u00fclendi.<\/p>\n<p>S\u00fcper Lig\u2019in yeni ekiplerinden Yukatel Denizlispor, ligi iyi bir giri\u015f yap\u0131p ligde kalabilmek i\u00e7in kadrosunun yan\u0131 s\u0131ra i\u00e7 saha ma\u00e7lar\u0131n\u0131 oynayaca\u011f\u0131 Atat\u00fcrk Stad\u0131\u2019n\u0131 da g\u00fc\u00e7lendiriyor. Stad\u0131n trib\u00fcnlerini ba\u015ftan a\u015fa\u011f\u0131 yenileyen ve kapasitesini 5 bin ki\u015fi artt\u0131ran ye\u015fil siyahl\u0131 ekip, yakla\u015f\u0131k 4 metre a\u015fa\u011f\u0131 \u00e7ekti\u011fi zemini de yeniledi. Zeminin S\u00fcper Ligin ilk kar\u015f\u0131la\u015fmas\u0131 ad\u0131na \u00e7al\u0131\u015fmalar\u0131n\u0131 h\u0131zland\u0131ran Ege ekibi, \u00e7im ekmek yerine haz\u0131r \u00e7imi tercih etti. Ankara\u2019n\u0131n Polatl\u0131 il\u00e7esinden 3 kar\u0131\u015f\u0131ml\u0131 4 mevsim dayan\u0131kl\u0131 olan rulo \u00e7imler, kesilip t\u0131rlara y\u00fcklenerek Denizli\u2019ye getirildi. Gece Polatl\u0131\u2019dan kesilen 14 t\u0131r dolusu rulo \u00e7im, saha zeminine serildi. Saha zemini, \u00e7imlerin zemine uyum sa\u011flay\u0131p k\u00f6k salmas\u0131 i\u00e7in yap\u0131lan \u00e7al\u0131\u015fmalar\u0131n ard\u0131ndan 16 A\u011fustosta ba\u015flayacak ligin ilk haftas\u0131nda Atat\u00fcrk Stad\u0131\u2019nda oynanacak Galatasaray kar\u015f\u0131la\u015fmas\u0131na haz\u0131r olmas\u0131 bekleniyor.<\/p>\n<p>\u201cFIFA standartlar\u0131nda yap\u0131ld\u0131\u201d<\/p>\n<p>Saha zeminine \u00e7imleri yerle\u015ftiren peyzaj mimar\u0131 G\u00f6khan Kaya, zemine konulan dolgu malzemesinin F\u0130FA standartlar\u0131nda oldu\u011funu belerterek, \u201cZeminimiz yakla\u015f\u0131k 50-60 santimetre civar\u0131 dolgunun \u00fczerine kuruldu. Bu dolgu malzemesi t\u00fcm d\u00fcnyada kabul edilen FIFA standartlar\u0131na uygun direnaj kanallar\u0131m\u0131z t\u00fcm d\u00fcnyada kabul edilen sistemde yap\u0131ld\u0131. Onun \u00fczerine do\u011fal malzemelerle hi\u00e7bir k\u0131rma malzeme olmadan do\u011fal yuvarlak malzemelerle s\u0131k\u0131\u015fmay\u0131 engellemek ad\u0131na dolgular\u0131m\u0131z\u0131, katmanlar\u0131m\u0131z\u0131 yapt\u0131k. Yakla\u015f\u0131k 3 kademe farkl\u0131 malzememiz var. En \u00fcstte de s\u0131f\u0131r kum diye tabir etti\u011fimiz en ince malzememiz, onun \u00fcst\u00fcne de kumda yeti\u015fmi\u015f \u00f6zellikle direnaja etki etmemesi ad\u0131na kumda yeti\u015fmi\u015f geni\u015f rulolar ile \u00fcst zemini tesis ettik\u201d dedi.<\/p>\n<p>\u201cLigin ilk haftas\u0131na haz\u0131r olacak\u201d<\/p>\n<p>Zeminin 2 g\u00fcn i\u00e7inde \u00fczerinde futbol oynamaya haz\u0131r hale gelece\u011fini aktaran Kaya, \u201cRulolarda kullan\u0131lan bitki \u00e7e\u015fidi bu b\u00f6lgeye uygun, bu b\u00f6lgeye en yak\u0131n yer olan Ankara\u2019dan, \u00fcretim olarak Ankara\u2019dan se\u00e7ilmi\u015f yaz s\u0131caklar\u0131na ve k\u0131\u015f\u0131n serinli\u011fine uygun bitki t\u00fcrlerinden se\u00e7ildi. Zeminimizin yakla\u015f\u0131k 15- 20 g\u00fcn daha s\u00fcrecek bak\u0131m \u00e7al\u0131\u015fmalar\u0131 devam edecek. Bu bak\u0131m \u00e7al\u0131\u015fmalar\u0131 kapsam\u0131nda bo\u015fluklar\u0131n doldurulmas\u0131, rulonun s\u0131k\u0131\u015ft\u0131r\u0131lmas\u0131 tabi g\u00fcbrelemeler ile de bitkinin k\u00f6k atmas\u0131 ve \u00fcstteki ye\u015fil aksam\u0131n\u0131n g\u00f6rsel olarak kendine gelmesi sa\u011flanacak. 15-20 g\u00fcn sonra istedi\u011fimiz \u015fartlar\u0131 sa\u011flad\u0131\u011f\u0131m\u0131zda da art\u0131k zeminimiz futbol oynamaya m\u00fcsait hale gelecektir\u201d \u015feklinde konu\u015ftu.<\/p>\n","protected":false},"excerpt":{"rendered":"<p>S\u00dcPER L\u0130G EK\u0130PLER\u0130NDEN DEN\u0130ZL\u0130SPOR, KAPAS\u0130TES\u0130N\u0130N ARTTIRIP ZEM\u0130N\u0130N\u0130 TAMAMEN YEN\u0130LED\u0130\u011e\u0130 STADINI, L\u0130GE HAZIRLAMAK \u0130\u00c7\u0130N \u00c7ALI\u015eMALARINI S\u00dcRD\u00dcR\u00dcYOR. 20 B\u0130N TARAFTARIN S\u00dcPER L\u0130G HEYECANI YA\u015eAYACA\u011eI ATAT\u00dcRK STADI\u2019NIN, 16 A\u011eUSTOS\u2019TA BA\u015eLAYACAK L\u0130G\u0130N \u0130LK HAFTASINDA EV\u0130NDE OYNAYACA\u011eI GALATASARAY KAR\u015eILA\u015eMASINA HAZIR OLMASI BEKLEN\u0130YOR.<\/p>\n","protected":false},"author":1,"featured_media":183549,"comment_status":"closed","ping_status":"open","sticky":false,"template":"","format":"standard","meta":{"jetpack_post_was_ever_published":false,"_jetpack_newsletter_access":"","_jetpack_dont_email_post_to_subs":false,"_jetpack_newsletter_tier_id":0,"_jetpack_memberships_contains_paywalled_content":false,"_jetpack_memberships_contains_paid_content":false,"footnotes":"","jetpack_publicize_message":"","jetpack_publicize_feature_enabled":true,"jetpack_social_post_already_shared":true,"jetpack_social_options":{"image_generator_settings":{"template":"highway","default_image_id":0,"font":"","enabled":false},"version":2}},"categories":[657],"tags":[1073,381,2553,1545,4013,4364,26824,1463],"class_list":["post-183548","post","type-post","status-publish","format-standard","has-post-thumbnail","hentry","category-spor","tag-ozel","tag-ataturk","tag-denizli","tag-haber","tag-hazir","tag-lige","tag-stadi","tag-super"],"jetpack_publicize_connections":[],"jetpack_featured_media_url":"https:\/\/i0.wp.com\/www.tvturk.com\/wp-content\/uploads\/2019\/07\/ozel-haber-denizli-ataturk-stadi-super-lige-hazir_f66ddb7.jpg?fit=1000%2C666","jetpack_sharing_enabled":true,"jetpack_shortlink":"https:\/\/wp.me\/paKIfm-LKs","_links":{"self":[{"href":"http:\/\/www.tvturk.com\/index.php\/wp-json\/wp\/v2\/posts\/183548","targetHints":{"allow":["GET"]}}],"collection":[{"href":"http:\/\/www.tvturk.com\/index.php\/wp-json\/wp\/v2\/posts"}],"about":[{"href":"http:\/\/www.tvturk.com\/index.php\/wp-json\/wp\/v2\/types\/post"}],"author":[{"embeddable":true,"href":"http:\/\/www.tvturk.com\/index.php\/wp-json\/wp\/v2\/users\/1"}],"replies":[{"embeddable":true,"href":"http:\/\/www.tvturk.com\/index.php\/wp-json\/wp\/v2\/comments?post=183548"}],"version-history":[{"count":0,"href":"http:\/\/www.tvturk.com\/index.php\/wp-json\/wp\/v2\/posts\/183548\/revisions"}],"wp:featuredmedia":[{"embeddable":true,"href":"http:\/\/www.tvturk.com\/index.php\/wp-json\/wp\/v2\/media\/183549"}],"wp:attachment":[{"href":"http:\/\/www.tvturk.com\/index.php\/wp-json\/wp\/v2\/media?parent=183548"}],"wp:term":[{"taxonomy":"category","embeddable":true,"href":"http:\/\/www.tvturk.com\/index.php\/wp-json\/wp\/v2\/categories?post=183548"},{"taxonomy":"post_tag","embeddable":true,"href":"http:\/\/www.tvturk.com\/index.php\/wp-json\/wp\/v2\/tags?post=183548"}],"curies":[{"name":"wp","href":"https:\/\/api.w.org\/{rel}","templated":true}]}}