{"id":183556,"date":"2019-07-18T11:16:37","date_gmt":"2019-07-18T08:16:37","guid":{"rendered":"http:\/\/www.tvturk.com\/index.php\/bakir-ve-sedefe-kadin-eli-degdi\/"},"modified":"2019-07-18T11:16:37","modified_gmt":"2019-07-18T08:16:37","slug":"bakir-ve-sedefe-kadin-eli-degdi","status":"publish","type":"post","link":"http:\/\/www.tvturk.com\/index.php\/bakir-ve-sedefe-kadin-eli-degdi\/","title":{"rendered":"Bak\u0131r ve sedefe kad\u0131n eli de\u011fdi"},"content":{"rendered":"<p>Gaziantep Bak\u0131rc\u0131lar ve Sedef\u00e7iler Odas\u0131 ile \u0130\u015eKUR i\u015f birli\u011finde a\u00e7\u0131lan bak\u0131r i\u015fleme kursunda kad\u0131nlar, bak\u0131r ve sedef hediyelik e\u015fyalar\u0131 ince ince i\u015fleyerek sanat eserine d\u00f6n\u00fc\u015ft\u00fcr\u00fcyor.<\/p>\n<p>Gaziantep\u2019in en k\u00f6kl\u00fc zanaatlar\u0131ndan olan bak\u0131rc\u0131l\u0131k i\u00e7in yeni elemanlar kurslarda yeti\u015ftiriliyor. Gaziantep Bak\u0131rc\u0131lar ve Sedef\u00e7iler Odas\u0131 ve \u0130\u015eKUR i\u015f birli\u011fiyle 11 y\u0131ld\u0131r y\u00fcr\u00fct\u00fclen program kapsam\u0131nda kad\u0131nlara bak\u0131r ve sedef kursu veriliyor. Kurslarda e\u011fitim g\u00f6ren kad\u0131nlar, bak\u0131r ve sedef hediyelik e\u015fyalar\u0131 i\u015fleyerek sanat eserine d\u00f6n\u00fc\u015ft\u00fcr\u00fcyor. Odaya ait e\u011fitim merkezlerinde kurs g\u00f6ren 120 kad\u0131n\u0131n yapt\u0131\u011f\u0131 bak\u0131r<\/p>\n<p>i\u015flemeleri, kent ekonomisine de katk\u0131 sa\u011fl\u0131yor. Kursta kad\u0131nlar\u0131n \u00f6zenle nak\u0131\u015flay\u0131p \u00fcrettikleri e\u015fyalar, bak\u0131rc\u0131lar \u00e7ar\u015f\u0131s\u0131nda sat\u0131\u015fa sunuluyor.<\/p>\n<p>\u201c120 kad\u0131n e\u011fitim g\u00f6r\u00fcyor\u201d<\/p>\n<p>11 y\u0131ld\u0131r oda b\u00fcnyesinde a\u00e7\u0131lan kurslarda kad\u0131n bak\u0131rc\u0131 yeti\u015ftirdiklerini belirten Gaziantep Bak\u0131rc\u0131lar ve Sedef\u00e7iler Odas\u0131 Ba\u015fkan\u0131 Celal A\u00e7\u0131k, \u015fu anda 120 kad\u0131n kursiyerin e\u011fitim g\u00f6rd\u00fc\u011f\u00fcn\u00fc s\u00f6yleyerek, \u201c11 y\u0131ld\u0131r T\u00fcrkiye\u2019de bak\u0131r i\u015flemecisi kad\u0131nlar\u0131m\u0131z\u0131 yeti\u015ftiriyoruz \u0130\u015eKUR ile birlikte. Biz hatta 2008 y\u0131l\u0131nda kursa ba\u015flad\u0131\u011f\u0131m\u0131zda 10 tane kad\u0131n m\u00fcracaat\u0131m\u0131z vard\u0131. Bu esnada baz\u0131 esnaf\u0131m\u0131zdan \u2018kad\u0131ndan bak\u0131rc\u0131 m\u0131 olur?\u2019 \u015feklinde tepki ald\u0131k. \u015eimdi bu tepki tam tersine d\u00f6nd\u00fc. Esnaf\u0131m\u0131z art\u0131k e\u015flerini de g\u00f6nderiyor. Bak\u0131rc\u0131l\u0131k 8 b\u00f6l\u00fcmden olu\u015ftu\u011fu i\u00e7in biz kurs g\u00f6ren kad\u0131nlar\u0131m\u0131z\u0131 daha \u00e7ok nak\u0131\u015f b\u00f6l\u00fcm\u00fcnde de\u011ferlendiriyoruz. \u015eimdi 120 tane kad\u0131n kursiyerimiz e\u011fitim g\u00f6r\u00fcyor. S\u0131rada da 500 tane m\u00fcracaat\u0131m\u0131z var. \u0130\u015eKUR ve B\u00fcy\u00fck\u015fehir Belediyesinin deste\u011fiyle s\u0131n\u0131flar olu\u015fturduk. Elimizden geldi\u011fi kadar yerimizi de ayr\u0131 projelere haz\u0131rl\u0131yoruz. Ama\u00e7 Gaziantep i\u00e7in. Esnaf\u0131m\u0131za da bakt\u0131\u011f\u0131m\u0131zda kay\u0131t d\u0131\u015f\u0131 \u00e7al\u0131\u015fan elemanlar\u0131 yok, istihdam\u0131 artt\u0131rd\u0131k. Yeti\u015ftirdi\u011fimiz kursiyerlere kendimiz i\u015f veriyoruz. \u0130\u015fin mod\u00fcl program\u0131n\u0131 da y\u00fckselttik. Bin 97 saate \u00e7\u0131kartt\u0131k. \u0130lk 5 ayda \u00e7eki\u00e7, kalem tutmay\u0131 \u00f6\u011freniyor kursiyer. 5 ayl\u0131k s\u00fcre\u00e7te bunlar\u0131 \u00f6\u011freniyor ama kurs bitiyor. Biz bunu y\u00fckselterek 9 aya \u00e7\u0131kard\u0131k\u201d dedi.<\/p>\n<p>\u201c\u0130\u015fimi, mesle\u011fimi seviyorum\u201d<\/p>\n<p>7 y\u0131l \u00f6nce bak\u0131r kursu alan ve \u015fimdi de ustal\u0131k belgesi almay\u0131 bekleyen bak\u0131r i\u015flemecisi Nurg\u00fcn \u00c7etin, \u201cBak\u0131r i\u015flemecili\u011fi yap\u0131yorum. 7 senedir bu mesle\u011fi yap\u0131yorum. 5 ay kurs g\u00f6rd\u00fcm, 5 aydan sonra da burada maddi ve manevi ihtiyac\u0131m oldu\u011fu i\u00e7in Celal ba\u015fkan\u0131m\u0131n deste\u011fiyle 7 senedir bu mesle\u011fi yap\u0131yorum. \u0130\u015fimi, mesle\u011fimi \u00e7ok seviyorum. Allah devletimizden de raz\u0131 olsun. Biz kad\u0131nlara b\u00f6yle imkanlar sa\u011flad\u0131\u011f\u0131 i\u00e7in \u0130\u015eKUR\u2019un \u00f6nc\u00fcl\u00fc\u011f\u00fcyle birlikte. Kad\u0131nlar ad\u0131na \u00e7ok te\u015fekk\u00fcr ediyorum. Bu mesle\u011fin erkek sanat\u0131 oldu\u011funu, ama kad\u0131nlar\u0131n da yapamayaca\u011f\u0131 hi\u00e7bir meslek yok. Herkes bu mesle\u011fi yapabilir\u201d diye konu\u015ftu.<\/p>\n<p>\u201cKad\u0131nlar evde oturaca\u011f\u0131na kurslara gelsinler\u201d<\/p>\n<p>Kursta bak\u0131r i\u015flemecili\u011fi e\u011fitimi alan Hilal Kur\u00e7ak, kad\u0131nlar\u0131n kursa gelmelerini isteyerek, \u201c\u015eu anda burada e\u011fitim g\u00f6r\u00fcyoruz. 4 ayd\u0131r e\u011fitim g\u00f6r\u00fcyoruz. Bak\u0131ra \u015fekil vermek g\u00fczel, ho\u015fumuza gidiyor. Kursa gelerek evime destek \u00e7\u0131kmaya \u00e7al\u0131\u015f\u0131yorum. Kurs bittikten sonra bu i\u015fi iyice \u00f6\u011frenmek i\u00e7in tekrar ba\u015flayaca\u011f\u0131m. \u0130kinci kursta bu i\u015fi daha iyi \u00f6\u011frenece\u011fime inan\u0131yorum. B\u00fct\u00fcn kad\u0131nlar\u0131m\u0131z gelsin kurslara, evde oturacaklar\u0131na bak\u0131r e\u011fitimi g\u00f6rs\u00fcnler\u201d \u015feklinde konu\u015ftu.<\/p>\n","protected":false},"excerpt":{"rendered":"<p>GAZ\u0130ANTEP BAKIRCILAR VE SEDEF\u00c7\u0130LER ODASI \u0130LE \u0130\u015eKUR \u0130\u015eB\u0130RL\u0130\u011e\u0130YLE YAPILAN PROJE KAPSAMINDA BAKIR \u0130\u015eLEME KURSUNA KATILAN KADINLAR, BAKIR VE SEDEF HED\u0130YEL\u0130K E\u015eYALARI \u0130NCE \u0130NCE \u0130\u015eLEYEREK SANAT ESER\u0130NE D\u00d6N\u00dc\u015eT\u00dcR\u00dcYOR.<\/p>\n","protected":false},"author":1,"featured_media":183557,"comment_status":"closed","ping_status":"open","sticky":false,"template":"","format":"standard","meta":{"jetpack_post_was_ever_published":false,"_jetpack_newsletter_access":"","_jetpack_dont_email_post_to_subs":false,"_jetpack_newsletter_tier_id":0,"_jetpack_memberships_contains_paywalled_content":false,"_jetpack_memberships_contains_paid_content":false,"footnotes":"","jetpack_publicize_message":"","jetpack_publicize_feature_enabled":true,"jetpack_social_post_already_shared":true,"jetpack_social_options":{"image_generator_settings":{"template":"highway","default_image_id":0,"font":"","enabled":false},"version":2}},"categories":[1],"tags":[12732,5458,4118,108,45380],"class_list":["post-183556","post","type-post","status-publish","format-standard","has-post-thumbnail","hentry","category-genel","tag-bakir","tag-degdi","tag-eli","tag-kadin","tag-sedefe"],"jetpack_publicize_connections":[],"jetpack_featured_media_url":"https:\/\/i0.wp.com\/www.tvturk.com\/wp-content\/uploads\/2019\/07\/bakir-ve-sedefe-kadin-eli-degdi_843a472.jpg?fit=1000%2C666","jetpack_sharing_enabled":true,"jetpack_shortlink":"https:\/\/wp.me\/paKIfm-LKA","_links":{"self":[{"href":"http:\/\/www.tvturk.com\/index.php\/wp-json\/wp\/v2\/posts\/183556","targetHints":{"allow":["GET"]}}],"collection":[{"href":"http:\/\/www.tvturk.com\/index.php\/wp-json\/wp\/v2\/posts"}],"about":[{"href":"http:\/\/www.tvturk.com\/index.php\/wp-json\/wp\/v2\/types\/post"}],"author":[{"embeddable":true,"href":"http:\/\/www.tvturk.com\/index.php\/wp-json\/wp\/v2\/users\/1"}],"replies":[{"embeddable":true,"href":"http:\/\/www.tvturk.com\/index.php\/wp-json\/wp\/v2\/comments?post=183556"}],"version-history":[{"count":0,"href":"http:\/\/www.tvturk.com\/index.php\/wp-json\/wp\/v2\/posts\/183556\/revisions"}],"wp:featuredmedia":[{"embeddable":true,"href":"http:\/\/www.tvturk.com\/index.php\/wp-json\/wp\/v2\/media\/183557"}],"wp:attachment":[{"href":"http:\/\/www.tvturk.com\/index.php\/wp-json\/wp\/v2\/media?parent=183556"}],"wp:term":[{"taxonomy":"category","embeddable":true,"href":"http:\/\/www.tvturk.com\/index.php\/wp-json\/wp\/v2\/categories?post=183556"},{"taxonomy":"post_tag","embeddable":true,"href":"http:\/\/www.tvturk.com\/index.php\/wp-json\/wp\/v2\/tags?post=183556"}],"curies":[{"name":"wp","href":"https:\/\/api.w.org\/{rel}","templated":true}]}}