{"id":183586,"date":"2019-07-18T11:46:29","date_gmt":"2019-07-18T08:46:29","guid":{"rendered":"http:\/\/www.tvturk.com\/index.php\/ihanin-sesini-duyurdugu-aile-ev-sahibi-oldu\/"},"modified":"2019-07-18T11:46:29","modified_gmt":"2019-07-18T08:46:29","slug":"ihanin-sesini-duyurdugu-aile-ev-sahibi-oldu","status":"publish","type":"post","link":"http:\/\/www.tvturk.com\/index.php\/ihanin-sesini-duyurdugu-aile-ev-sahibi-oldu\/","title":{"rendered":"\u0130HA\u2019n\u0131n sesini duyurdu\u011fu aile ev sahibi oldu"},"content":{"rendered":"<p>Ad\u0131yaman\u2019da evlerinin i\u00e7ine \u00e7ad\u0131r kurarak ya\u015fam m\u00fccadelesi veren ailenin \u0130hlas Haber Ajans\u0131 (\u0130HA) taraf\u0131ndan haber yap\u0131lmas\u0131n\u0131n ard\u0131ndan hay\u0131rsever i\u015f adam\u0131 aile i\u00e7in ev yapt\u0131rd\u0131.<\/p>\n<p>Yakla\u015f\u0131k 5 ay \u00f6nce dam\u0131 akan ve duvarlar\u0131 hasarl\u0131 olan evlerinde \u0131s\u0131namayan ailenin evin i\u00e7ine battaniyelerden \u00e7ad\u0131r kurarak \u0131s\u0131nmaya \u00e7al\u0131\u015fmas\u0131 \u0130HA taraf\u0131ndan g\u00fcndeme ta\u015f\u0131nm\u0131\u015ft\u0131. Ast\u0131m hastas\u0131 olan baba Mehmet ve anne Esma Ar\u0131c\u0131 \u00e7iftinin \u00e7ocuklar\u0131 Belinay B\u00fc\u015fra, Emine Berfin, \u0130brahim Kerem ve Sevgi Nur\u2019un ya\u015fad\u0131\u011f\u0131 evin i\u00e7ler ac\u0131s\u0131 hali haber yap\u0131lm\u0131\u015ft\u0131. Bir\u00e7ok ki\u015fi ve kurulu\u015fun yard\u0131m yapmak istedi\u011fi aileye i\u015f adam\u0131 Zeynal Abidin Erdem de yard\u0131m eli uzatt\u0131. \u0130stanbul\u2019da ya\u015fayan i\u015f adam\u0131 Zeynal Abidin Erdem, aileye ev yapt\u0131rmak i\u00e7in Ad\u0131yamanl\u0131 i\u015f kad\u0131n\u0131 Hayriye Y\u0131lmaz ile irtibata ge\u00e7ti. Yakla\u015f\u0131k 2 ay gibi k\u0131sa s\u00fcrede  harabe durumundaki ev y\u0131k\u0131larak yerine 4+1 do\u011falgazl\u0131 bir ev yap\u0131ld\u0131. Hay\u0131rsever i\u015f adam\u0131 Erdem\u2019in arkada\u015f\u0131 Emniyet M\u00fcd\u00fcr\u00fc Metin Alper ve i\u015f kad\u0131n\u0131 Hayriye Y\u0131lmaz, evin anahtar\u0131n\u0131 temsili olarak aileye teslim etti. Ev sahibi olan ailenin mutlulu\u011fu y\u00fczlerine yans\u0131d\u0131.<\/p>\n<p>Mehmet Ar\u0131c\u0131, seslerini duyuran \u0130hlas Haber Ajans\u0131\u2019na te\u015fekk\u00fcr ederek, \u201cSesimizi duyuran sizlere te\u015fekk\u00fcr ediyorum. Zeynal Abidin Erdem\u2019e yapt\u0131\u011f\u0131 yard\u0131mdan dolay\u0131 te\u015fekk\u00fcr ediyorum. Evimi y\u0131k\u0131p yerine yenisini yapt\u0131. Allah ondan raz\u0131 olsun. Bize bu d\u00fcnyada hayal edemeyece\u011fimiz bir ev verdi. \u2018Biz ger\u00e7ekten ev sahibi miyiz?\u2019 diye kendime bazen soruyorum. Valili\u011fe ve ilgililere te\u015fekk\u00fcr ederim. Bizle ilgilenen herkese te\u015fekk\u00fcr ediyorum. Harabe bir evde ya\u011fmurlu havada s\u00fcrekli \u0131slan\u0131yorduk. G\u00fczel evi bize yapan ki\u015finin sadece ismini biliyorum, kendisini g\u00f6rmedim, tan\u0131m\u0131yorum. Rabbim bizlerin y\u00fcz\u00fcn\u00fc g\u00fcld\u00fcren bu<\/p>\n<p>ki\u015finin de y\u00fcz\u00fcn\u00fc g\u00fcld\u00fcrs\u00fcn in\u015fallah. Mutlulu\u011fumuzu dile getirmek \u00e7ok zor. Harabe bir evden do\u011falgazl\u0131 temiz bir ev sahibi olduk\u201d dedi.<\/p>\n<p>Esma Ar\u0131c\u0131 ise, saray gibi bir ev sahibi olduklar\u0131n\u0131 ve \u00e7ocuklar\u0131yla kendisinin hayal bile edemeyecekleri bir mutlulu\u011fa ula\u015ft\u0131klar\u0131n\u0131 s\u00f6yledi.<\/p>\n<p>\u0130\u015f kad\u0131n\u0131 Hayriye Y\u0131lmaz, \u201cSizin vesilenizle bu ailenin durumunu \u00f6\u011frenen Zeynal Abidin Erdem abimiz beni arad\u0131. Ailemizle ilgili benden bilgi istedi. Mart ay\u0131nda burada incelemede bulunduk. Evin hali ve ailenin hali peri\u015fand\u0131. Yakla\u015f\u0131k 2 ay i\u00e7erisinde insanlar\u0131n sa\u011fl\u0131kl\u0131 bir \u015fekilde ya\u015fayaca\u011f\u0131 bir ev yaparak aileye teslim ettik. Zeynal Abidin Erdem\u2019e bu insanlar\u0131n y\u00fcz\u00fcn\u00fc g\u00fcld\u00fcrd\u00fc\u011f\u00fc i\u00e7in te\u015fekk\u00fcr ediyorum. O insanlar\u0131n bu insanlar\u0131 ve memleketi tan\u0131madan elini uzatmas\u0131 \u00e7ok anlaml\u0131d\u0131r. Karde\u015flerimiz evlerinde g\u00fcle g\u00fcle otursunlar. Hayra vesile olan sizlere te\u015fekk\u00fcr ediyorum\u201d \u015feklinde konu\u015ftu.<\/p>\n<p>Evin anahtar\u0131n\u0131 teslim eden Emniyet M\u00fcd\u00fcr\u00fc Metin Alper ise, \u201c15 g\u00fcn \u00f6nce \u0130stanbul\u2019da \u00e7ok de\u011ferli i\u015f adam\u0131 Zeynal Abidin Erdem ile beraberdim. Sohbetimiz esnas\u0131nda yap\u0131lan evden bahsederek gelip g\u00f6rmemi istedi. Ben de yap\u0131lan evi yerinde g\u00f6rerek, yap\u0131lan hayr\u0131n ne kadar g\u00fczel oldu\u011funu yerinde m\u00fc\u015fahede ettim. Hayr\u0131 yapan Zeynal Abidin Erdem\u2018e ve bu hayra vesile olan Hayriye Y\u0131lmaz\u2019a katk\u0131lar\u0131ndan dolay\u0131 te\u015fekk\u00fcr ediyorum\u201d ifadelerini kulland\u0131.<\/p>\n","protected":false},"excerpt":{"rendered":"<p>ADIYAMAN\u2019DA EVLER\u0130N\u0130N \u0130\u00c7\u0130NE \u00c7ADIR KURARAK YA\u015eAM M\u00dcCADELES\u0130 VEREN A\u0130LEN\u0130N \u0130HLAS HABER AJANSI (\u0130HA) TARAFINDAN HABER YAPILMASININ ARDINDAN HAYIRSEVER \u0130\u015eADAMI A\u0130LEYE EV YAPTI.<\/p>\n","protected":false},"author":1,"featured_media":183587,"comment_status":"closed","ping_status":"open","sticky":false,"template":"","format":"standard","meta":{"jetpack_post_was_ever_published":false,"_jetpack_newsletter_access":"","_jetpack_dont_email_post_to_subs":false,"_jetpack_newsletter_tier_id":0,"_jetpack_memberships_contains_paywalled_content":false,"_jetpack_memberships_contains_paid_content":false,"footnotes":"","jetpack_publicize_message":"","jetpack_publicize_feature_enabled":true,"jetpack_social_post_already_shared":true,"jetpack_social_options":{"image_generator_settings":{"template":"highway","default_image_id":0,"font":"","enabled":false},"version":2}},"categories":[1],"tags":[3014,41446,27529,77,5966,20251],"class_list":["post-183586","post","type-post","status-publish","format-standard","has-post-thumbnail","hentry","category-genel","tag-aile","tag-duyurdugu","tag-ihanin","tag-oldu","tag-sahibi","tag-sesini"],"jetpack_publicize_connections":[],"jetpack_featured_media_url":"https:\/\/i0.wp.com\/www.tvturk.com\/wp-content\/uploads\/2019\/07\/ihanin-sesini-duyurdugu-aile-ev-sahibi-oldu_09073ed.jpg?fit=1000%2C461","jetpack_sharing_enabled":true,"jetpack_shortlink":"https:\/\/wp.me\/paKIfm-LL4","_links":{"self":[{"href":"http:\/\/www.tvturk.com\/index.php\/wp-json\/wp\/v2\/posts\/183586","targetHints":{"allow":["GET"]}}],"collection":[{"href":"http:\/\/www.tvturk.com\/index.php\/wp-json\/wp\/v2\/posts"}],"about":[{"href":"http:\/\/www.tvturk.com\/index.php\/wp-json\/wp\/v2\/types\/post"}],"author":[{"embeddable":true,"href":"http:\/\/www.tvturk.com\/index.php\/wp-json\/wp\/v2\/users\/1"}],"replies":[{"embeddable":true,"href":"http:\/\/www.tvturk.com\/index.php\/wp-json\/wp\/v2\/comments?post=183586"}],"version-history":[{"count":0,"href":"http:\/\/www.tvturk.com\/index.php\/wp-json\/wp\/v2\/posts\/183586\/revisions"}],"wp:featuredmedia":[{"embeddable":true,"href":"http:\/\/www.tvturk.com\/index.php\/wp-json\/wp\/v2\/media\/183587"}],"wp:attachment":[{"href":"http:\/\/www.tvturk.com\/index.php\/wp-json\/wp\/v2\/media?parent=183586"}],"wp:term":[{"taxonomy":"category","embeddable":true,"href":"http:\/\/www.tvturk.com\/index.php\/wp-json\/wp\/v2\/categories?post=183586"},{"taxonomy":"post_tag","embeddable":true,"href":"http:\/\/www.tvturk.com\/index.php\/wp-json\/wp\/v2\/tags?post=183586"}],"curies":[{"name":"wp","href":"https:\/\/api.w.org\/{rel}","templated":true}]}}