{"id":183592,"date":"2019-07-18T11:46:42","date_gmt":"2019-07-18T08:46:42","guid":{"rendered":"http:\/\/www.tvturk.com\/index.php\/bu-durak-baska-durak\/"},"modified":"2019-07-18T11:46:42","modified_gmt":"2019-07-18T08:46:42","slug":"bu-durak-baska-durak","status":"publish","type":"post","link":"http:\/\/www.tvturk.com\/index.php\/bu-durak-baska-durak\/","title":{"rendered":"Bu durak ba\u015fka durak"},"content":{"rendered":"<p>MERS\u0130N (\u0130HA) \u2013 Mersin\u2019in merkez Mezitli il\u00e7esinde hayata ge\u00e7irilen Sanat Dura\u011f\u0131, ilgi oda\u011f\u0131 oldu. Mezitli Belediyesi ile Mezitli Kent Konseyi i\u015fbirli\u011finde olu\u015fturulan ve sanatsal fig\u00fcrlerle bezenen durakta, sergiler a\u00e7\u0131l\u0131yor, dans g\u00f6sterisi yap\u0131l\u0131yor, m\u00fczik dinletileri ger\u00e7ekle\u015ftiriliyor. Sanat Dura\u011f\u0131, yeteneklerini sergilemek isteyenler i\u00e7in de \u00f6nemli bir mekan oldu.<\/p>\n<p>Mezitli Viran\u015fehir sahilinde olu\u015fturulan Sanat Dura\u011f\u0131, Mezitlililerin bulu\u015fma noktas\u0131 oldu. Durak, ilgin\u00e7 sanatsal fig\u00fcrlerinin yan\u0131 s\u0131ra d\u00fczenlenen etkinliklerle de ilgi oda\u011f\u0131 oldu. Sergiler a\u00e7\u0131lan, dans g\u00f6sterisi yap\u0131lan, m\u00fczik dinletileri ger\u00e7ekle\u015ftirilen durak, bir sanat mekan\u0131 haline geldi. Mezitli Belediyesi K\u00fclt\u00fcr ve Sosyal \u0130\u015fler M\u00fcd\u00fcrl\u00fc\u011f\u00fc ve Mezitli Kent Konseyi\u2019nin g\u00fcn a\u015f\u0131r\u0131 d\u00fczenledi\u011fi etkinliklerle renklenen Sanat Dura\u011f\u0131, \u00e7evrede oturan vatanda\u015flar ve yeni yetenekler i\u00e7in de \u00f6nemli bir f\u0131rsat oldu.<\/p>\n<p>\u201cSanat\u0131m\u0131z\u0131 icra edebilece\u011fimiz bir mekan\u201d<\/p>\n<p>A\u00e7\u0131lmas\u0131n\u0131n ard\u0131ndan zaman zaman durakta m\u00fczik yaparak canlanmas\u0131na katk\u0131 sunan M\u00fczisyen Salih Geyik, Sanat Dura\u011f\u0131\u2019n\u0131n sanata katk\u0131lar\u0131n\u0131 anlatt\u0131. Sokak sanat\u00e7\u0131l\u0131\u011f\u0131n\u0131n geli\u015fmi\u015f \u00fclkelerde ayr\u0131 bir k\u00fclt\u00fcr oldu\u011funu ve bunun T\u00fcrkiye\u2019de yeterince bilinemedi\u011fini belirten Geyik, Sanat Dura\u011f\u0131\u2019n\u0131n toplumsal ya\u015fama as\u0131l katk\u0131s\u0131n\u0131n ilerleyen zamanlarda daha iyi g\u00f6r\u00fclece\u011fini s\u00f6yledi.<\/p>\n<p>Bu t\u00fcr mekanlar olu\u015fturuldu\u011fu s\u00fcrece kendisini ifade etme \u015fans\u0131 bulamayan \u00e7ok b\u00fcy\u00fck yeteneklerin de ortaya \u00e7\u0131kaca\u011f\u0131n\u0131 vurgulayan Geyik, \u201cBeyo\u011flu Belediyesi\u2019nde m\u00fczik e\u011fitmenli\u011fi yapman\u0131n yan\u0131nda \u0130stanbul\u2019da farkl\u0131 sanatsal \u00e7al\u0131\u015fmalar\u0131m oldu. \u0130stanbul\u2019dan geldikten sonra burada sanat\u0131m\u0131z\u0131 icra edecek bir mekan\u0131m\u0131z yoktu. Kafelerde, barlarda m\u00fczik yapabiliyorduk. Ancak, buralarda belli bir kitleye hitap edebiliyorduk. Mezitli sahiline geldi\u011fimde b\u00f6yle bir Sanat Dura\u011f\u0131 olu\u015fturuldu\u011funu g\u00f6rd\u00fcm. Kent Konseyi Ba\u015fkan\u0131 Sibel Gelbul ile tan\u0131\u015ft\u0131m. Sibel Han\u0131m bana soka\u011f\u0131 olu\u015fturma ama\u00e7lar\u0131n\u0131 anlatt\u0131. Olduk\u00e7a etkilendim. Sokak m\u00fczi\u011fi yap\u0131yordum ama insanlar\u0131n daha \u00e7ok para harcamaya yatk\u0131n oldu\u011fu AVM\u2019lerde yapabiliyordum. Bu t\u00fcr farkl\u0131 mekanlar insana sakin bir ortamda ger\u00e7ek m\u00fczi\u011fi yapma \u015fans\u0131 veriyor. \u00c7ok ilgi ve tevazu ile kar\u015f\u0131la\u015ft\u0131m. Bundan sonra daha \u00e7ok insan gelecek ve daha fazla ilgi g\u00f6rece\u011fine inan\u0131yorum\u201d dedi.<\/p>\n<p>Sokak sanat\u00e7\u0131l\u0131\u011f\u0131n\u0131n g\u00fcn\u00fcm\u00fczde tam olarak anla\u015f\u0131lamad\u0131\u011f\u0131n\u0131 dile getiren Geyik, \u201cEskiden tiyatro dahil sanat sokakta yap\u0131l\u0131rd\u0131. G\u00fcn ge\u00e7tik\u00e7e elit bir hale geldi. Bu durak bize bu imkan\u0131 sa\u011flayacak. Bazen m\u00fczik yaparken gen\u00e7leri yan\u0131ma \u00e7a\u011f\u0131r\u0131p birlikte \u015fark\u0131lar s\u00f6yl\u00fcyoruz. Farkl\u0131 bir kayna\u015fma k\u00fclt\u00fcr\u00fc bu \u015fekilde olu\u015fuyor. Sanat yapmak isteyen gen\u00e7lere de ancak b\u00f6ylesi halka a\u00e7\u0131k mekanlarda ula\u015fabilirsiniz\u201d diye konu\u015ftu.<\/p>\n<p>Viran\u015fehir sahiline yap\u0131lan yeni d\u00fczenlemeyle ilginin artt\u0131\u011f\u0131n\u0131 ifade eden \u00e7evre sakini Cevdet G\u00f6kp\u0131nar da \u201c\u00c7ok \u00f6zel bir yerde ya\u015f\u0131yoruz. \u00c7ok g\u00fczel bir sahilimiz vard\u0131. \u015eimdi belediyemizin yapt\u0131\u011f\u0131 \u00e7al\u0131\u015fmalarla buraya ilgi \u00e7ok artt\u0131. Ak\u015fam saatlerinde trafi\u011fe kapan\u0131yor. Hem y\u00fcr\u00fcy\u00fc\u015f hem deniz havas\u0131n\u0131 teneff\u00fcs etmek isteyenler i\u00e7in bulunmaz f\u0131rsat oldu. Ancak halk\u0131m\u0131z\u0131n buras\u0131n\u0131 temiz tutmas\u0131 da gerekiyor. \u00c7ekirdek yiyor, yere at\u0131yor, sigara i\u00e7iyor yere at\u0131yor. Oysa bu g\u00fczellikleri korumam\u0131z gerekiyor. Toplum olarak ortaya \u00e7\u0131kar\u0131lan bu g\u00fczelliklere sahip \u00e7\u0131kmak laz\u0131m\u201d ifadelerini kulland\u0131.<\/p>\n<p>\u201cGitar \u00e7alanlar\u0131n seslerini duymak kentin havas\u0131n\u0131 de\u011fi\u015ftiriyor\u201d<\/p>\n<p>\u0130nsanlar\u0131n \u015fehir karma\u015fas\u0131 i\u00e7erisinde nefes alacak alanlara ihtiya\u00e7 duydu\u011funu ifade eden baz\u0131 \u00e7evre sakinleri ise \u015fu g\u00f6r\u00fc\u015fleri dile getirdi:<\/p>\n<p>\u201cD\u00f6rt senedir Mezitli\u2019de ve Mersin\u2019deyim. Bu b\u00f6lgenin halk\u0131 olarak Sanat Dura\u011f\u0131\u2019n\u0131n bizim i\u00e7in ideal oldu\u011funu d\u00fc\u015f\u00fcn\u00fcyorum. \u0130n\u015fallah vatanda\u015f\u0131m\u0131z da buras\u0131n\u0131 g\u00fczel bir \u015fekilde de\u011ferlendirir; oturur, \u00e7ay\u0131n\u0131 kahvesini i\u00e7er; amac\u0131na uygun bir \u015fekilde \u00e7evresini kirletmeden kullan\u0131r diye umuyorum.\u201d<\/p>\n<p>\u201cGeli\u015fim ve turizm bak\u0131m\u0131ndan g\u00fczel bir yer. \u00d6zellikle y\u00fcr\u00fcy\u00fc\u015f yaparken gitar \u00e7alanlar\u0131n seslerini duymak kentin havas\u0131n\u0131 de\u011fi\u015ftiriyor. Mezitli halk\u0131 i\u00e7in \u00e7ok g\u00fczel bir yer olmu\u015f. Sanat yapan arkada\u015flar\u0131m\u0131z hem kendi sanatlar\u0131n\u0131 duyurma \u015fans\u0131 buluyorlar hem de kendilerine ekonomik katk\u0131 sa\u011fl\u0131yorlar.\u201d<\/p>\n<p>\u201cSanat duraklar\u0131n\u0131 \u00e7o\u011faltmak istiyoruz\u201d<\/p>\n<p>Sanat Dura\u011f\u0131n\u0131 ziyaret eden Mezitli Belediye Ba\u015fkan\u0131 Ne\u015fet Tarhan, durakla ilgili yapt\u0131\u011f\u0131 a\u00e7\u0131klamada, Viran\u015fehir sahilinin T\u00fcrkiye\u2019nin en g\u00fczel yerlerinden birisi oldu\u011funu vurgulad\u0131. Mezitli\u2019nin 24 saat ya\u015fayan bir kent olmas\u0131 ve bu g\u00fczelliklerin t\u00fcm vatanda\u015flar taraf\u0131ndan kullan\u0131lmas\u0131 i\u00e7in \u00e7aba harcad\u0131klar\u0131n\u0131 s\u00f6yleyen Tarhan, \u201cViran\u015fehir sahilinin vatanda\u015flar\u0131m\u0131z taraf\u0131ndan daha etkin kullan\u0131lmas\u0131 i\u00e7in \u00e7al\u0131\u015fma yapt\u0131k. Kent Konseyimizle birlikte projeyi ortaya koyduk. Belediyemizin Park ve Bah\u00e7eler M\u00fcd\u00fcrl\u00fc\u011f\u00fc ekipleri burada \u00e7ok g\u00fczel bir d\u00fczenleme yaparak Sanat Dura\u011f\u0131 olu\u015fturdular. Sanat Dura\u011f\u0131m\u0131z\u0131 vatanda\u015flar\u0131m\u0131z\u0131n yo\u011fun olarak kulland\u0131\u011f\u0131 Viran\u015fehir sahiline yapt\u0131k. \u00d6n\u00fcm\u00fczdeki s\u00fcre\u00e7te ba\u015fta Soli Pompeiopolis S\u00fctunlu Cadde, \u00d6rg\u00fcl\u00fc Sokak, Demokrasi Meydan\u0131 olmak \u00fczere farkl\u0131 mekanlarda da benzer duraklar olu\u015fturaca\u011f\u0131z. Sanat dura\u011f\u0131m\u0131z\u0131n yerel sanat\u00e7\u0131lar\u0131m\u0131z taraf\u0131ndan uygun \u015fekilde kullan\u0131lmas\u0131 i\u00e7in gereken deste\u011fi verece\u011fiz. Burada sokak m\u00fczisyenlerimiz \u015fark\u0131lar\u0131n\u0131 seslendirebilir, ressamlar\u0131m\u0131z sergi a\u00e7abilir, tiyatrocular\u0131m\u0131z mini ske\u00e7ler sergileyebilir, dans etmeyi sevenler danslar\u0131 ile renklendirebilirler\u201d dedi.<\/p>\n","protected":false},"excerpt":{"rendered":"<p>MERS\u0130N\u2019\u0130N MERKEZ MEZ\u0130TL\u0130 \u0130L\u00c7ES\u0130NDE HAYATA GE\u00c7\u0130R\u0130LEN SANAT DURA\u011eI, \u0130LG\u0130 ODA\u011eI OLDU. MEZ\u0130TL\u0130 BELED\u0130YES\u0130 \u0130LE MEZ\u0130TL\u0130 KENT KONSEY\u0130 \u0130\u015eB\u0130RL\u0130\u011e\u0130NDE OLU\u015eTURULAN VE SANATSAL F\u0130G\u00dcRLERLE BEZENEN DURAKTA, SERG\u0130LER A\u00c7ILIYOR, DANS G\u00d6STER\u0130S\u0130 YAPILIYOR, M\u00dcZ\u0130K D\u0130NLET\u0130LER\u0130 GER\u00c7EKLE\u015eT\u0130R\u0130L\u0130YOR. SANAT DURA\u011eI, YETENEKLER\u0130N\u0130 SERG\u0130LEMEK \u0130STEYENLER \u0130\u00c7\u0130N DE \u00d6NEML\u0130 B\u0130R MEKAN OLDU.<\/p>\n","protected":false},"author":1,"featured_media":183593,"comment_status":"closed","ping_status":"open","sticky":false,"template":"","format":"standard","meta":{"jetpack_post_was_ever_published":false,"_jetpack_newsletter_access":"","_jetpack_dont_email_post_to_subs":false,"_jetpack_newsletter_tier_id":0,"_jetpack_memberships_contains_paywalled_content":false,"_jetpack_memberships_contains_paid_content":false,"footnotes":"","jetpack_publicize_message":"","jetpack_publicize_feature_enabled":true,"jetpack_social_post_already_shared":true,"jetpack_social_options":{"image_generator_settings":{"template":"highway","default_image_id":0,"font":"","enabled":false},"version":2}},"categories":[1],"tags":[3368,11350],"class_list":["post-183592","post","type-post","status-publish","format-standard","has-post-thumbnail","hentry","category-genel","tag-baska","tag-durak"],"jetpack_publicize_connections":[],"jetpack_featured_media_url":"https:\/\/i0.wp.com\/www.tvturk.com\/wp-content\/uploads\/2019\/07\/bu-durak-baska-durak_a3dfb50.jpg?fit=1000%2C666","jetpack_sharing_enabled":true,"jetpack_shortlink":"https:\/\/wp.me\/paKIfm-LLa","_links":{"self":[{"href":"http:\/\/www.tvturk.com\/index.php\/wp-json\/wp\/v2\/posts\/183592","targetHints":{"allow":["GET"]}}],"collection":[{"href":"http:\/\/www.tvturk.com\/index.php\/wp-json\/wp\/v2\/posts"}],"about":[{"href":"http:\/\/www.tvturk.com\/index.php\/wp-json\/wp\/v2\/types\/post"}],"author":[{"embeddable":true,"href":"http:\/\/www.tvturk.com\/index.php\/wp-json\/wp\/v2\/users\/1"}],"replies":[{"embeddable":true,"href":"http:\/\/www.tvturk.com\/index.php\/wp-json\/wp\/v2\/comments?post=183592"}],"version-history":[{"count":0,"href":"http:\/\/www.tvturk.com\/index.php\/wp-json\/wp\/v2\/posts\/183592\/revisions"}],"wp:featuredmedia":[{"embeddable":true,"href":"http:\/\/www.tvturk.com\/index.php\/wp-json\/wp\/v2\/media\/183593"}],"wp:attachment":[{"href":"http:\/\/www.tvturk.com\/index.php\/wp-json\/wp\/v2\/media?parent=183592"}],"wp:term":[{"taxonomy":"category","embeddable":true,"href":"http:\/\/www.tvturk.com\/index.php\/wp-json\/wp\/v2\/categories?post=183592"},{"taxonomy":"post_tag","embeddable":true,"href":"http:\/\/www.tvturk.com\/index.php\/wp-json\/wp\/v2\/tags?post=183592"}],"curies":[{"name":"wp","href":"https:\/\/api.w.org\/{rel}","templated":true}]}}