{"id":183630,"date":"2019-07-18T12:46:23","date_gmt":"2019-07-18T09:46:23","guid":{"rendered":"http:\/\/www.tvturk.com\/index.php\/findik-kabugundan-komur-uretilecek\/"},"modified":"2019-07-18T12:46:23","modified_gmt":"2019-07-18T09:46:23","slug":"findik-kabugundan-komur-uretilecek","status":"publish","type":"post","link":"http:\/\/www.tvturk.com\/index.php\/findik-kabugundan-komur-uretilecek\/","title":{"rendered":"F\u0131nd\u0131k kabu\u011fundan k\u00f6m\u00fcr \u00fcretilecek"},"content":{"rendered":"<p>Do\u011fu Karadeniz B\u00f6lgesi\u2019nde f\u0131nd\u0131k \u00fcretilen illerde mahalli yakacak olarak kullan\u0131lan f\u0131nd\u0131k kabu\u011fundan bilimsel ve teknik usullerle k\u00f6m\u00fcr \u00fcretimi i\u00e7in d\u00fc\u011fmeye bas\u0131ld\u0131. Ordu B\u00fcy\u00fck\u015fehir Belediye Ba\u015fkan\u0131 Dr. Mehmet Hilmi G\u00fcler, f\u0131nd\u0131k kabu\u011fundan aktif karbon (k\u00f6m\u00fcr) \u00fcretimi i\u00e7in fizibilite \u00e7al\u0131\u015fmalar\u0131n\u0131 ba\u015flatt\u0131.<\/p>\n<p>Enerji uzmanlar\u0131 ile bir toplant\u0131 ger\u00e7ekle\u015ftiren Ordu B\u00fcy\u00fck\u015fehir Belediye Ba\u015fkan\u0131 Dr. Mehmet Hilmi G\u00fcler, f\u0131nd\u0131k kabu\u011fundan aktif karbon \u00fcretimi i\u00e7in fizibilite \u00e7al\u0131\u015fmalar\u0131na ba\u015flanmas\u0131 talimat\u0131n\u0131 verdi. G\u00fcler, f\u0131nd\u0131\u011f\u0131n i\u00e7i kadar kabu\u011funun da alt\u0131n de\u011ferinde oldu\u011funu vurgulayarak \u201cT\u00fcrkiye\u2019de f\u0131nd\u0131k \u00fcretiminde ilk s\u0131ralarda yer alan ilimizde f\u0131nd\u0131\u011f\u0131n i\u00e7i oldu\u011fu kadar kabu\u011fu da ekonomiye katma de\u011fer katacak. Bu kapsamda f\u0131nd\u0131k kabu\u011fundan aktif karbon \u00fcretimi i\u00e7in kollar\u0131 s\u0131vad\u0131k. Fizibilite \u00e7al\u0131\u015fmalar\u0131 ba\u015flad\u0131. Pratik \u015fekilde ilerleyerek \u00e7al\u0131\u015fmam\u0131z\u0131 geli\u015ftirmeyi hedefliyoruz\u201d dedi.<\/p>\n<p>Fizibilite \u00e7al\u0131\u015fmalar\u0131 ba\u015flad\u0131<\/p>\n<p>Ordu B\u00fcy\u00fck\u015fehir Belediyesi olarak farkl\u0131 bir belediyecilik anlay\u0131\u015f\u0131 i\u00e7erisinde olacaklar\u0131n\u0131 ve ekonomiye, istihdama y\u00f6nelik yat\u0131r\u0131mlara \u00f6ncelik vereceklerini s\u00f6yleyen Ba\u015fkan G\u00fcler, \u201c\u0130limizin ekonomisi f\u0131nd\u0131\u011fa dayal\u0131d\u0131r. \u0130\u00e7i farkl\u0131 \u00fcr\u00fcnlerde kullan\u0131lan f\u0131nd\u0131\u011f\u0131n yar\u0131s\u0131 kabuktan olu\u015fuyor. \u015eimdi alt\u0131n de\u011ferindeki bu \u00fcr\u00fcn\u00fcm\u00fcz\u00fcn kabu\u011fundan faydalanmak i\u00e7in fizibilite \u00e7al\u0131\u015fmalar\u0131na ba\u015flad\u0131k. \u00c7e\u015fitli \u00e7al\u0131\u015fmalar sonras\u0131 \u00fcretim ger\u00e7ekle\u015ftirildi\u011finde f\u0131nd\u0131\u011f\u0131n de\u011feri de art\u0131r\u0131lm\u0131\u015f olacak\u201d diye konu\u015ftu.<\/p>\n<p>G\u00fcn\u00fcm\u00fczde bir\u00e7ok alanda kullan\u0131lan aktif karbon, odun, turba, linyit, k\u00f6m\u00fcr, mangal k\u00f6m\u00fcr\u00fc, kemik, Hindistan cevizi kabu\u011fu, pirin\u00e7 kabu\u011fu, f\u0131nd\u0131k kabu\u011fu ve ya\u011f \u00fcr\u00fcnlerinden elde edilen karbonlar\u0131n \u00e7e\u015fitli i\u015flemlerden ge\u00e7irilerek aktive edilmesiyle elde edilirler.<\/p>\n","protected":false},"excerpt":{"rendered":"<p>DO\u011eU KARADEN\u0130Z B\u00d6LGES\u0130\u2019NDE FINDIK \u00dcRET\u0130LEN \u0130LLERDE MAHALL\u0130 YAKACAK OLARAK KULLANILAN FINDIK KABU\u011eUNDAN K\u00d6M\u00dcR \u00dcRET\u0130M\u0130 \u0130\u00c7\u0130N D\u00dc\u011eMEYE BASILDI. ORDU B\u00dcY\u00dcK\u015eEH\u0130R BELED\u0130YE BA\u015eKANI DR. MEHMET H\u0130LM\u0130 G\u00dcLER, FINDIK KABU\u011eUNDAN AKT\u0130F KARBON (K\u00d6M\u00dcR) \u00dcRET\u0130M\u0130 \u0130\u00c7\u0130N F\u0130Z\u0130B\u0130L\u0130TE \u00c7ALI\u015eMALARINI BA\u015eLATTI.<\/p>\n","protected":false},"author":1,"featured_media":183631,"comment_status":"closed","ping_status":"open","sticky":false,"template":"","format":"standard","meta":{"jetpack_post_was_ever_published":false,"_jetpack_newsletter_access":"","_jetpack_dont_email_post_to_subs":false,"_jetpack_newsletter_tier_id":0,"_jetpack_memberships_contains_paywalled_content":false,"_jetpack_memberships_contains_paid_content":false,"footnotes":"","jetpack_publicize_message":"","jetpack_publicize_feature_enabled":true,"jetpack_social_post_already_shared":true,"jetpack_social_options":{"image_generator_settings":{"template":"highway","default_image_id":0,"font":"","enabled":false},"version":2}},"categories":[19],"tags":[617,19668,11099,21590],"class_list":["post-183630","post","type-post","status-publish","format-standard","has-post-thumbnail","hentry","category-ekonomi","tag-findik","tag-kabugundan","tag-komur","tag-uretilecek"],"jetpack_publicize_connections":[],"jetpack_featured_media_url":"https:\/\/i0.wp.com\/www.tvturk.com\/wp-content\/uploads\/2019\/07\/findik-kabugundan-komur-uretilecek_b06952c.jpg?fit=1000%2C787","jetpack_sharing_enabled":true,"jetpack_shortlink":"https:\/\/wp.me\/paKIfm-LLM","_links":{"self":[{"href":"http:\/\/www.tvturk.com\/index.php\/wp-json\/wp\/v2\/posts\/183630","targetHints":{"allow":["GET"]}}],"collection":[{"href":"http:\/\/www.tvturk.com\/index.php\/wp-json\/wp\/v2\/posts"}],"about":[{"href":"http:\/\/www.tvturk.com\/index.php\/wp-json\/wp\/v2\/types\/post"}],"author":[{"embeddable":true,"href":"http:\/\/www.tvturk.com\/index.php\/wp-json\/wp\/v2\/users\/1"}],"replies":[{"embeddable":true,"href":"http:\/\/www.tvturk.com\/index.php\/wp-json\/wp\/v2\/comments?post=183630"}],"version-history":[{"count":0,"href":"http:\/\/www.tvturk.com\/index.php\/wp-json\/wp\/v2\/posts\/183630\/revisions"}],"wp:featuredmedia":[{"embeddable":true,"href":"http:\/\/www.tvturk.com\/index.php\/wp-json\/wp\/v2\/media\/183631"}],"wp:attachment":[{"href":"http:\/\/www.tvturk.com\/index.php\/wp-json\/wp\/v2\/media?parent=183630"}],"wp:term":[{"taxonomy":"category","embeddable":true,"href":"http:\/\/www.tvturk.com\/index.php\/wp-json\/wp\/v2\/categories?post=183630"},{"taxonomy":"post_tag","embeddable":true,"href":"http:\/\/www.tvturk.com\/index.php\/wp-json\/wp\/v2\/tags?post=183630"}],"curies":[{"name":"wp","href":"https:\/\/api.w.org\/{rel}","templated":true}]}}