{"id":183674,"date":"2019-07-18T13:46:32","date_gmt":"2019-07-18T10:46:32","guid":{"rendered":"http:\/\/www.tvturk.com\/index.php\/buyukcekmecede-cevre-bilinci-ve-spor-el-ele-verdi\/"},"modified":"2019-07-18T13:46:32","modified_gmt":"2019-07-18T10:46:32","slug":"buyukcekmecede-cevre-bilinci-ve-spor-el-ele-verdi","status":"publish","type":"post","link":"http:\/\/www.tvturk.com\/index.php\/buyukcekmecede-cevre-bilinci-ve-spor-el-ele-verdi\/","title":{"rendered":"B\u00fcy\u00fck\u00e7ekmece\u2019de \u00e7evre bilinci ve spor el ele verdi"},"content":{"rendered":"<p>B\u00fcy\u00fck\u00e7ekmece Belediyesi\u2019nin \u201cGeri D\u00f6n\u00fc\u015f\u00fcm Gelecektir\u201d slogan\u0131 ile hayata ge\u00e7irdi\u011fi \u00e7evre projesi bu kez sporla b\u00fct\u00fcnle\u015fti.<\/p>\n<p>Sinanoba B\u00fcy\u00fck Atat\u00fcrk Naim S\u00fcleymano\u011flu Spor Tesisi\u2019nde ger\u00e7ekle\u015ftirilen etkinlikte Spor Akademisi y\u00fcr\u00fcy\u00fc\u015f kursiyerleri ve G\u00f6kku\u015fa\u011f\u0131 Engelli \u0130zci Kul\u00fcb\u00fc \u00fcyelerine \u201cGeri D\u00f6n\u00fc\u015f\u00fcm Gelecektir\u201d projesi anlat\u0131ld\u0131.<\/p>\n<p>\u201cSpor ve \u00e7evre el ele\u201d<\/p>\n<p>B\u00fcy\u00fck\u00e7ekmece Belediyesi Spor \u0130\u015fleri M\u00fcd\u00fcrl\u00fc\u011f\u00fc ile \u00c7evre Koruma ve Kontrol M\u00fcd\u00fcrl\u00fc\u011f\u00fc\u2019n\u00fcn i\u015fbirli\u011fi ile \u201cSpor ve \u00c7evre El Ele\u201d slogan\u0131 ile ger\u00e7ekle\u015fen etkinli\u011fe ilgi yo\u011fun oldu. G\u00fcne uzman e\u011fitmenler e\u015fli\u011finde yoga yaparak ba\u015flayan kursiyerlere spor sonras\u0131nda \u00c7evre Koruma ve Kontrol M\u00fcd\u00fcrl\u00fc\u011f\u00fc e\u011fitmenleri taraf\u0131ndan geri d\u00f6n\u00fc\u015f\u00fcm\u00fcn \u00e7evreye katk\u0131s\u0131 ve bu konuda neler yap\u0131lmas\u0131 gerekti\u011fi konusunda bilgi verildi.<\/p>\n<p>\u201cGeri d\u00f6n\u00fc\u015f\u00fcm gelecektir\u201d<\/p>\n<p>B\u00fcy\u00fck\u00e7ekmece Belediye Ba\u015fkan Yard\u0131mc\u0131s\u0131 Ba\u015fak Sancar, B\u00fcy\u00fck\u00e7ekmece Belediyesi\u2019nin \u00e7evre konusunda \u00f6nemli projeler hayata ge\u00e7irdi\u011fini bunlardan bir tanesinin de \u201cGeri D\u00f6n\u00fc\u015f\u00fcm Gelecektir\u201d projesi oldu\u011funu hat\u0131rlatarak; \u201cBu etkinlikteki amac\u0131m\u0131z; sa\u011fl\u0131kl\u0131 bir ya\u015fam a\u00e7\u0131s\u0131ndan olmazsa olmaz spor bilincini, sa\u011fl\u0131kl\u0131 ya\u015fam\u0131n bir di\u011fer olmazsa olmaz\u0131 \u00e7evre bilinci ile birle\u015ftirerek fark\u0131ndal\u0131k olu\u015fturmakt\u0131r. G\u00f6sterdi\u011finiz ilgi ve duyarl\u0131l\u0131k i\u00e7in hepinize Belediye Ba\u015fkan\u0131m\u0131z Dr. Hasan Akg\u00fcn ad\u0131na te\u015fekk\u00fcr ediyorum\u201d diye konu\u015ftu.<\/p>\n<p>Etkinli\u011fin son b\u00f6l\u00fcm\u00fcnde ise Halk Akademisi y\u00fcr\u00fcy\u00fc\u015f kursiyerlerinin yanlar\u0131nda getirdikleri at\u0131k plastik, cam ve ya\u011f gibi maddeler geri d\u00f6n\u00fc\u015f\u00fcm kurular\u0131na b\u0131rak\u0131ld\u0131.<\/p>\n","protected":false},"excerpt":{"rendered":"<p>B\u00dcY\u00dcK\u00c7EKMECE BELED\u0130YES\u0130\u2019N\u0130N \u201cGER\u0130 D\u00d6N\u00dc\u015e\u00dcM GELECEKT\u0130R\u201d SLOGANI \u0130LE HAYATA GE\u00c7\u0130RD\u0130\u011e\u0130 \u00c7EVRE PROJES\u0130 BU KEZ SPORLA B\u00dcT\u00dcNLE\u015eT\u0130.<\/p>\n","protected":false},"author":1,"featured_media":183675,"comment_status":"closed","ping_status":"open","sticky":false,"template":"","format":"standard","meta":{"jetpack_post_was_ever_published":false,"_jetpack_newsletter_access":"","_jetpack_dont_email_post_to_subs":false,"_jetpack_newsletter_tier_id":0,"_jetpack_memberships_contains_paywalled_content":false,"_jetpack_memberships_contains_paid_content":false,"footnotes":"","jetpack_publicize_message":"","jetpack_publicize_feature_enabled":true,"jetpack_social_post_already_shared":true,"jetpack_social_options":{"image_generator_settings":{"template":"highway","default_image_id":0,"font":"","enabled":false},"version":2}},"categories":[1],"tags":[2636,2236,5881,385,1619,386],"class_list":["post-183674","post","type-post","status-publish","format-standard","has-post-thumbnail","hentry","category-genel","tag-cevre","tag-bilinci","tag-buyukcekmecede","tag-ele","tag-spor","tag-verdi"],"jetpack_publicize_connections":[],"jetpack_featured_media_url":"https:\/\/i0.wp.com\/www.tvturk.com\/wp-content\/uploads\/2019\/07\/buyukcekmecede-cevre-bilinci-ve-spor-el-ele-verdi_8270ffd.jpg?fit=1000%2C678","jetpack_sharing_enabled":true,"jetpack_shortlink":"https:\/\/wp.me\/paKIfm-LMu","_links":{"self":[{"href":"http:\/\/www.tvturk.com\/index.php\/wp-json\/wp\/v2\/posts\/183674","targetHints":{"allow":["GET"]}}],"collection":[{"href":"http:\/\/www.tvturk.com\/index.php\/wp-json\/wp\/v2\/posts"}],"about":[{"href":"http:\/\/www.tvturk.com\/index.php\/wp-json\/wp\/v2\/types\/post"}],"author":[{"embeddable":true,"href":"http:\/\/www.tvturk.com\/index.php\/wp-json\/wp\/v2\/users\/1"}],"replies":[{"embeddable":true,"href":"http:\/\/www.tvturk.com\/index.php\/wp-json\/wp\/v2\/comments?post=183674"}],"version-history":[{"count":0,"href":"http:\/\/www.tvturk.com\/index.php\/wp-json\/wp\/v2\/posts\/183674\/revisions"}],"wp:featuredmedia":[{"embeddable":true,"href":"http:\/\/www.tvturk.com\/index.php\/wp-json\/wp\/v2\/media\/183675"}],"wp:attachment":[{"href":"http:\/\/www.tvturk.com\/index.php\/wp-json\/wp\/v2\/media?parent=183674"}],"wp:term":[{"taxonomy":"category","embeddable":true,"href":"http:\/\/www.tvturk.com\/index.php\/wp-json\/wp\/v2\/categories?post=183674"},{"taxonomy":"post_tag","embeddable":true,"href":"http:\/\/www.tvturk.com\/index.php\/wp-json\/wp\/v2\/tags?post=183674"}],"curies":[{"name":"wp","href":"https:\/\/api.w.org\/{rel}","templated":true}]}}