{"id":183682,"date":"2019-07-18T14:01:56","date_gmt":"2019-07-18T11:01:56","guid":{"rendered":"http:\/\/www.tvturk.com\/index.php\/ekmek-teknesi-2-aydir-su-altinda\/"},"modified":"2019-07-18T14:01:56","modified_gmt":"2019-07-18T11:01:56","slug":"ekmek-teknesi-2-aydir-su-altinda","status":"publish","type":"post","link":"http:\/\/www.tvturk.com\/index.php\/ekmek-teknesi-2-aydir-su-altinda\/","title":{"rendered":"Ekmek teknesi 2 ayd\u0131r su alt\u0131nda"},"content":{"rendered":"<p>Silivri\u2019nin De\u011firmenk\u00f6y Mahallesi\u2019nde ge\u00e7imini \u00e7ift\u00e7ilikle sa\u011flayan ya\u015fl\u0131 adam\u0131n trakt\u00f6r\u00fc, yakla\u015f\u0131k 25 metre derinli\u011fi olan g\u00f6lete d\u00fc\u015ft\u00fc. Ya\u015fl\u0131 adam 2 ayd\u0131r suya g\u00f6m\u00fcl\u00fc vaziyetteki trakt\u00f6r\u00fcn\u00fcn \u00e7\u0131kar\u0131lmas\u0131 i\u00e7in yetkililerden yard\u0131m bekliyor.<\/p>\n<p>Olay, ge\u00e7ti\u011fimiz Haziran ay\u0131n\u0131n ba\u015flar\u0131nda Silivri\u2019nin De\u011firmenk\u00f6y Mahallesinde meydana geldi. Ge\u00e7imini \u00e7ift\u00e7ilikle sa\u011flayan Hasan \u0130\u015fcan, hayvanlar\u0131na vermek \u00fczere ot bi\u00e7ti\u011fi s\u0131rada trakt\u00f6r\u00fcn vitesinin bo\u015fa \u00e7\u0131kmas\u0131ndan dolay\u0131 yoldan \u00e7\u0131karak aktif olmayan kum oca\u011f\u0131n\u0131n a\u00e7t\u0131\u011f\u0131 yakla\u015f\u0131k 25 metre derinli\u011fi olan g\u00f6lete d\u00fc\u015ft\u00fc.<\/p>\n<p>&#8220;Kanser hastas\u0131 bir babam var ve ben ona bakmak i\u00e7in k\u00f6yden d\u0131\u015far\u0131 \u00e7\u0131kam\u0131yorum &#8220;<\/p>\n<p>Olay\u0131 anlatan Hasan \u0130\u015fcan \u201cHayvanlar\u0131ma vermek amac\u0131yla buraya ot bi\u00e7meye geldim. \u0130\u015fim bitti\u011finde otlar\u0131 y\u00fckledim ve eve gelmek i\u00e7in trakt\u00f6r\u00fcme bindim. Vites bir anda bo\u015fa \u00e7\u0131k\u0131nca trakt\u00f6r\u00fcn hakimiyetini kaybettim. \u00dczerinden zor atlad\u0131m. Trakt\u00f6r\u00fcm a\u015fa\u011f\u0131ya r\u00f6morku ile birlikte u\u00e7tu. Ramazan Bayram\u0131\u2019n\u0131n arefesinden beri bu sular\u0131n i\u00e7inde, Jandarmaya, Kaymakaml\u0131\u011fa gittim, beni itfaiyeye g\u00f6nderdiler. \u0130tfaiye geldi gerekli incelemelerini yapt\u0131 ancak suyun \u00e7ok derin, zeminin bal\u00e7\u0131k oldu\u011funu ve yard\u0131mc\u0131 olamayacaklar\u0131n\u0131 belirterek ayr\u0131ld\u0131lar. Kanser hastas\u0131 bir babam var ve ben ona bakmak i\u00e7in k\u00f6yden d\u0131\u015far\u0131 \u00e7\u0131kam\u0131yorum. G\u00fcnl\u00fck yevmiye ile i\u015f buldu\u011fumda \u00e7al\u0131\u015f\u0131yor evimin ge\u00e7imini sa\u011flamaya \u00e7al\u0131\u015f\u0131yorum. \u00d6zel vin\u00e7le \u00e7\u0131karal\u0131m dedik, ancak gelenler bize 23 bin lira hesap \u00e7\u0131kard\u0131lar, benim trakt\u00f6r\u00fcm o paray\u0131 etmez zaten. O paray\u0131 verecek g\u00fcc\u00fcm yok. Yetkililerden devlet b\u00fcy\u00fcklerimizden yard\u0131mc\u0131 olmalar\u0131n\u0131, ekmek teknemin bir an \u00f6nce d\u00fc\u015ft\u00fc\u011f\u00fc yerden \u00e7\u0131kar\u0131lmas\u0131 i\u00e7in bana yard\u0131m etmelerini istiyorum\u201d dedi.<\/p>\n","protected":false},"excerpt":{"rendered":"<p>S\u0130L\u0130VR\u0130\u2019N\u0130N DE\u011e\u0130RMENK\u00d6Y MAHALLES\u0130&#8217;NDE GE\u00c7\u0130M\u0130N\u0130 \u00c7\u0130FT\u00c7\u0130L\u0130KLE SA\u011eLAYAN HASAN \u0130\u015eCAN&#8217;IN TRAKT\u00d6R\u00dc, YAKLA\u015eIK 25 METRE DER\u0130NL\u0130\u011e\u0130 OLAN G\u00d6LETE D\u00dc\u015eT\u00dc.<\/p>\n","protected":false},"author":1,"featured_media":183683,"comment_status":"closed","ping_status":"open","sticky":false,"template":"","format":"standard","meta":{"jetpack_post_was_ever_published":false,"_jetpack_newsletter_access":"","_jetpack_dont_email_post_to_subs":false,"_jetpack_newsletter_tier_id":0,"_jetpack_memberships_contains_paywalled_content":false,"_jetpack_memberships_contains_paid_content":false,"footnotes":"","jetpack_publicize_message":"","jetpack_publicize_feature_enabled":true,"jetpack_social_post_already_shared":true,"jetpack_social_options":{"image_generator_settings":{"template":"highway","default_image_id":0,"font":"","enabled":false},"version":2}},"categories":[1],"tags":[3114,15905,4635,2595],"class_list":["post-183682","post","type-post","status-publish","format-standard","has-post-thumbnail","hentry","category-genel","tag-altinda","tag-aydir","tag-ekmek","tag-teknesi"],"jetpack_publicize_connections":[],"jetpack_featured_media_url":"https:\/\/i0.wp.com\/www.tvturk.com\/wp-content\/uploads\/2019\/07\/ekmek-teknesi-2-aydir-su-altinda_81a36bc.jpg?fit=1000%2C562","jetpack_sharing_enabled":true,"jetpack_shortlink":"https:\/\/wp.me\/paKIfm-LMC","_links":{"self":[{"href":"http:\/\/www.tvturk.com\/index.php\/wp-json\/wp\/v2\/posts\/183682","targetHints":{"allow":["GET"]}}],"collection":[{"href":"http:\/\/www.tvturk.com\/index.php\/wp-json\/wp\/v2\/posts"}],"about":[{"href":"http:\/\/www.tvturk.com\/index.php\/wp-json\/wp\/v2\/types\/post"}],"author":[{"embeddable":true,"href":"http:\/\/www.tvturk.com\/index.php\/wp-json\/wp\/v2\/users\/1"}],"replies":[{"embeddable":true,"href":"http:\/\/www.tvturk.com\/index.php\/wp-json\/wp\/v2\/comments?post=183682"}],"version-history":[{"count":0,"href":"http:\/\/www.tvturk.com\/index.php\/wp-json\/wp\/v2\/posts\/183682\/revisions"}],"wp:featuredmedia":[{"embeddable":true,"href":"http:\/\/www.tvturk.com\/index.php\/wp-json\/wp\/v2\/media\/183683"}],"wp:attachment":[{"href":"http:\/\/www.tvturk.com\/index.php\/wp-json\/wp\/v2\/media?parent=183682"}],"wp:term":[{"taxonomy":"category","embeddable":true,"href":"http:\/\/www.tvturk.com\/index.php\/wp-json\/wp\/v2\/categories?post=183682"},{"taxonomy":"post_tag","embeddable":true,"href":"http:\/\/www.tvturk.com\/index.php\/wp-json\/wp\/v2\/tags?post=183682"}],"curies":[{"name":"wp","href":"https:\/\/api.w.org\/{rel}","templated":true}]}}