{"id":183692,"date":"2019-07-18T14:31:46","date_gmt":"2019-07-18T11:31:46","guid":{"rendered":"http:\/\/www.tvturk.com\/index.php\/global-liderlik-odulu-3uncu-kez-turkiyenin\/"},"modified":"2019-07-18T14:31:46","modified_gmt":"2019-07-18T11:31:46","slug":"global-liderlik-odulu-3uncu-kez-turkiyenin","status":"publish","type":"post","link":"http:\/\/www.tvturk.com\/index.php\/global-liderlik-odulu-3uncu-kez-turkiyenin\/","title":{"rendered":"Global liderlik \u00f6d\u00fcl\u00fc 3\u2019\u00fcnc\u00fc Kez T\u00fcrkiye\u2019nin"},"content":{"rendered":"<p>AIESEC Uluslararas\u0131 Kongresi gala gecesinde, 128 \u00fclke temsilcisi aras\u0131ndan T\u00fcrkiye, \u2019global liderlik \u00f6d\u00fcl\u00fc\u2019ne lay\u0131k g\u00f6r\u00fcld\u00fc.<\/p>\n<p>Hindistan\u2019\u0131n Haydarabad \u015fehrinde 13 Temmuzda, 128 \u00fclke temsilcili\u011finin kat\u0131ld\u0131\u011f\u0131, AIESEC Uluslararas\u0131 Kongresi gala gecesinde, T\u00fcrkiye, \u2019global liderlik \u00f6d\u00fcl\u00fc\u2019ne lay\u0131k g\u00f6r\u00fcld\u00fc. 3\u2019\u00fcnc\u00fc kez \u00f6d\u00fcl\u00fc alan AIESEC T\u00fcrkiye Genel Ba\u015fkan\u0131 Alihan Bolat, &#8220;Bize her zaman g\u00fc\u00e7 veren \u00fclkemizdeki gen\u00e7lerin sesini duyurma inanc\u0131, ge\u00e7ti\u011fimiz 2 senede oldu\u011fu gibi bu sene de AIESEC d\u00fcnyas\u0131nda hissedilmi\u015ftir. G\u00f6n\u00fcll\u00fcl\u00fc\u011fe inanan t\u00fcm gen\u00e7ler ad\u0131na ald\u0131\u011f\u0131m bu \u00f6d\u00fcl \u00fcyelerimizin eme\u011finin kar\u015f\u0131l\u0131\u011f\u0131d\u0131r. T\u00fcrk gen\u00e7li\u011fine inanc\u0131m\u0131z tam, hep birlikte daha g\u00fczel yar\u0131nlar i\u00e7in \u00e7al\u0131\u015fmaya devam edece\u011fiz&#8221; c\u00fcmleleriyle heyecan\u0131n\u0131 dile getirdi.<\/p>\n<p>D\u00fcnyan\u0131n 128 \u00fclkesinden gen\u00e7ler<\/p>\n<p>1948 y\u0131l\u0131nda, d\u00fcnyada k\u00fclt\u00fcrleraras\u0131 etkile\u015fimi olu\u015fturabilme hayali ile kurulan AIESEC, g\u00fcn\u00fcm\u00fczde 128 \u00fclkede g\u00f6n\u00fcll\u00fcl\u00fck ve staj faaliyetlerine devam ediyor. Kuruldu\u011fu andan bu yana d\u00fcnyan\u0131n gen\u00e7ler taraf\u0131ndan y\u00f6netilen en b\u00fcy\u00fck gen\u00e7lik organizasyonu \u00fcnvan\u0131n\u0131 ta\u015f\u0131yan kurum 1954\u2019de  i\u015f d\u00fcnyam\u0131z\u0131n \u00f6nc\u00fclerinden Nejat Eczac\u0131ba\u015f\u0131\u2019n\u0131n at\u0131l\u0131mlar\u0131yla \u00fclkemizde faaliyet g\u00f6stermeye ba\u015flad\u0131.<\/p>\n","protected":false},"excerpt":{"rendered":"<p>AIESEC ULUSLARARASI KONGRES\u0130 GALA GECES\u0130NDE, 128 \u00dcLKE TEMS\u0130LC\u0130S\u0130 ARASINDAN T\u00dcRK\u0130YE, &#8216;GLOBAL L\u0130DERL\u0130K \u00d6D\u00dcL\u00dc&#8217;NE LAYIK G\u00d6R\u00dcLD\u00dc.<\/p>\n","protected":false},"author":1,"featured_media":183693,"comment_status":"closed","ping_status":"open","sticky":false,"template":"","format":"standard","meta":{"jetpack_post_was_ever_published":false,"_jetpack_newsletter_access":"","_jetpack_dont_email_post_to_subs":false,"_jetpack_newsletter_tier_id":0,"_jetpack_memberships_contains_paywalled_content":false,"_jetpack_memberships_contains_paid_content":false,"footnotes":"","jetpack_publicize_message":"","jetpack_publicize_feature_enabled":true,"jetpack_social_post_already_shared":true,"jetpack_social_options":{"image_generator_settings":{"template":"highway","default_image_id":0,"font":"","enabled":false},"version":2}},"categories":[1],"tags":[14002,2170,1497,8170,1553,177],"class_list":["post-183692","post","type-post","status-publish","format-standard","has-post-thumbnail","hentry","category-genel","tag-3uncu","tag-global","tag-kez","tag-liderlik","tag-odulu","tag-turkiyenin"],"jetpack_publicize_connections":[],"jetpack_featured_media_url":"https:\/\/i0.wp.com\/www.tvturk.com\/wp-content\/uploads\/2019\/07\/global-liderlik-odulu-3uncu-kez-turkiyenin_050c92a.jpg?fit=1000%2C750","jetpack_sharing_enabled":true,"jetpack_shortlink":"https:\/\/wp.me\/paKIfm-LMM","_links":{"self":[{"href":"http:\/\/www.tvturk.com\/index.php\/wp-json\/wp\/v2\/posts\/183692","targetHints":{"allow":["GET"]}}],"collection":[{"href":"http:\/\/www.tvturk.com\/index.php\/wp-json\/wp\/v2\/posts"}],"about":[{"href":"http:\/\/www.tvturk.com\/index.php\/wp-json\/wp\/v2\/types\/post"}],"author":[{"embeddable":true,"href":"http:\/\/www.tvturk.com\/index.php\/wp-json\/wp\/v2\/users\/1"}],"replies":[{"embeddable":true,"href":"http:\/\/www.tvturk.com\/index.php\/wp-json\/wp\/v2\/comments?post=183692"}],"version-history":[{"count":0,"href":"http:\/\/www.tvturk.com\/index.php\/wp-json\/wp\/v2\/posts\/183692\/revisions"}],"wp:featuredmedia":[{"embeddable":true,"href":"http:\/\/www.tvturk.com\/index.php\/wp-json\/wp\/v2\/media\/183693"}],"wp:attachment":[{"href":"http:\/\/www.tvturk.com\/index.php\/wp-json\/wp\/v2\/media?parent=183692"}],"wp:term":[{"taxonomy":"category","embeddable":true,"href":"http:\/\/www.tvturk.com\/index.php\/wp-json\/wp\/v2\/categories?post=183692"},{"taxonomy":"post_tag","embeddable":true,"href":"http:\/\/www.tvturk.com\/index.php\/wp-json\/wp\/v2\/tags?post=183692"}],"curies":[{"name":"wp","href":"https:\/\/api.w.org\/{rel}","templated":true}]}}