{"id":183694,"date":"2019-07-18T14:31:50","date_gmt":"2019-07-18T11:31:50","guid":{"rendered":"http:\/\/www.tvturk.com\/index.php\/arnavutkoyde-nefes-kesen-tatbikat\/"},"modified":"2019-07-18T14:31:50","modified_gmt":"2019-07-18T11:31:50","slug":"arnavutkoyde-nefes-kesen-tatbikat","status":"publish","type":"post","link":"http:\/\/www.tvturk.com\/index.php\/arnavutkoyde-nefes-kesen-tatbikat\/","title":{"rendered":"Arnavutk\u00f6y\u2019de nefes kesen tatbikat"},"content":{"rendered":"<p>Arnavutk\u00f6y\u2019de AFAD, 112 UMKE ve \u0130tfaiye ekiplerinin ortakla\u015fa ger\u00e7ekle\u015ftirdi\u011fi Kimyasal, Biyolojik, Radyolojik ve N\u00fckleer(KBRN) tatbikat\u0131 nefesleri kesti.<\/p>\n<p>Arnavutk\u00f6y\u2019de Afet ve Acil Durum Y\u00f6netimi Ba\u015fkanl\u0131\u011f\u0131(AFAD), Ulusal Medikal Kurtarma Ekipleri(UMKE) ve \u0130tfaiye ekipleri ortakla\u015fa bir tatbikat ger\u00e7ekle\u015ftirdi. Arnavutk\u00f6y Belediyesi\u2019nin ev sahipli\u011finde ger\u00e7ekle\u015fen tatbikatta, senaryo gere\u011fi deprem sonucu bir ambalaj fabrikas\u0131n\u0131n temizlik deposunda, i\u00e7erisinde kimyasal madde i\u00e7eren varillerin devrilmesi ile i\u015f\u00e7ilerin kimyasal reaksiyona maruz kalmas\u0131 ve sonras\u0131nda i\u015f\u00e7ilere m\u00fcdahale yap\u0131ld\u0131. \u00d6nce AFAD Arama ve Kurtarma Birlik M\u00fcd\u00fcrl\u00fc\u011f\u00fc\/KBRN ekipleri olay yerine gelerek haz\u0131rland\u0131. Ke\u015fif tespit personelleri A D\u00fczeyi korunma elbisesi ve kimyasal gaz detekt\u00f6rleri ile olay yerinde s\u0131cak, so\u011fuk ve \u0131l\u0131k b\u00f6lge tayinleri ger\u00e7ekle\u015ftirdi. Onunla beraber hareket eden B veya C d\u00fczeyi korumal\u0131 personeller ise s\u0131cak, so\u011fuk ve \u0131l\u0131k tabelalar\u0131n\u0131 dikerek emniyet \u015feritlerini \u00e7ekti. Ard\u0131ndan ekipler kimyasal\u0131n d\u00f6k\u00fcld\u00fc\u011f\u00fc alana girerek, olay\u0131n kayna\u011f\u0131 ve reaksiyonun olu\u015fturabilece\u011fi tehlikeler konusunda ke\u015fif tespiti yapt\u0131.<\/p>\n<p>\u0130\u015flem ger\u00e7ekle\u015ftirildikten sonra ise ilk ba\u015fta alanda bayg\u0131n bir \u015fekilde bulunan i\u015f\u00e7i, ka\u00e7\u0131\u015f maskesi yard\u0131m\u0131yla h\u0131zl\u0131ca \u0131l\u0131k alana \u00e7\u0131kar\u0131l\u0131p, ekipler taraf\u0131ndan dekontaminasyonu yap\u0131ld\u0131. Ard\u0131ndan di\u011fer i\u015f\u00e7i de sedyeye konularak kurtar\u0131ld\u0131 ve dekontaminasyonu ger\u00e7ekle\u015ftirildi. Kirli alandan \u00e7\u0131kar\u0131lan kazazedeler ar\u0131nd\u0131rma sonras\u0131 ise UMKE ekiplerine teslim edildi. Son olarak ise itfaiye ekiplerince olay yerindeki s\u0131z\u0131nt\u0131 uygun seyreltme yap\u0131larak dekontamine edildi ve ortamdaki kimyasal al\u0131nd\u0131.<\/p>\n<p>\u2018S\u0131k\u0131nt\u0131lara kar\u015f\u0131 m\u00fcdahale \u015fans\u0131 kazanmak i\u00e7in g\u00fczel bir tatbikat\u2019<\/p>\n<p>Deprem d\u0131\u015f\u0131nda kimyasal ve biyolojik etkilerle zehirlenmelere kar\u015f\u0131 da acil m\u00fcdahale ger\u00e7ekle\u015ftiren ekiplerin olmas\u0131n\u0131 gerekti\u011fini dile getiren Arnavutk\u00f6y Belediye Ba\u015fkan Yard\u0131mc\u0131s\u0131 Kemal Aygenli, \u201c Zaman\u0131m\u0131z\u0131n en b\u00fcy\u00fck s\u0131k\u0131nt\u0131lar\u0131ndan biri olan ve \u00f6zellikle afetlerle ilgili deprem d\u0131\u015f\u0131nda kimyasal, biyolojik etkilerle zehirlenmelere maruz kalan insanlar\u0131m\u0131za acil m\u00fcdahale yapan ekiplerin olmas\u0131 gerekti\u011fine inan\u0131yoruz. Bu konuda belediye olarak elimizden geleni yapma gayretindeyiz. Bug\u00fcn burada b\u00f6lgemizdeki sanayi tesislerinin yo\u011funlu\u011fu nedeniyle, b\u00f6lgemizin ihtiyac\u0131 ve haz\u0131r ekip olu\u015fturmak ad\u0131na da bir tatbikat ger\u00e7ekle\u015ftirildi. Burada bir ev sahipli\u011fi yapmaktay\u0131z. Bunun uygulamas\u0131n\u0131 yaparak, \u00f6n\u00fcm\u00fczdeki d\u00f6nemlerde ya\u015fanabilecek bir afet veya s\u0131k\u0131nt\u0131ya kar\u015f\u0131 m\u00fcdahale \u015fans\u0131 kazanmak ad\u0131na g\u00fczel bir tatbikat \u201c diye konu\u015ftu.<\/p>\n<p>Tatbikat\u0131n hakk\u0131nda bilgi veren Arnavutk\u00f6y Belediyesi Sivil Savunma Uzman\u0131 Deniz G\u00f6k, \u201c AFAD\u2019\u0131n \u00f6nc\u00fcl\u00fc\u011f\u00fcnde destek \u00e7\u00f6z\u00fcm ortaklar\u0131 ile kamu kurum ve kurulu\u015flar\u0131n\u0131n katk\u0131lar\u0131yla KBRN hizmet grubu tatbikat\u0131 Arnavutk\u00f6y il\u00e7emizde ger\u00e7ekle\u015ftirildi. Biz belediye olarak bu tatbikata ev sahipli\u011fi yap\u0131yoruz. Senaryo gere\u011fi kimyasal bir tesiste depremin art\u00e7\u0131 sars\u0131nt\u0131lar\u0131ndan \u00f6t\u00fcr\u00fc kimyasal reaksiyon olu\u015fmu\u015f ve buradaki vatanda\u015flar kimyasaldan etkilenmi\u015fler. Olay yerine AFAD\u2019\u0131n ilk m\u00fcdahale ekibi intikal etti. \u0130tfaiye ve 112 ekipleri hemen akabinde intikal etti. Etkilenen kazazedelere ar\u0131nd\u0131rma i\u015flemleri uyguland\u0131. Sonunda 112 ekiplerine teslim edildi ve KBRN tatbikat\u0131n\u0131 b\u00f6ylece ger\u00e7ekle\u015ftirmi\u015f olduk \u201c dedi.<\/p>\n","protected":false},"excerpt":{"rendered":"<p>ARNAVUTK\u00d6Y\u2019DE AFAD, 112 UMKE VE \u0130TFA\u0130YE EK\u0130PLER\u0130N\u0130N ORTAKLA\u015eA GER\u00c7EKLE\u015eT\u0130RD\u0130\u011e\u0130 K\u0130MYASAL, B\u0130YOLOJ\u0130K, RADYOLOJ\u0130K VE N\u00dcKLEER(KBRN) TATB\u0130KATI NEFESLER\u0130 KEST\u0130.<\/p>\n","protected":false},"author":1,"featured_media":183695,"comment_status":"closed","ping_status":"open","sticky":false,"template":"","format":"standard","meta":{"jetpack_post_was_ever_published":false,"_jetpack_newsletter_access":"","_jetpack_dont_email_post_to_subs":false,"_jetpack_newsletter_tier_id":0,"_jetpack_memberships_contains_paywalled_content":false,"_jetpack_memberships_contains_paid_content":false,"footnotes":"","jetpack_publicize_message":"","jetpack_publicize_feature_enabled":true,"jetpack_social_post_already_shared":true,"jetpack_social_options":{"image_generator_settings":{"template":"highway","default_image_id":0,"font":"","enabled":false},"version":2}},"categories":[1],"tags":[20595,12207,223,19116],"class_list":["post-183694","post","type-post","status-publish","format-standard","has-post-thumbnail","hentry","category-genel","tag-arnavutkoyde","tag-kesen","tag-nefes","tag-tatbikat"],"jetpack_publicize_connections":[],"jetpack_featured_media_url":"https:\/\/i0.wp.com\/www.tvturk.com\/wp-content\/uploads\/2019\/07\/arnavutkoyde-nefes-kesen-tatbikat_4e3b050.jpg?fit=1000%2C666","jetpack_sharing_enabled":true,"jetpack_shortlink":"https:\/\/wp.me\/paKIfm-LMO","_links":{"self":[{"href":"http:\/\/www.tvturk.com\/index.php\/wp-json\/wp\/v2\/posts\/183694","targetHints":{"allow":["GET"]}}],"collection":[{"href":"http:\/\/www.tvturk.com\/index.php\/wp-json\/wp\/v2\/posts"}],"about":[{"href":"http:\/\/www.tvturk.com\/index.php\/wp-json\/wp\/v2\/types\/post"}],"author":[{"embeddable":true,"href":"http:\/\/www.tvturk.com\/index.php\/wp-json\/wp\/v2\/users\/1"}],"replies":[{"embeddable":true,"href":"http:\/\/www.tvturk.com\/index.php\/wp-json\/wp\/v2\/comments?post=183694"}],"version-history":[{"count":0,"href":"http:\/\/www.tvturk.com\/index.php\/wp-json\/wp\/v2\/posts\/183694\/revisions"}],"wp:featuredmedia":[{"embeddable":true,"href":"http:\/\/www.tvturk.com\/index.php\/wp-json\/wp\/v2\/media\/183695"}],"wp:attachment":[{"href":"http:\/\/www.tvturk.com\/index.php\/wp-json\/wp\/v2\/media?parent=183694"}],"wp:term":[{"taxonomy":"category","embeddable":true,"href":"http:\/\/www.tvturk.com\/index.php\/wp-json\/wp\/v2\/categories?post=183694"},{"taxonomy":"post_tag","embeddable":true,"href":"http:\/\/www.tvturk.com\/index.php\/wp-json\/wp\/v2\/tags?post=183694"}],"curies":[{"name":"wp","href":"https:\/\/api.w.org\/{rel}","templated":true}]}}