{"id":183698,"date":"2019-07-18T14:32:40","date_gmt":"2019-07-18T11:32:40","guid":{"rendered":"http:\/\/www.tvturk.com\/index.php\/dunya-yakin-savunma-federasyonu-avrupada-seminer-duzenledi\/"},"modified":"2019-07-18T14:32:40","modified_gmt":"2019-07-18T11:32:40","slug":"dunya-yakin-savunma-federasyonu-avrupada-seminer-duzenledi","status":"publish","type":"post","link":"http:\/\/www.tvturk.com\/index.php\/dunya-yakin-savunma-federasyonu-avrupada-seminer-duzenledi\/","title":{"rendered":"D\u00fcnya Yak\u0131n Savunma Federasyonu Avrupa\u2019da seminer d\u00fczenledi"},"content":{"rendered":"<p>D\u00fcnya Yak\u0131n Savunma Federasyonu (World Defence Anti-Terror Federation) Almanya\u2019n\u0131n K\u00f6ln \u015fehrinde Yak\u0131n Savunma (Defence Anti-Terror) semineri d\u00fczenledi. 6-7 Temmuz tarihleri aras\u0131nda \u00c7in Boks Akademisinde ger\u00e7ekle\u015ftirilen seminere, Almanya, Hollanda, Rusya, Ukrayna, G\u00fcrcistan, Bulgaristan, \u0130talya, Pakistan, Afganistan, Romanya ve Macaristan\u2019dan sporcu ile antren\u00f6rler kat\u0131ld\u0131.<\/p>\n<p>Almanya\u2019n\u0131n K\u00f6ln \u015fehrinde yap\u0131lan seminerde a\u00e7\u0131klamalarda bulunan D\u00fcnya Chinese Boxing Federasyon Ba\u015fkan\u0131 ayn\u0131 zamanda World Defence Anti &#8211; Terror Federation Avrupa Temsilcisi Sifu Nihat Atamt\u00fcrk, \u201cWDATF Avrupa y\u00f6netimini olu\u015fturduk ve k\u0131sa bir s\u00fcre sonra Avrupa\u2019n\u0131n di\u011fer \u00fclkelerine de temsilcilikler vermeye ba\u015flayaca\u011f\u0131z. WDATF AVRUPA kurulduktan sonra Avrupa\u2019da yap\u0131lan ilk seminerde \u015fiddetsiz yak\u0131n savunma sistemine ilgi \u00e7ok b\u00fcy\u00fck oldu. Seminere bir\u00e7ok \u00fclkenin ileri gelen spor \u00fcstadlar\u0131 kat\u0131larak ilgi g\u00f6sterdi ve bizleri tebrik etti. Avukat e\u015fli\u011finde yapm\u0131\u015f oldu\u011fumuz e\u011fitimde, sistemin Avrupa \u0130nsan Haklar\u0131 ve Avrupa yasalar\u0131na tamamen uygun oldu\u011fu kanaatine var\u0131larak yerli ve milli olan bu T\u00fcrk sistemine bas\u0131n\u0131n da ilgisi \u00e7ok b\u00fcy\u00fck olmu\u015ftur\u201d \u015feklinde konu\u015ftu.<\/p>\n<p>Seminerde a\u00e7\u0131klamalarda bulunan World Defence Anti &#8211; Terror Federation Ba\u015fkan\u0131 \u0130brahim Akt\u00fcrk ise &#8220;\u00c7\u0131kartm\u0131\u015f oldu\u011fumuz \u015fiddetsiz yak\u0131n savunmaya ilginin her ge\u00e7en g\u00fcn daha fazla oldu\u011funu s\u00f6ylemek isterim. \u0130srail\u2019in yaralamaya, \u00f6ld\u00fcrmeye y\u00f6nelik \u00e7\u0131karm\u0131\u015f oldu\u011fu yak\u0131n savunma sisteminin (Kraw Maga) t\u00fcm d\u00fcnyada kabul g\u00f6rd\u00fc\u011f\u00fcn\u00fc, hemen hemen b\u00fct\u00fcn \u00fclkelerde resmi sistem oldu\u011funu ve emniyet te\u015fkilatlar\u0131nda \u00f6\u011fretildi\u011fini \u00fcz\u00fclerek belirtmek isterim. Amac\u0131m\u0131z, T\u00fcrk sistemi olan Defence Anti &#8211; Terror\u2019u (Yak\u0131n Savunma) d\u00fcnyaya yayarak, sald\u0131rgan size ne \u015fekilde sald\u0131r\u0131rsa sald\u0131rs\u0131n (sopa, b\u0131\u00e7ak, silah, birden fazla ki\u015fi) sald\u0131rgana, kendinize ve etraf\u0131n\u0131zdaki hi\u00e7 kimseye zarar vermeden sald\u0131r\u0131y\u0131 bertaraf edebiliyorsunuz. D\u00fcnyada ilk ve tek olan sistemimizi daha h\u0131zl\u0131 ve resmi bir \u015fekilde yayabilmek ad\u0131na Cumhurba\u015fkan\u0131m\u0131z Recep Tayyip Erdo\u011fan\u2019\u0131n yard\u0131m ve desteklerini talep ediyoruz&#8221; a\u00e7\u0131klamas\u0131n\u0131 yapt\u0131.<\/p>\n<p>Yap\u0131lan seminere, D\u00fcnya Yak\u0131n Savunma Federasyon Ba\u015fkan\u0131 Yak\u0131n Savunma (DAT) Sisteminin Kurucusu 10. Dan Grand Master \u0130brahim Akt\u00fcrk, Ba\u015fkan Vekili DAT Sistem Kurucusu 6. Dan Grand Master O\u011fuzhan Akt\u00fcrk, Teknik Kurul Ba\u015fkan\u0131 Master 4. Dan Seyit Ahmet Belet ve T\u00fcrkiye\u2019den gelen e\u011fitmenlerin yan\u0131 s\u0131ra d\u00fcnyaca \u00fcnl\u00fc Kung-Fu 10. Dan Dr. Min Tah Jao ile Sifu Nihat Atamt\u00fcrk E\u011fitmen olarak kat\u0131ld\u0131\u011f\u0131 bildirildi.<\/p>\n","protected":false},"excerpt":{"rendered":"<p>D\u00dcNYA YAKIN SAVUNMA FEDERASYONU (WORLD DEFENCE ANT\u0130-TERROR FEDERAT\u0130ON) ALMANYA\u2019NIN K\u00d6LN \u015eEHR\u0130NDE YAKIN SAVUNMA (DEFENCE ANT\u0130-TERROR) SEM\u0130NER\u0130 D\u00dcZENLED\u0130. 6-7 TEMMUZ TAR\u0130HLER\u0130 ARASINDA \u00c7\u0130N BOKS AKADEM\u0130S\u0130NDE GER\u00c7EKLE\u015eT\u0130R\u0130LEN SEM\u0130NERE, ALMANYA, HOLLANDA, RUSYA, UKRAYNA, G\u00dcRC\u0130STAN, BULGAR\u0130STAN, \u0130TALYA, PAK\u0130STAN, AFGAN\u0130STAN, ROMANYA VE MACAR\u0130STAN\u2019DAN SPORCU \u0130LE ANTREN\u00d6RLER KATILDI.<\/p>\n","protected":false},"author":1,"featured_media":183699,"comment_status":"closed","ping_status":"open","sticky":false,"template":"","format":"standard","meta":{"jetpack_post_was_ever_published":false,"_jetpack_newsletter_access":"","_jetpack_dont_email_post_to_subs":false,"_jetpack_newsletter_tier_id":0,"_jetpack_memberships_contains_paywalled_content":false,"_jetpack_memberships_contains_paid_content":false,"footnotes":"","jetpack_publicize_message":"","jetpack_publicize_feature_enabled":true,"jetpack_social_post_already_shared":true,"jetpack_social_options":{"image_generator_settings":{"template":"highway","default_image_id":0,"font":"","enabled":false},"version":2}},"categories":[657],"tags":[349,3454,12361,2037,33,440,4961],"class_list":["post-183698","post","type-post","status-publish","format-standard","has-post-thumbnail","hentry","category-spor","tag-dunya","tag-avrupada","tag-duzenledi","tag-federasyonu","tag-savunma","tag-seminer","tag-yakin"],"jetpack_publicize_connections":[],"jetpack_featured_media_url":"https:\/\/i0.wp.com\/www.tvturk.com\/wp-content\/uploads\/2019\/07\/dunya-yakin-savunma-federasyonu-avrupada-seminer-duzenledi_6fdf764.jpg?fit=1000%2C594","jetpack_sharing_enabled":true,"jetpack_shortlink":"https:\/\/wp.me\/paKIfm-LMS","_links":{"self":[{"href":"http:\/\/www.tvturk.com\/index.php\/wp-json\/wp\/v2\/posts\/183698","targetHints":{"allow":["GET"]}}],"collection":[{"href":"http:\/\/www.tvturk.com\/index.php\/wp-json\/wp\/v2\/posts"}],"about":[{"href":"http:\/\/www.tvturk.com\/index.php\/wp-json\/wp\/v2\/types\/post"}],"author":[{"embeddable":true,"href":"http:\/\/www.tvturk.com\/index.php\/wp-json\/wp\/v2\/users\/1"}],"replies":[{"embeddable":true,"href":"http:\/\/www.tvturk.com\/index.php\/wp-json\/wp\/v2\/comments?post=183698"}],"version-history":[{"count":0,"href":"http:\/\/www.tvturk.com\/index.php\/wp-json\/wp\/v2\/posts\/183698\/revisions"}],"wp:featuredmedia":[{"embeddable":true,"href":"http:\/\/www.tvturk.com\/index.php\/wp-json\/wp\/v2\/media\/183699"}],"wp:attachment":[{"href":"http:\/\/www.tvturk.com\/index.php\/wp-json\/wp\/v2\/media?parent=183698"}],"wp:term":[{"taxonomy":"category","embeddable":true,"href":"http:\/\/www.tvturk.com\/index.php\/wp-json\/wp\/v2\/categories?post=183698"},{"taxonomy":"post_tag","embeddable":true,"href":"http:\/\/www.tvturk.com\/index.php\/wp-json\/wp\/v2\/tags?post=183698"}],"curies":[{"name":"wp","href":"https:\/\/api.w.org\/{rel}","templated":true}]}}