{"id":183718,"date":"2019-07-18T15:16:31","date_gmt":"2019-07-18T12:16:31","guid":{"rendered":"http:\/\/www.tvturk.com\/index.php\/26-yil-once-pkknin-katlettigi-sundus-sehitleri-anildi\/"},"modified":"2019-07-18T15:16:31","modified_gmt":"2019-07-18T12:16:31","slug":"26-yil-once-pkknin-katlettigi-sundus-sehitleri-anildi","status":"publish","type":"post","link":"http:\/\/www.tvturk.com\/index.php\/26-yil-once-pkknin-katlettigi-sundus-sehitleri-anildi\/","title":{"rendered":"26 y\u0131l \u00f6nce PKK\u2019n\u0131n katletti\u011fi \u2018S\u00fcnd\u00fcs\u2019 \u015fehitleri an\u0131ld\u0131"},"content":{"rendered":"<p>Van\u2019\u0131n Bah\u00e7esaray il\u00e7esindeki S\u00fcnd\u00fcs Yaylas\u0131\u2019nda 26 y\u0131l \u00f6nce PKK\u2019l\u0131 ter\u00f6ristler taraf\u0131ndan \u015fehit edilen 10\u2019u \u00e7ocuk 24 ki\u015fi, kabirleri ba\u015f\u0131nda an\u0131ld\u0131.<\/p>\n<p>18 Haziran 1993 tarihinde PKK\u2019l\u0131 ter\u00f6ristler taraf\u0131ndan kad\u0131n, erkek ve \u00e7ocuk g\u00f6zetmeksizin \u015fehit edilen 24 vatanda\u015f i\u00e7in her y\u0131l oldu\u011fu gibi bu y\u0131l da aileleri ve halk\u0131n kat\u0131l\u0131m\u0131yla Bah\u00e7esaray \u015eehitli\u011fi\u2019nde anma t\u00f6reni d\u00fczenlendi. \u00c7ar\u015f\u0131 merkezinde ellerinde 26 y\u0131l \u00f6nce \u015fehit d\u00fc\u015fen vatanda\u015flar\u0131n isimlerinin yer ald\u0131\u011f\u0131 d\u00f6vizlerle &#8220;Kahrolsun PKK&#8221;, \u201c\u015eehitler \u00f6lmez vatan b\u00f6l\u00fcnmez\u201d sloganlar\u0131 atan il\u00e7e halk\u0131, merkezdeki \u00e7ay bah\u00e7esine kadar y\u00fcr\u00fcd\u00fc. Burada sayg\u0131 duru\u015funda bulunularak, \u0130stiklal Mar\u015f\u0131\u2019n\u0131n okunmas\u0131n\u0131n ard\u0131ndan protokol konu\u015fmalar\u0131 yap\u0131ld\u0131. Bah\u00e7esaray Kaymakam\u0131 Onur \u015eat\u0131ro\u011flu, hain ter\u00f6r \u00f6rg\u00fct\u00fcn\u00fcn il\u00e7ede y\u0131llar ge\u00e7se de unutulamayacak bir ac\u0131 ya\u015fatt\u0131\u011f\u0131n\u0131 s\u00f6yledi. Kad\u0131n, \u00e7ocuk dinlemeden masum vatanda\u015flar\u0131n hi\u00e7bir sebep yokken PKK\u2019l\u0131 ter\u00f6ristlerce katledildi\u011fini dile getiren \u015eat\u0131ro\u011flu, \u201cHain ter\u00f6r \u00f6rg\u00fct\u00fc bug\u00fcn de ba\u015far\u0131ya ula\u015famayacakt\u0131r. Bu tarz olaylar bizim birli\u011fimizi, b\u00fct\u00fcnl\u00fc\u011f\u00fcm\u00fcz\u00fc artt\u0131rmaktan ba\u015fka hi\u00e7bir duruma hizmet etmemektedir. Bah\u00e7esaray halk\u0131yla, birlik ve beraberli\u011fimizle ter\u00f6r \u00f6rg\u00fct\u00fcne kar\u015f\u0131 m\u00fccadelemizi s\u00fcrd\u00fcrmeye yeminliyiz\u201d dedi.<\/p>\n<p>Daha sonra k\u00fcrs\u00fcye \u00e7\u0131kan AK Parti Bah\u00e7esaray \u0130l\u00e7e Ba\u015fkan\u0131 Cumali Sab\u0131rl\u0131, S\u00fcnd\u00fcs katliam\u0131n\u0131n \u00fczerinden 26 y\u0131l ge\u00e7mesine ra\u011fmen PKK ter\u00f6r \u00f6rg\u00fct\u00fcn\u00fcn yapt\u0131\u011f\u0131 bu katliam\u0131n ac\u0131s\u0131n\u0131n ilk g\u00fcnk\u00fc gibi taze oldu\u011funu s\u00f6yledi. Sab\u0131rl\u0131, \u201cBu ate\u015f 26 y\u0131ld\u0131r i\u00e7imizi yak\u0131yor. 18 Temmuz 1993 Pazar g\u00fcn\u00fc saat 22.00 sular\u0131nda ya\u015fanan bu vahim kanl\u0131 olay, Bah\u00e7esaray il\u00e7esi S\u00fcnd\u00fcs Yaylas\u0131 m\u0131nt\u0131kas\u0131na gelen 7 silahl\u0131 ki\u015fi ve grubun ba\u015f\u0131 bilinen vah\u015fi, sar\u0131 sakall\u0131, mavi g\u00f6zl\u00fc cani, kad\u0131n ve \u00e7ocuklar\u0131 Ahmet Sevgili\u2019nin 12 metrekarelik \u00e7ad\u0131r\u0131na toplay\u0131p hepsini kur\u015funa dizdi. Tek erkek ve yeti\u015fkin olan Ahmet Bey\u2019in yaral\u0131, geri kalan 14 \u00e7ocuk ve 10 kad\u0131n olmak \u00fczere 24 ki\u015fiyi vah\u015fice \u015fehit ettiler. Kader ve \u00f6l\u00fcm saatleri ayn\u0131 olan 14 \u00e7ocuk ve 10 bayandan olu\u015fan bu 24 mazlumun katliam\u0131n\u0131 yapan PKK ter\u00f6r \u00f6rg\u00fct\u00fcn\u00fc nefretle k\u0131n\u0131yorum. Rabbim onlar\u0131n her iki cihanda ate\u015flerini bol etsin\u201d ifadelerini kulland\u0131.<\/p>\n<p>Susa, Ba\u015fba\u011flar ve S\u00fcnd\u00fcs katliam\u0131n\u0131n halk\u0131 korku ve tehditle dizayn etmek isteyenlerin ger\u00e7ekle\u015ftirdi\u011fi vahim katliamlar oldu\u011funu dile getiren Sab\u0131rl\u0131, \u201c\u00dclke ekonomisine, hayvanc\u0131l\u0131\u011fa b\u00fcy\u00fck darbe vurulmu\u015f. Halk\u0131n metropol \u015fehirlere g\u00f6\u00e7 edilmesine vesile olmu\u015f. 26 y\u0131l ge\u00e7ti S\u00fcnd\u00fcs katliam\u0131n\u0131n \u00fczerinden ama ac\u0131s\u0131 ilk g\u00fcnk\u00fc tazeli\u011fini koruyor. Bizler \u015fehit yak\u0131nlar\u0131 olarak \u00fczerinden as\u0131rlar da ge\u00e7se gelecek nesillerimize bu vahim olay\u0131 aktaraca\u011f\u0131z, unutturmayaca\u011f\u0131z ve ta\u015feronlar\u0131n\u0131 da her zaman \u015fiddetle k\u0131nayaca\u011f\u0131z. Ey S\u00fcnd\u00fcs \u015fehitleri sevinin ve ho\u015fnut olun, bug\u00fcn binlerce ki\u015fi her y\u0131l oldu\u011fu gibi sizi sayg\u0131 ve rahmetle yad ediyor. Katillerinizi de lanetle an\u0131yor. Bu vesile ile S\u00fcnd\u00fcs \u015fehitleri ba\u015fta olmak \u00fczere t\u00fcm \u015fehitlerimizi sayg\u0131 ve rahmetle an\u0131yorum. Rabbim mekanlar\u0131n\u0131 cennet eylesin in\u015fallah. Kederli ailelerine sab\u0131r versin\u201d diye konu\u015ftu.<\/p>\n<p>Yap\u0131lan konu\u015fmalar\u0131n ard\u0131ndan kalabal\u0131k \u015fehitlerin kabirlerini ziyaret ederek dua etti. Anma program\u0131na Bah\u00e7esaray Belediye Ba\u015fkan\u0131 Meki Arvas, \u0130l\u00e7e Emniyet M\u00fcd\u00fcr\u00fc Ahmet Hakan Y\u0131ld\u0131z, \u0130l\u00e7e Jandarma Komutan\u0131 Orhan Ka\u015f, Van \u015eehit ve Gazi Aileleri Derne\u011fi Ba\u015fkan\u0131 Ahmet Baki, eski Bah\u00e7esaray Belediye Ba\u015fkan\u0131 Naci Orhan, \u015fahit aileleri ve il\u00e7e halk\u0131 kat\u0131ld\u0131.<\/p>\n","protected":false},"excerpt":{"rendered":"<p>VAN\u2019IN BAH\u00c7ESARAY \u0130L\u00c7ES\u0130NDEK\u0130 S\u00dcND\u00dcS YAYLASI\u2019NDA 26 YIL \u00d6NCE PKK\u2019LI TER\u00d6R\u0130STLER TARAFINDAN \u015eEH\u0130T ED\u0130LEN 10\u2019U \u00c7OCUK 24 K\u0130\u015e\u0130, KAB\u0130RLER\u0130 BA\u015eINDA ANILDI.<\/p>\n","protected":false},"author":1,"featured_media":183719,"comment_status":"closed","ping_status":"open","sticky":false,"template":"","format":"standard","meta":{"jetpack_post_was_ever_published":false,"_jetpack_newsletter_access":"","_jetpack_dont_email_post_to_subs":false,"_jetpack_newsletter_tier_id":0,"_jetpack_memberships_contains_paywalled_content":false,"_jetpack_memberships_contains_paid_content":false,"footnotes":"","jetpack_publicize_message":"","jetpack_publicize_feature_enabled":true,"jetpack_social_post_already_shared":true,"jetpack_social_options":{"image_generator_settings":{"template":"highway","default_image_id":0,"font":"","enabled":false},"version":2}},"categories":[1],"tags":[241,44354,232,8861,9758,7001,231],"class_list":["post-183718","post","type-post","status-publish","format-standard","has-post-thumbnail","hentry","category-genel","tag-anildi","tag-katlettigi","tag-once","tag-pkknin","tag-sehitleri","tag-sundus","tag-yil"],"jetpack_publicize_connections":[],"jetpack_featured_media_url":"https:\/\/i0.wp.com\/www.tvturk.com\/wp-content\/uploads\/2019\/07\/26-yil-once-pkknin-katlettigi-sundus-sehitleri-anildi_e9225fc.jpg?fit=1000%2C750","jetpack_sharing_enabled":true,"jetpack_shortlink":"https:\/\/wp.me\/paKIfm-LNc","_links":{"self":[{"href":"http:\/\/www.tvturk.com\/index.php\/wp-json\/wp\/v2\/posts\/183718","targetHints":{"allow":["GET"]}}],"collection":[{"href":"http:\/\/www.tvturk.com\/index.php\/wp-json\/wp\/v2\/posts"}],"about":[{"href":"http:\/\/www.tvturk.com\/index.php\/wp-json\/wp\/v2\/types\/post"}],"author":[{"embeddable":true,"href":"http:\/\/www.tvturk.com\/index.php\/wp-json\/wp\/v2\/users\/1"}],"replies":[{"embeddable":true,"href":"http:\/\/www.tvturk.com\/index.php\/wp-json\/wp\/v2\/comments?post=183718"}],"version-history":[{"count":0,"href":"http:\/\/www.tvturk.com\/index.php\/wp-json\/wp\/v2\/posts\/183718\/revisions"}],"wp:featuredmedia":[{"embeddable":true,"href":"http:\/\/www.tvturk.com\/index.php\/wp-json\/wp\/v2\/media\/183719"}],"wp:attachment":[{"href":"http:\/\/www.tvturk.com\/index.php\/wp-json\/wp\/v2\/media?parent=183718"}],"wp:term":[{"taxonomy":"category","embeddable":true,"href":"http:\/\/www.tvturk.com\/index.php\/wp-json\/wp\/v2\/categories?post=183718"},{"taxonomy":"post_tag","embeddable":true,"href":"http:\/\/www.tvturk.com\/index.php\/wp-json\/wp\/v2\/tags?post=183718"}],"curies":[{"name":"wp","href":"https:\/\/api.w.org\/{rel}","templated":true}]}}