{"id":183744,"date":"2019-07-18T16:16:40","date_gmt":"2019-07-18T13:16:40","guid":{"rendered":"http:\/\/www.tvturk.com\/index.php\/manisada-sevinc-ve-gozyasi-bir-arada\/"},"modified":"2019-07-18T16:16:40","modified_gmt":"2019-07-18T13:16:40","slug":"manisada-sevinc-ve-gozyasi-bir-arada","status":"publish","type":"post","link":"http:\/\/www.tvturk.com\/index.php\/manisada-sevinc-ve-gozyasi-bir-arada\/","title":{"rendered":"Manisa\u2019da sevin\u00e7 ve g\u00f6zya\u015f\u0131 bir arada"},"content":{"rendered":"<p>Yunusemre Belediyesi\u2019nin Manisa\u2019da konut sorununa ne\u015fter vuran 5 bin 500 Konutluk Akgedik Yunuskent Projesi\u2019nin 3. etab\u0131nda hak sahiplerini belirleme kuras\u0131 \u00e7ekildi. Kurada isimlerini duyan vatanda\u015flar g\u00f6zya\u015flar\u0131na bo\u011fulurken mutluluklar\u0131n\u0131 sevdikleriyle payla\u015ft\u0131.<\/p>\n<p>Manisa\u2019da binlerce vatanda\u015f\u0131n ev sahibi olabilmek i\u00e7in umutla bekledi\u011fi Akgedik Yunuskent Projesi\u2019nin bin konut ve sosyal donat\u0131 alanlar\u0131ndan olu\u015facak 3. etab\u0131nda hak sahipleri belirleme kuras\u0131 \u00e7ekildi. Yunusemre Belediyesi\u2019nin Toplu Konut \u0130daresi ortakl\u0131\u011f\u0131yla hayata ge\u00e7irdi\u011fi projenin 3. etab\u0131na 2+1 konut i\u00e7in 3 bin 931, 3+1 konut i\u00e7in 3 bin 453 olmak \u00fczere toplam 7 bin 384 ki\u015fi ba\u015fvurdu. Sayg\u0131 duru\u015funda bulunulmas\u0131 ve ard\u0131ndan \u0130stiklal Mar\u015f\u0131\u2019n\u0131n okunmas\u0131 ile ba\u015flayan t\u00f6rende a\u00e7\u0131l\u0131\u015f konu\u015fmas\u0131n\u0131 Yunusemre Belediye Ba\u015fkan\u0131 Dr. Mehmet \u00c7er\u00e7i yapt\u0131. Akgedik\u2019te bir \u015fehir kuruldu\u011funa vurgu yapan Ba\u015fkan \u00c7er\u00e7i, &#8220;Akgedik\u2019te yeni bir \u015fehir kuruyoruz. Binin \u00fczerinde ailemiz \u015fu anda orada iskan edildi. G\u00fczel bir \u00e7evre olu\u015ftu. Bin 500 konut bitmeye \u00e7ok yakla\u015ft\u0131. Bin 500 ailemiz \u00f6n\u00fcm\u00fczdeki bir ka\u00e7 ay i\u00e7erisinde yerle\u015fmi\u015f olacaklar. \u015eimdi arkadan bin konutluk 3. etap sonras\u0131nda da bin konutluk daha arkadan gelecek. Amac\u0131m\u0131z b\u00fct\u00fcn halk\u0131m\u0131z\u0131, \u00f6zellikle dar gelirli piyasan 300-500 bin liraya konut almaya g\u00fcc\u00fc yetmeyen halk\u0131m\u0131z\u0131 daha uygun makul fiyatlarda ve 15-20 y\u0131l gibi vadeye yay\u0131lm\u0131\u015f s\u00fcresiyle uygun maliyetle kiradan da ucuz ev taksidi \u00f6deyerek konut sahibi yapmak&#8221; dedi.<\/p>\n<p>\u0130leri ki d\u00f6nemlerde yeni etaplar\u0131n da gelece\u011fini s\u00f6yleyen \u00c7er\u00e7i, &#8220;\u00d6n\u00fcm\u00fczde yeni etaplar gelecek. Bir taraftan teslim edece\u011fiz. Bir taraftan da yeni etaplara ba\u015flayaca\u011f\u0131z. Yine G\u00fcrle b\u00f6lgemizde Organize Sanayi B\u00f6lgesiyle beraber TOK\u0130\u2019yle beraber plan \u00e7al\u0131\u015fmalar\u0131na devam etti\u011fimiz 5 bin konutluk ilave bir G\u00fcrle OSB Kent dedi\u011fimiz ayr\u0131 bir \u00e7al\u0131\u015fmam\u0131z\u0131n da planlar\u0131 devam ediyor. Akgedik b\u00f6lgemizde 5 bin 500 toplamda konut yap\u0131lacak. Ona biti\u015fik olan G\u00fcrle b\u00f6lgemizde de ikinci bir alanda da 5 bin konutlu yeni bir \u00e7al\u0131\u015fmam\u0131z s\u00fcr\u00fcyor. Bunun plan \u00e7al\u0131\u015fmalar\u0131 da \u00f6n\u00fcm\u00fczdeki 6 ay 1 y\u0131l gibi bir s\u00fcrede bitirece\u011fiz&#8221; diye konu\u015ftu.<\/p>\n<p>Bu t\u00fcr i\u015flerle dua al\u0131nd\u0131\u011f\u0131n\u0131 belirten Manisa Valisi Ahmet Deniz, &#8220;Her i\u015f \u00f6nemli, her i\u015f k\u0131ymetli ama bu i\u015fler biraz da dua alma i\u015fi. Hepimizin hayalinde bir ev sahibi olmak var. Bug\u00fcn bin ki\u015fi ev sahibi olacak. Belki di\u011ferleri biraz \u00fcz\u00fclecek ama l\u00fctfen \u00fcz\u00fclmesinler. T\u00fcrkiye Cumhuriyeti devleti \u00e7ok b\u00fcy\u00fck bir devlet. \u00d6zellikle son 10-15 y\u0131l i\u00e7erisinde inan\u0131lmaz i\u015fler yap\u0131ld\u0131. TOK\u0130, Emlak Konut y\u00fcz binlerce konut yapt\u0131. Bu y\u0131l Cumhurba\u015fkan\u0131m\u0131z\u0131n talimat\u0131yla 50 bin konut. \u00d6n\u00fcm\u00fczdeki y\u0131l da devam edecek. Belki ufak tefek s\u0131k\u0131nt\u0131 ya\u015f\u0131yoruz. Ama T\u00fcrkiye son 10-15 y\u0131lda altyap\u0131da, \u00fcstyap\u0131da, e\u011fitimde, sa\u011fl\u0131kta ula\u015ft\u0131rmada \u00e7a\u011f atlad\u0131&#8221; ifadelerini kulland\u0131.<\/p>\n<p>Konu\u015fmalar\u0131n ard\u0131ndan kura \u00e7ekimine ge\u00e7ildi. \u0130lk kuralar protokol \u00fcyeleri taraf\u0131ndan \u00e7ekildi. 2+1 konutlar i\u00e7in 500, 3+1 konutlar i\u00e7in de 500 hak sahibi belirlendi. Kurada ismi \u00e7\u0131kan vatanda\u015flar duygusal anlar ya\u015farken; mutluluklar\u0131n\u0131 Vali Deniz ve Ba\u015fkan \u00c7er\u00e7i ile payla\u015ft\u0131. Sevin\u00e7leri g\u00f6zlerinden okunan hak sahipleri duygular\u0131n\u0131 ifade etmekte zorlan\u0131rken; bu mutlulu\u011fu ev sahibi olmak isteyen herkesin ya\u015famas\u0131n\u0131 diledi.<\/p>\n<p>Muradiye Sosyal Tesislerinde ger\u00e7ekle\u015ftirilen t\u00f6rene Yunusemre Belediye Ba\u015fkan\u0131 Dr. Mehmet \u00c7er\u00e7i, E\u015fi Dr. Melek \u00c7er\u00e7i, Manisa Valisi Ahmet Deniz, \u015eehzadeler Kaymakam\u0131 Cemal H\u00fcsn\u00fc \u00c7aykara, AK Parti \u0130l Ba\u015fkan\u0131 Berk Mersinli, \u015eehzadeler Belediye Ba\u015fkanvekili Mehmet Kavas, Belediye Ba\u015fkan Yard\u0131mc\u0131lar\u0131, Meclis \u00dcyeleri, Kurum ve Daire M\u00fcd\u00fcrleri ile 3. etap i\u00e7in ba\u015fvuran vatanda\u015flar kat\u0131ld\u0131.<\/p>\n","protected":false},"excerpt":{"rendered":"<p>YUNUSEMRE BELED\u0130YES\u0130&#8217;N\u0130N MAN\u0130SA&#8217;DA KONUT SORUNUNA NE\u015eTER VURAN 5 B\u0130N 500 KONUTLUK AKGED\u0130K YUNUSKENT PROJES\u0130&#8217;N\u0130N 3. ETABINDA HAK SAH\u0130PLER\u0130 BEL\u0130RLEME KURASI \u00c7EK\u0130LD\u0130. KURADA \u0130S\u0130MLER\u0130N\u0130 DUYAN VATANDA\u015eLAR G\u00d6ZYA\u015eLARINA BO\u011eULURKEN MUTLULUKLARINI SEVD\u0130KLER\u0130YLE PAYLA\u015eTI.<\/p>\n","protected":false},"author":1,"featured_media":183745,"comment_status":"closed","ping_status":"open","sticky":false,"template":"","format":"standard","meta":{"jetpack_post_was_ever_published":false,"_jetpack_newsletter_access":"","_jetpack_dont_email_post_to_subs":false,"_jetpack_newsletter_tier_id":0,"_jetpack_memberships_contains_paywalled_content":false,"_jetpack_memberships_contains_paid_content":false,"footnotes":"","jetpack_publicize_message":"","jetpack_publicize_feature_enabled":true,"jetpack_social_post_already_shared":true,"jetpack_social_options":{"image_generator_settings":{"template":"highway","default_image_id":0,"font":"","enabled":false},"version":2}},"categories":[1],"tags":[9048,125,7636,3037,15446],"class_list":["post-183744","post","type-post","status-publish","format-standard","has-post-thumbnail","hentry","category-genel","tag-arada","tag-bir","tag-gozyasi","tag-manisada","tag-sevinc"],"jetpack_publicize_connections":[],"jetpack_featured_media_url":"https:\/\/i0.wp.com\/www.tvturk.com\/wp-content\/uploads\/2019\/07\/manisada-sevinc-ve-gozyasi-bir-arada_f10e8fc.jpg?fit=1000%2C664","jetpack_sharing_enabled":true,"jetpack_shortlink":"https:\/\/wp.me\/paKIfm-LNC","_links":{"self":[{"href":"http:\/\/www.tvturk.com\/index.php\/wp-json\/wp\/v2\/posts\/183744","targetHints":{"allow":["GET"]}}],"collection":[{"href":"http:\/\/www.tvturk.com\/index.php\/wp-json\/wp\/v2\/posts"}],"about":[{"href":"http:\/\/www.tvturk.com\/index.php\/wp-json\/wp\/v2\/types\/post"}],"author":[{"embeddable":true,"href":"http:\/\/www.tvturk.com\/index.php\/wp-json\/wp\/v2\/users\/1"}],"replies":[{"embeddable":true,"href":"http:\/\/www.tvturk.com\/index.php\/wp-json\/wp\/v2\/comments?post=183744"}],"version-history":[{"count":0,"href":"http:\/\/www.tvturk.com\/index.php\/wp-json\/wp\/v2\/posts\/183744\/revisions"}],"wp:featuredmedia":[{"embeddable":true,"href":"http:\/\/www.tvturk.com\/index.php\/wp-json\/wp\/v2\/media\/183745"}],"wp:attachment":[{"href":"http:\/\/www.tvturk.com\/index.php\/wp-json\/wp\/v2\/media?parent=183744"}],"wp:term":[{"taxonomy":"category","embeddable":true,"href":"http:\/\/www.tvturk.com\/index.php\/wp-json\/wp\/v2\/categories?post=183744"},{"taxonomy":"post_tag","embeddable":true,"href":"http:\/\/www.tvturk.com\/index.php\/wp-json\/wp\/v2\/tags?post=183744"}],"curies":[{"name":"wp","href":"https:\/\/api.w.org\/{rel}","templated":true}]}}