{"id":183746,"date":"2019-07-18T16:17:29","date_gmt":"2019-07-18T13:17:29","guid":{"rendered":"http:\/\/www.tvturk.com\/index.php\/amedej-vetrih-bireysel-degil-takim-oyuncusuyum\/"},"modified":"2019-07-18T16:17:29","modified_gmt":"2019-07-18T13:17:29","slug":"amedej-vetrih-bireysel-degil-takim-oyuncusuyum","status":"publish","type":"post","link":"http:\/\/www.tvturk.com\/index.php\/amedej-vetrih-bireysel-degil-takim-oyuncusuyum\/","title":{"rendered":"Amedej Vetrih: &#8220;Bireysel de\u011fil, tak\u0131m oyuncusuyum&#8221;"},"content":{"rendered":"<p>\u00c7aykur Rizespor\u2019un yeni transferi Amedej Vetrih, kendisinin bireyselden daha \u00e7ok bir tak\u0131m oyuncusu oldu\u011funu s\u00f6yledi. Vetrih ayr\u0131ca ligin ba\u015flamas\u0131 i\u00e7in de sab\u0131rs\u0131zland\u0131\u011f\u0131n\u0131 ifade etti.<\/p>\n<p>\u00c7aykur Rizespor\u2019un Slovenya\u2019n\u0131n Domzale tak\u0131m\u0131ndan transfer etti\u011fi 28 ya\u015f\u0131ndaki orta saha oyuncusu Amedej Vetrih, bas\u0131n mensuplar\u0131n\u0131n sorular\u0131n\u0131 yan\u0131tlad\u0131. Rizespor\u2019u tercih etti\u011fi i\u00e7in mutlu oldu\u011funu ifade eden Amedej Vetrih, &#8220;\u015eu anda burada olmaktan ve bu tak\u0131m i\u00e7in m\u00fccadele etmekten dolay\u0131 mutlu ve gururluyum. Buraya geldi\u011fimde kar\u015f\u0131lama \u00e7ok iyiydi. Tak\u0131m arkada\u015flar\u0131m ve teknik heyet beni \u00e7ok iyi a\u011f\u0131rlad\u0131lar. \u015eimdilik her \u015fey yolunda gidiyor. Ama uyum sa\u011flamam i\u00e7in biraz daha zamana ihtiyac\u0131m\u0131 olacakt\u0131r. Buraya gelmeden \u00f6nce tak\u0131m hakk\u0131nda her hangi bir ara\u015ft\u0131rma yapacak kadar zaman\u0131m olmad\u0131 ama tak\u0131mda olan Melnjak ile konu\u015ftum. \u00c7\u00fcnk\u00fc benim eski tak\u0131m arkada\u015f\u0131m. Bana \u00e7ok iyi \u015feyler s\u00f6yledi. Gerek \u015fehir hakk\u0131nda gerek kul\u00fcp hakk\u0131nda. O y\u00fczden \u00c7aykur Rizespor\u2019u  tercih etmemdeki en b\u00fcy\u00fck etken bu oldu&#8221; \u015feklinde konu\u015ftu.<\/p>\n<p>&#8220;Olabildi\u011fince fazla ma\u00e7a \u00e7\u0131kmak istiyorum&#8221;<\/p>\n<p>Tak\u0131m olarak iyi bir sezon ge\u00e7irip ligi \u00fcst s\u0131ralarda bitirmek istediklerini kaydeden Sloven futbolcu, &#8220;Ge\u00e7en sezon tak\u0131m\u0131n g\u00f6sterdi\u011fi performans\u0131 biliyorum \u00e7ok iyi i\u015f \u00e7\u0131kard\u0131lar. Bu sezon i\u00e7in hen\u00fcz her \u015fey \u00e7ok taze. Kesin konu\u015fmaktan ka\u00e7\u0131nmay\u0131 tercih ediyorum. S\u00f6yleyece\u011fim tek \u015fey iyi bir oyun oynamak istiyoruz ve tak\u0131m\u0131 en iyi \u015fekilde temsil edip olabildi\u011fince ligi \u00fcst s\u0131rlarda bitirece\u011fiz. Ben burada tak\u0131m i\u00e7in elimden gelenin en iyisini yapmaya \u00e7al\u0131\u015faca\u011f\u0131m. \u00d6zellikle tak\u0131m i\u00e7in bireysel anlamda da elimden geleni yapmaya \u00e7al\u0131\u015faca\u011f\u0131m. Benim i\u00e7in \u00f6nemli olan olabildi\u011fince fazla ma\u00e7a \u00e7\u0131kabilmek forma \u015fans\u0131 bulmak. Ama bu sonu\u00e7ta hocam\u0131z\u0131n takdiri olacakt\u0131r. Ben daha ziyade tak\u0131m oyuncusu oldu\u011fumu d\u00fc\u015f\u00fcn\u00fcyorum. O y\u00fczden gol yada asist anlam\u0131nda b\u00f6yle bir hedef koymuyorum ilk hedefim olabildi\u011fince destek olmak. Neler olup i\u015flerin nas\u0131l gidece\u011fini g\u00f6rece\u011fiz. Ben de tak\u0131m\u0131n i\u00e7in gol at\u0131p asist yapmak istiyorum ama \u015fimdilik lig ba\u015flamadan konu\u015fman\u0131n \u00e7ok erken oldu\u011funu d\u00fc\u015f\u00fcn\u00fcyorum. O y\u00fczden bekleyip g\u00f6rece\u011fiz. Tak\u0131m i\u00e7indeki uyum anlam\u0131nda g\u00f6rd\u00fc\u011f\u00fcm kadar\u0131yla olumlu \u015feyler s\u00f6yleyebilirim. Bir an evvel ligin ba\u015flamas\u0131 i\u00e7in sab\u0131rs\u0131zlan\u0131yorum&#8221; a\u00e7\u0131klamalar\u0131nda bulundu.<\/p>\n","protected":false},"excerpt":{"rendered":"<p>\u00c7AYKUR R\u0130ZESPOR\u2019UN YEN\u0130 TRANSFER\u0130 AMEDEJ VETR\u0130H<\/p>\n","protected":false},"author":1,"featured_media":183747,"comment_status":"closed","ping_status":"open","sticky":false,"template":"","format":"standard","meta":{"jetpack_post_was_ever_published":false,"_jetpack_newsletter_access":"","_jetpack_dont_email_post_to_subs":false,"_jetpack_newsletter_tier_id":0,"_jetpack_memberships_contains_paywalled_content":false,"_jetpack_memberships_contains_paid_content":false,"footnotes":"","jetpack_publicize_message":"","jetpack_publicize_feature_enabled":true,"jetpack_social_post_already_shared":true,"jetpack_social_options":{"image_generator_settings":{"template":"highway","default_image_id":0,"font":"","enabled":false},"version":2}},"categories":[657],"tags":[49,44724,2039,45443,6670,44725],"class_list":["post-183746","post","type-post","status-publish","format-standard","has-post-thumbnail","hentry","category-spor","tag-bireysel","tag-amedej","tag-degil","tag-oyuncusuyum","tag-takim","tag-vetrih"],"jetpack_publicize_connections":[],"jetpack_featured_media_url":"https:\/\/i0.wp.com\/www.tvturk.com\/wp-content\/uploads\/2019\/07\/amedej-vetrih-bireysel-degil-takim-oyuncusuyum_6fede9a.jpg?fit=1000%2C673","jetpack_sharing_enabled":true,"jetpack_shortlink":"https:\/\/wp.me\/paKIfm-LNE","_links":{"self":[{"href":"http:\/\/www.tvturk.com\/index.php\/wp-json\/wp\/v2\/posts\/183746","targetHints":{"allow":["GET"]}}],"collection":[{"href":"http:\/\/www.tvturk.com\/index.php\/wp-json\/wp\/v2\/posts"}],"about":[{"href":"http:\/\/www.tvturk.com\/index.php\/wp-json\/wp\/v2\/types\/post"}],"author":[{"embeddable":true,"href":"http:\/\/www.tvturk.com\/index.php\/wp-json\/wp\/v2\/users\/1"}],"replies":[{"embeddable":true,"href":"http:\/\/www.tvturk.com\/index.php\/wp-json\/wp\/v2\/comments?post=183746"}],"version-history":[{"count":0,"href":"http:\/\/www.tvturk.com\/index.php\/wp-json\/wp\/v2\/posts\/183746\/revisions"}],"wp:featuredmedia":[{"embeddable":true,"href":"http:\/\/www.tvturk.com\/index.php\/wp-json\/wp\/v2\/media\/183747"}],"wp:attachment":[{"href":"http:\/\/www.tvturk.com\/index.php\/wp-json\/wp\/v2\/media?parent=183746"}],"wp:term":[{"taxonomy":"category","embeddable":true,"href":"http:\/\/www.tvturk.com\/index.php\/wp-json\/wp\/v2\/categories?post=183746"},{"taxonomy":"post_tag","embeddable":true,"href":"http:\/\/www.tvturk.com\/index.php\/wp-json\/wp\/v2\/tags?post=183746"}],"curies":[{"name":"wp","href":"https:\/\/api.w.org\/{rel}","templated":true}]}}