{"id":183772,"date":"2019-07-18T17:02:52","date_gmt":"2019-07-18T14:02:52","guid":{"rendered":"http:\/\/www.tvturk.com\/index.php\/mke-ankaragucu-moke-ile-anlasti\/"},"modified":"2019-07-18T17:02:52","modified_gmt":"2019-07-18T14:02:52","slug":"mke-ankaragucu-moke-ile-anlasti","status":"publish","type":"post","link":"http:\/\/www.tvturk.com\/index.php\/mke-ankaragucu-moke-ile-anlasti\/","title":{"rendered":"MKE Ankarag\u00fcc\u00fc, Moke ile anla\u015ft\u0131"},"content":{"rendered":"<p>Transfer \u00e7al\u0131\u015fmalar\u0131n\u0131 s\u00fcrd\u00fcren MKE Ankarag\u00fcc\u00fc, Wilfred Moke ile anla\u015fma sa\u011flad\u0131.<\/p>\n<p>Yeni sezon transfer \u00e7al\u0131\u015fmalar\u0131na devam eden sar\u0131 lacivertli ba\u015fkent ekibi, ge\u00e7ti\u011fimiz sezonun ikinci yar\u0131s\u0131nda tak\u0131ma kat\u0131lan ba\u015far\u0131l\u0131 orta saha oyuncusu Wilfred Moke ile 2 y\u0131ll\u0131k s\u00f6zle\u015fme imzalad\u0131.<\/p>\n","protected":false},"excerpt":{"rendered":"<p>TRANSFER \u00c7ALI\u015eMALARINI S\u00dcRD\u00dcREN MKE ANKARAG\u00dcC\u00dc, W\u0130LFRED MOKE \u0130LE ANLA\u015eMA SA\u011eLADI.<\/p>\n","protected":false},"author":1,"featured_media":183773,"comment_status":"closed","ping_status":"open","sticky":false,"template":"","format":"standard","meta":{"jetpack_post_was_ever_published":false,"_jetpack_newsletter_access":"","_jetpack_dont_email_post_to_subs":false,"_jetpack_newsletter_tier_id":0,"_jetpack_memberships_contains_paywalled_content":false,"_jetpack_memberships_contains_paid_content":false,"footnotes":"","jetpack_publicize_message":"","jetpack_publicize_feature_enabled":true,"jetpack_social_post_already_shared":true,"jetpack_social_options":{"image_generator_settings":{"template":"highway","default_image_id":0,"font":"","enabled":false},"version":2}},"categories":[657],"tags":[8184,6579,192,9906,45452],"class_list":["post-183772","post","type-post","status-publish","format-standard","has-post-thumbnail","hentry","category-spor","tag-ankaragucu","tag-anlasti","tag-ile","tag-mke","tag-moke"],"jetpack_publicize_connections":[],"jetpack_featured_media_url":"https:\/\/i0.wp.com\/www.tvturk.com\/wp-content\/uploads\/2019\/07\/mke-ankaragucu-moke-ile-anlasti_649a313.jpg?fit=1000%2C666","jetpack_sharing_enabled":true,"jetpack_shortlink":"https:\/\/wp.me\/paKIfm-LO4","_links":{"self":[{"href":"http:\/\/www.tvturk.com\/index.php\/wp-json\/wp\/v2\/posts\/183772","targetHints":{"allow":["GET"]}}],"collection":[{"href":"http:\/\/www.tvturk.com\/index.php\/wp-json\/wp\/v2\/posts"}],"about":[{"href":"http:\/\/www.tvturk.com\/index.php\/wp-json\/wp\/v2\/types\/post"}],"author":[{"embeddable":true,"href":"http:\/\/www.tvturk.com\/index.php\/wp-json\/wp\/v2\/users\/1"}],"replies":[{"embeddable":true,"href":"http:\/\/www.tvturk.com\/index.php\/wp-json\/wp\/v2\/comments?post=183772"}],"version-history":[{"count":0,"href":"http:\/\/www.tvturk.com\/index.php\/wp-json\/wp\/v2\/posts\/183772\/revisions"}],"wp:featuredmedia":[{"embeddable":true,"href":"http:\/\/www.tvturk.com\/index.php\/wp-json\/wp\/v2\/media\/183773"}],"wp:attachment":[{"href":"http:\/\/www.tvturk.com\/index.php\/wp-json\/wp\/v2\/media?parent=183772"}],"wp:term":[{"taxonomy":"category","embeddable":true,"href":"http:\/\/www.tvturk.com\/index.php\/wp-json\/wp\/v2\/categories?post=183772"},{"taxonomy":"post_tag","embeddable":true,"href":"http:\/\/www.tvturk.com\/index.php\/wp-json\/wp\/v2\/tags?post=183772"}],"curies":[{"name":"wp","href":"https:\/\/api.w.org\/{rel}","templated":true}]}}