{"id":183788,"date":"2019-07-18T17:31:52","date_gmt":"2019-07-18T14:31:52","guid":{"rendered":"http:\/\/www.tvturk.com\/index.php\/acili-baba-benim-cigerlerim-yandi-baskasinin-yanmasin\/"},"modified":"2019-07-18T17:31:52","modified_gmt":"2019-07-18T14:31:52","slug":"acili-baba-benim-cigerlerim-yandi-baskasinin-yanmasin","status":"publish","type":"post","link":"http:\/\/www.tvturk.com\/index.php\/acili-baba-benim-cigerlerim-yandi-baskasinin-yanmasin\/","title":{"rendered":"Ac\u0131l\u0131 baba: &#8220;Benim ci\u011ferlerim yand\u0131 ba\u015fkas\u0131n\u0131n yanmas\u0131n&#8221;"},"content":{"rendered":"<p>Tunceli\u2019nin Ovac\u0131k il\u00e7esindeki bir mezrada ter\u00f6ristlerin \u00f6nceden yerle\u015ftirdi\u011fi tahmin edilen patlay\u0131c\u0131n\u0131n infilak etmesi sonucu 2 \u00e7ocu\u011fu hayat\u0131n\u0131 kaybeden baba Ekber G\u00fclo\u011flu, &#8220;Benim ci\u011ferlerim yand\u0131 ba\u015fkas\u0131n\u0131n yanmas\u0131n&#8221; dedi.<\/p>\n<p>CHP Elaz\u0131\u011f Milletvekili G\u00fcrsel Erol, beraberinde Pertek ve Ovac\u0131k Belediye Ba\u015fkanlar\u0131yla birlikte  Ovac\u0131k \u0130l\u00e7esi Bilge\u00e7 k\u00f6y\u00fc \u00c7ak\u0131lyayla mezras\u0131nda ter\u00f6r \u00f6rg\u00fct\u00fc PKK\u2019l\u0131 ter\u00f6ristlerin \u00f6nceden yerle\u015ftirdi\u011fi patlay\u0131c\u0131n\u0131n infilak etmesi sonucu \u00f6len 8 ya\u015f\u0131ndaki Ayaz ile 4 ya\u015f\u0131ndaki Nupelda\u2019n\u0131n  ailesi\u2019ni ziyaret  etti. Taziye verip baba Ekber ve anne Cevriye G\u00fclo\u011flu g\u00f6r\u00fc\u015fen Erol, CHP Genel Ba\u015fkan\u0131 Kemal K\u0131l\u0131\u00e7daro\u011flu\u2019nun ba\u015fsa\u011fl\u0131\u011f\u0131 dileklerini iletti.<\/p>\n<p>Olay an\u0131n\u0131 anlatan baba Ekber G\u00fclo\u011flu, Nupelda ve Ayaz\u2019\u0131n olay g\u00fcn\u00fc yemek yedikten sonra d\u0131\u015far\u0131 \u00e7\u0131kt\u0131klar\u0131n\u0131 belirterek, \u201c\u0130ki \u00fc\u00e7 dakika sonra patlama meydana geldi. Gitti\u011fimizde ikisi de yerdeydi. Nereden geldi, neydi bilmiyoruz. O b\u00f6lgeden s\u00fcrekli \u00e7ocuklar, biz ge\u00e7iyorduk, hayvanlar\u0131m\u0131z ge\u00e7iyordu. Benim ci\u011ferlerim yand\u0131 ba\u015fkas\u0131n\u0131n yanmas\u0131n art\u0131k\u201d dedi.<\/p>\n<p>Daha sonra Erol anne Cevriye, baba Ekber G\u00fclo\u011flu ile yak\u0131nlar\u0131 Nupelda ve Ayaz\u2019\u0131n mezar\u0131n\u0131 ziyaret etti. G\u00f6zya\u015flar\u0131n\u0131n d\u00f6k\u00fcld\u00fc\u011f\u00fc ziyarette anne Cevriye G\u00fclo\u011flu ise Zazaca a\u011f\u0131tlar yakt\u0131.<\/p>\n","protected":false},"excerpt":{"rendered":"<p>CHP ELAZI\u011e M\u0130LLETVEK\u0130L\u0130 G\u00dcRSEL EROL, OVACIK \u0130L\u00c7ES\u0130\u2019NDEK\u0130 PATLAMADA \u0130K\u0130 \u00c7OCU\u011eUNU KAYBEDEN G\u00dcLO\u011eLU A\u0130LES\u0130N\u0130 Z\u0130YARET EDEREK BA\u015eSA\u011eLI\u011eI D\u0130LED\u0130.<\/p>\n","protected":false},"author":1,"featured_media":183789,"comment_status":"closed","ping_status":"open","sticky":false,"template":"","format":"standard","meta":{"jetpack_post_was_ever_published":false,"_jetpack_newsletter_access":"","_jetpack_dont_email_post_to_subs":false,"_jetpack_newsletter_tier_id":0,"_jetpack_memberships_contains_paywalled_content":false,"_jetpack_memberships_contains_paid_content":false,"footnotes":"","jetpack_publicize_message":"","jetpack_publicize_feature_enabled":true,"jetpack_social_post_already_shared":true,"jetpack_social_options":{"image_generator_settings":{"template":"highway","default_image_id":0,"font":"","enabled":false},"version":2}},"categories":[1],"tags":[6470,1360,18370,13964,45457,1222,45458],"class_list":["post-183788","post","type-post","status-publish","format-standard","has-post-thumbnail","hentry","category-genel","tag-acili","tag-baba","tag-baskasinin","tag-benim","tag-cigerlerim","tag-yandi","tag-yanmasin"],"jetpack_publicize_connections":[],"jetpack_featured_media_url":"https:\/\/i0.wp.com\/www.tvturk.com\/wp-content\/uploads\/2019\/07\/acili-baba-benim-cigerlerim-yandi-baskasinin-yanmasin_eddfc68.jpg?fit=1000%2C750","jetpack_sharing_enabled":true,"jetpack_shortlink":"https:\/\/wp.me\/paKIfm-LOk","_links":{"self":[{"href":"http:\/\/www.tvturk.com\/index.php\/wp-json\/wp\/v2\/posts\/183788","targetHints":{"allow":["GET"]}}],"collection":[{"href":"http:\/\/www.tvturk.com\/index.php\/wp-json\/wp\/v2\/posts"}],"about":[{"href":"http:\/\/www.tvturk.com\/index.php\/wp-json\/wp\/v2\/types\/post"}],"author":[{"embeddable":true,"href":"http:\/\/www.tvturk.com\/index.php\/wp-json\/wp\/v2\/users\/1"}],"replies":[{"embeddable":true,"href":"http:\/\/www.tvturk.com\/index.php\/wp-json\/wp\/v2\/comments?post=183788"}],"version-history":[{"count":0,"href":"http:\/\/www.tvturk.com\/index.php\/wp-json\/wp\/v2\/posts\/183788\/revisions"}],"wp:featuredmedia":[{"embeddable":true,"href":"http:\/\/www.tvturk.com\/index.php\/wp-json\/wp\/v2\/media\/183789"}],"wp:attachment":[{"href":"http:\/\/www.tvturk.com\/index.php\/wp-json\/wp\/v2\/media?parent=183788"}],"wp:term":[{"taxonomy":"category","embeddable":true,"href":"http:\/\/www.tvturk.com\/index.php\/wp-json\/wp\/v2\/categories?post=183788"},{"taxonomy":"post_tag","embeddable":true,"href":"http:\/\/www.tvturk.com\/index.php\/wp-json\/wp\/v2\/tags?post=183788"}],"curies":[{"name":"wp","href":"https:\/\/api.w.org\/{rel}","templated":true}]}}