{"id":183812,"date":"2019-07-18T18:16:41","date_gmt":"2019-07-18T15:16:41","guid":{"rendered":"http:\/\/www.tvturk.com\/index.php\/adanada-saganak-yagis-su-baskinlarina-neden-oldu\/"},"modified":"2019-07-18T18:16:41","modified_gmt":"2019-07-18T15:16:41","slug":"adanada-saganak-yagis-su-baskinlarina-neden-oldu","status":"publish","type":"post","link":"http:\/\/www.tvturk.com\/index.php\/adanada-saganak-yagis-su-baskinlarina-neden-oldu\/","title":{"rendered":"Adana\u2019da sa\u011fanak ya\u011f\u0131\u015f su bask\u0131nlar\u0131na neden oldu"},"content":{"rendered":"<p>Adana\u2019da sa\u011fanak ya\u011f\u0131\u015f nedeniyle ev ve i\u015f yerleri su i\u00e7inde kal\u0131rken bir ara\u00e7 su birikintisinde ar\u0131zaland\u0131.<\/p>\n<p>\u00d6\u011fleden sonra ba\u015flayan sa\u011fanak kenti olumsuz etkiledi. Ye\u015filyurt ve Huzurevleri mahallelerinde ev ve i\u015f yerlerini su bast\u0131. Yollarda olu\u015fan su birikintileri nedeniyle ara\u00e7lar araz\u0131 yapt\u0131. Ye\u015filyurt Mahallesinde bir sokak su i\u00e7inde kal\u0131nca i\u015f yeri ve evleri su bast\u0131.<\/p>\n<p>\u0130\u015f yerleri su i\u00e7inde kalan vatanda\u015flar her ya\u011fmurda ayn\u0131 manzara ile kar\u015f\u0131la\u015ft\u0131klar\u0131n\u0131 soka\u011f\u0131n bulvara \u00e7\u0131kan taraf\u0131n\u0131n y\u00fcksek olmas\u0131ndan dolay\u0131 su bask\u0131n\u0131 ya\u015fand\u0131\u011f\u0131n\u0131 s\u00f6yledi. Vatanda\u015flar i\u015f yerlerini basan suyu kendi imkanlar\u0131yla bo\u015faltmaya \u00e7al\u0131\u015ft\u0131.<\/p>\n","protected":false},"excerpt":{"rendered":"<p>ADANA&#8217;DA SA\u011eANAK YA\u011eI\u015e NEDEN\u0130YLE EV VE \u0130\u015e YERLER\u0130 SU \u0130\u00c7\u0130NDE KALIRKEN B\u0130R ARA\u00c7 SU B\u0130R\u0130K\u0130NT\u0130S\u0130NDE ARIZALANDI.<\/p>\n","protected":false},"author":1,"featured_media":183813,"comment_status":"closed","ping_status":"open","sticky":false,"template":"","format":"standard","meta":{"jetpack_post_was_ever_published":false,"_jetpack_newsletter_access":"","_jetpack_dont_email_post_to_subs":false,"_jetpack_newsletter_tier_id":0,"_jetpack_memberships_contains_paywalled_content":false,"_jetpack_memberships_contains_paid_content":false,"footnotes":"","jetpack_publicize_message":"","jetpack_publicize_feature_enabled":true,"jetpack_social_post_already_shared":true,"jetpack_social_options":{"image_generator_settings":{"template":"highway","default_image_id":0,"font":"","enabled":false},"version":2}},"categories":[1],"tags":[2887,10580,1130,77,4463,1577],"class_list":["post-183812","post","type-post","status-publish","format-standard","has-post-thumbnail","hentry","category-genel","tag-adanada","tag-baskinlarina","tag-neden","tag-oldu","tag-saganak","tag-yagis"],"jetpack_publicize_connections":[],"jetpack_featured_media_url":"https:\/\/i0.wp.com\/www.tvturk.com\/wp-content\/uploads\/2019\/07\/adanada-saganak-yagis-su-baskinlarina-neden-oldu_1242827.jpg?fit=1000%2C666","jetpack_sharing_enabled":true,"jetpack_shortlink":"https:\/\/wp.me\/paKIfm-LOI","_links":{"self":[{"href":"http:\/\/www.tvturk.com\/index.php\/wp-json\/wp\/v2\/posts\/183812","targetHints":{"allow":["GET"]}}],"collection":[{"href":"http:\/\/www.tvturk.com\/index.php\/wp-json\/wp\/v2\/posts"}],"about":[{"href":"http:\/\/www.tvturk.com\/index.php\/wp-json\/wp\/v2\/types\/post"}],"author":[{"embeddable":true,"href":"http:\/\/www.tvturk.com\/index.php\/wp-json\/wp\/v2\/users\/1"}],"replies":[{"embeddable":true,"href":"http:\/\/www.tvturk.com\/index.php\/wp-json\/wp\/v2\/comments?post=183812"}],"version-history":[{"count":0,"href":"http:\/\/www.tvturk.com\/index.php\/wp-json\/wp\/v2\/posts\/183812\/revisions"}],"wp:featuredmedia":[{"embeddable":true,"href":"http:\/\/www.tvturk.com\/index.php\/wp-json\/wp\/v2\/media\/183813"}],"wp:attachment":[{"href":"http:\/\/www.tvturk.com\/index.php\/wp-json\/wp\/v2\/media?parent=183812"}],"wp:term":[{"taxonomy":"category","embeddable":true,"href":"http:\/\/www.tvturk.com\/index.php\/wp-json\/wp\/v2\/categories?post=183812"},{"taxonomy":"post_tag","embeddable":true,"href":"http:\/\/www.tvturk.com\/index.php\/wp-json\/wp\/v2\/tags?post=183812"}],"curies":[{"name":"wp","href":"https:\/\/api.w.org\/{rel}","templated":true}]}}