{"id":183822,"date":"2019-07-18T18:33:03","date_gmt":"2019-07-18T15:33:03","guid":{"rendered":"http:\/\/www.tvturk.com\/index.php\/tomer-ogrencilerinden-renkli-mezuniyet\/"},"modified":"2019-07-18T18:33:03","modified_gmt":"2019-07-18T15:33:03","slug":"tomer-ogrencilerinden-renkli-mezuniyet","status":"publish","type":"post","link":"http:\/\/www.tvturk.com\/index.php\/tomer-ogrencilerinden-renkli-mezuniyet\/","title":{"rendered":"T\u00d6MER \u00f6\u011frencilerinden renkli mezuniyet"},"content":{"rendered":"<p>Anadolu \u00dcniversitesi T\u00fcrk\u00e7e \u00d6\u011fretimi Uygulama ve Ara\u015ft\u0131rma Merkezi\u2019nde (T\u00d6MER) e\u011fitimini ba\u015far\u0131yla tamamlayan \u00f6\u011frencileri d\u00fczenlenen programlar ile mezuniyet diplomalar\u0131n\u0131 ald\u0131.<\/p>\n<p>Anadolu \u00dcniversitesi \u00d6\u011frenci Merkezi Salon 2016\u2019da ger\u00e7ekle\u015ftirilen mezuniyet t\u00f6reninde 100\u2019e yak\u0131n \u00f6\u011frenci diplomalar\u0131n\u0131 ald\u0131. \u0130stiklal Mar\u015f\u0131 ve sayg\u0131 duru\u015funda bulunulmas\u0131yla ba\u015flayan programda \u00f6\u011frenciler T\u00fcrk\u00e7e \u015fark\u0131lar, \u015fiirler ve halk oyunlar\u0131n\u0131n yan\u0131 s\u0131ra kendi k\u00fclt\u00fcrlerine ait g\u00f6steriler d\u00fczenledi. Renkli g\u00f6r\u00fcnt\u00fclere de sahne olan programda \u00f6\u011frenciler diplomalar\u0131n\u0131 T\u00d6MER M\u00fcd\u00fcr\u00fc \u00d6\u011fretim G\u00f6revlisi Dr. Ferdi Bozkurt, Rekt\u00f6r Yard\u0131mc\u0131s\u0131 Prof. Dr. G\u00fcler G\u00fcnsoy ve di\u011fer e\u011fitim personellerinin elinden ald\u0131.<\/p>\n<p>\u201cG\u00f6n\u00fclleri fethetmekte oldu\u011fumuzun bilincindeyiz\u201d<\/p>\n<p>Yapt\u0131\u011f\u0131 konu\u015fmada, T\u00d6MER \u00f6\u011frencilerini b\u00f6l\u00fcmlerine g\u00f6ndermenin sevincini ya\u015fad\u0131klar\u0131n\u0131 ifade eden T\u00d6MER M\u00fcd\u00fcr\u00fc \u00d6\u011fretim G\u00f6revlisi Dr. Ferdi Bozkurt, \u201cBug\u00fcn 60 y\u0131ll\u0131k ge\u00e7mi\u015fe sahip \u00fcniversitemizin T\u00fcrk\u00e7e \u00d6\u011fretimi Uygulama ve Ara\u015ft\u0131rma Merkezinin 3\u2019\u00fcnc\u00fc mezunlar\u0131n\u0131 veriyoruz. Ama Anadolu T\u00d6MER olarak ilk g\u00fcnk\u00fc heyecan\u0131m\u0131z devam etmektedir. \u00c7\u00fcnk\u00fc hocalar\u0131m ve ben sadece T\u00fcrk\u00e7e \u00f6\u011fretmedi\u011fimizin, Fatih Sultan Mehmet\u2019in de\u011fi\u015fiyle \u201cG\u00f6n\u00fclleri fethetmekte\u201d oldu\u011fumuzun bilincindeyiz. Siz \u00f6\u011frencilerimize T\u00fcrk\u00e7eyi \u00f6\u011frettik, art\u0131k b\u00f6l\u00fcmlerinize g\u00f6nderiyoruz. Ne mutlu ki art\u0131k sizler de T\u00fcrk\u00e7eyi biliyorsunuz. Sizler dilimizi \u00f6\u011frendiniz ve dolay\u0131s\u0131yla k\u00fclt\u00fcr\u00fcm\u00fcz\u00fcn kap\u0131lar\u0131n\u0131 aralay\u0131p i\u00e7eri girdiniz. T\u00fcrk\u00e7e, \u00f6\u011frenilmesi zor oldu\u011fu kadar \u00f6\u011fretilmesi de zor bir dildir. Burada ilk g\u00fcnden beri sizler i\u00e7in yo\u011fun bir \u015fekilde emek veren t\u00fcm hocalar\u0131m\u0131za teker teker y\u00fcrekten te\u015fekk\u00fcr ediyorum\u201d ifadelerini kulland\u0131.<\/p>\n<p>\u201cG\u00f6n\u00fcll\u00fc el\u00e7ileri olmu\u015f haline geliyorsunuz\u201d<\/p>\n<p>Rekt\u00f6r Yard\u0131mc\u0131s\u0131 Prof. Dr. G\u00fcler G\u00fcnsoy da t\u00f6rende yapt\u0131\u011f\u0131 konu\u015fmada, T\u00fcrk\u00e7e \u00f6\u011frenen herkesin art\u0131k bir g\u00f6n\u00fcll\u00fc el\u00e7i oldu\u011funu ifade etti. G\u00fcnsoy, \u201cT\u00fcrk dili \u00f6zellikle s\u0131n\u0131rlar\u0131m\u0131za s\u0131\u011fmayan bir d\u00fcnya dili hepimizin bildi\u011fi gibi. T\u00fcrk\u00e7emiz, Balkanlardan ba\u015flayarak, Hazar G\u00f6l\u00fc k\u0131y\u0131s\u0131na kadar uzanan geni\u015f bir co\u011frafyada hakim olan bir dildir. Sadece T\u00fcrk\u00e7e ile balkanlardan Sibirya\u2019ya kadar ilerlememiz \u00e7ok m\u00fcmk\u00fcnd\u00fcr. T\u00d6MER sayesinde bu g\u00fczel dil, d\u00fcnyan\u0131n \u00e7ok farkl\u0131 co\u011frafyas\u0131ndan gelen dostlar\u0131m\u0131z taraf\u0131ndan konu\u015fulur hale gelmi\u015ftir. T\u00fcrkiye\u2019nin sahip oldu\u011fu bu zenginlikler ile T\u00fcrk\u00e7e bilen dostlar\u0131m\u0131z artt\u0131k\u00e7a, yani sizlerin bu dili \u00f6\u011frenmesiyle birlikte daha da b\u00fcy\u00fcmektedir. Burada \u00f6\u011frendikleri T\u00fcrk\u00e7e ile farkl\u0131 co\u011frafyalardaki \u00fclkelerinize d\u00f6nd\u00fc\u011f\u00fcn\u00fcz zaman T\u00d6MER mezunu ve T\u00fcrk\u00e7e bilen insanlar olarak \u00fclkemizin de ayn\u0131 zamanda g\u00f6n\u00fcll\u00fc el\u00e7ileri olmu\u015f haline geliyorsunuz. Bu nedenle T\u00fcrk\u00e7emiz ayn\u0131 zamanda bir g\u00f6n\u00fcl k\u00f6pr\u00fcs\u00fcd\u00fcr. \u0130n\u015fallah bundan sonra e\u011fitim hayatlar\u0131nda da ba\u015far\u0131l\u0131 olmalar\u0131n\u0131 diliyorum ve g\u00fczel T\u00fcrk\u00e7emizi unutmadan her gittikleri yerlerde s\u00fcrekli konu\u015fmalar\u0131n\u0131 temenni ediyorum\u201d dedi.<\/p>\n","protected":false},"excerpt":{"rendered":"<p>T\u00d6MER M\u00dcD\u00dcR\u00dc \u00d6\u011eRET\u0130M G\u00d6REVL\u0130S\u0130 DR. FERD\u0130 BOZKURT, YAPTI\u011eI KONU\u015eMADA T\u00d6MER \u00d6\u011eRENC\u0130LER\u0130N\u0130 B\u00d6L\u00dcMLER\u0130NE G\u00d6NDERMEN\u0130N SEV\u0130NC\u0130N\u0130 YA\u015eADIKLARINI \u0130FADE ETT\u0130<\/p>\n","protected":false},"author":1,"featured_media":183823,"comment_status":"closed","ping_status":"open","sticky":false,"template":"","format":"standard","meta":{"jetpack_post_was_ever_published":false,"_jetpack_newsletter_access":"","_jetpack_dont_email_post_to_subs":false,"_jetpack_newsletter_tier_id":0,"_jetpack_memberships_contains_paywalled_content":false,"_jetpack_memberships_contains_paid_content":false,"footnotes":"","jetpack_publicize_message":"","jetpack_publicize_feature_enabled":true,"jetpack_social_post_already_shared":true,"jetpack_social_options":{"image_generator_settings":{"template":"highway","default_image_id":0,"font":"","enabled":false},"version":2}},"categories":[1],"tags":[820,10936,4128,45467],"class_list":["post-183822","post","type-post","status-publish","format-standard","has-post-thumbnail","hentry","category-genel","tag-mezuniyet","tag-ogrencilerinden","tag-renkli","tag-tomer"],"jetpack_publicize_connections":[],"jetpack_featured_media_url":"https:\/\/i0.wp.com\/www.tvturk.com\/wp-content\/uploads\/2019\/07\/tomer-ogrencilerinden-renkli-mezuniyet_a685d1a.jpg?fit=1000%2C666","jetpack_sharing_enabled":true,"jetpack_shortlink":"https:\/\/wp.me\/paKIfm-LOS","_links":{"self":[{"href":"http:\/\/www.tvturk.com\/index.php\/wp-json\/wp\/v2\/posts\/183822","targetHints":{"allow":["GET"]}}],"collection":[{"href":"http:\/\/www.tvturk.com\/index.php\/wp-json\/wp\/v2\/posts"}],"about":[{"href":"http:\/\/www.tvturk.com\/index.php\/wp-json\/wp\/v2\/types\/post"}],"author":[{"embeddable":true,"href":"http:\/\/www.tvturk.com\/index.php\/wp-json\/wp\/v2\/users\/1"}],"replies":[{"embeddable":true,"href":"http:\/\/www.tvturk.com\/index.php\/wp-json\/wp\/v2\/comments?post=183822"}],"version-history":[{"count":0,"href":"http:\/\/www.tvturk.com\/index.php\/wp-json\/wp\/v2\/posts\/183822\/revisions"}],"wp:featuredmedia":[{"embeddable":true,"href":"http:\/\/www.tvturk.com\/index.php\/wp-json\/wp\/v2\/media\/183823"}],"wp:attachment":[{"href":"http:\/\/www.tvturk.com\/index.php\/wp-json\/wp\/v2\/media?parent=183822"}],"wp:term":[{"taxonomy":"category","embeddable":true,"href":"http:\/\/www.tvturk.com\/index.php\/wp-json\/wp\/v2\/categories?post=183822"},{"taxonomy":"post_tag","embeddable":true,"href":"http:\/\/www.tvturk.com\/index.php\/wp-json\/wp\/v2\/tags?post=183822"}],"curies":[{"name":"wp","href":"https:\/\/api.w.org\/{rel}","templated":true}]}}